{"id":2301,"date":"2023-07-07T08:40:39","date_gmt":"2023-07-07T06:40:39","guid":{"rendered":"https:\/\/udruga-106br.hr\/?p=2301"},"modified":"2025-10-17T21:53:24","modified_gmt":"2025-10-17T19:53:24","slug":"svecana-sjednica-vijeca-gradske-cetvrti-novi-grad","status":"publish","type":"post","link":"https:\/\/udruga-106br.hr\/index.php\/svecana-sjednica-vijeca-gradske-cetvrti-novi-grad\/","title":{"rendered":"Sve\u010dana sjednica Vije\u0107a Gradske \u010detvrti Novi grad"},"content":{"rendered":"\n<p>Dana 6. srpnja 2023. godine, predstavnici Udruge 106. brigade ZNG RH su sudjelovali na sve\u010danoj sjednici Vije\u0107a Gradske \u010detvrti Novi grad, koja je odr\u017eana u amfiteatru na Sjenjaku. Ovaj zna\u010dajan doga\u0111aj okupio je ugledne goste i \u010dlanove zajednice, lokalne vlasti i zajednicu kako bi se obilje\u017eila va\u017ena povijesna epoha i proslavili postignuti uspjesi.<\/p>\n\n\n\n<figure class=\"wp-block-image size-large\"><img loading=\"lazy\" decoding=\"async\" width=\"1024\" height=\"576\" src=\"https:\/\/udruga-106br.hr\/wp-content\/uploads\/2023\/07\/IMG-dbe646ed23509b95dcaf06008f903926-V-1024x576.jpg\" alt=\"\" class=\"wp-image-2302\" srcset=\"https:\/\/udruga-106br.hr\/wp-content\/uploads\/2023\/07\/IMG-dbe646ed23509b95dcaf06008f903926-V-1024x576.jpg 1024w, https:\/\/udruga-106br.hr\/wp-content\/uploads\/2023\/07\/IMG-dbe646ed23509b95dcaf06008f903926-V-300x169.jpg 300w, https:\/\/udruga-106br.hr\/wp-content\/uploads\/2023\/07\/IMG-dbe646ed23509b95dcaf06008f903926-V-768x432.jpg 768w, https:\/\/udruga-106br.hr\/wp-content\/uploads\/2023\/07\/IMG-dbe646ed23509b95dcaf06008f903926-V-1536x864.jpg 1536w, https:\/\/udruga-106br.hr\/wp-content\/uploads\/2023\/07\/IMG-dbe646ed23509b95dcaf06008f903926-V.jpg 1600w\" sizes=\"auto, (max-width: 1024px) 100vw, 1024px\" \/><\/figure>\n\n\n\n<p><\/p>\n\n\n\n<figure class=\"wp-block-gallery has-nested-images columns-default is-cropped wp-block-gallery-1 is-layout-flex wp-block-gallery-is-layout-flex\">\n<figure class=\"wp-block-image size-large\"><img loading=\"lazy\" decoding=\"async\" width=\"768\" height=\"1024\" data-id=\"2306\" src=\"https:\/\/udruga-106br.hr\/wp-content\/uploads\/2023\/07\/20230706_203035-768x1024.jpg\" alt=\"\" class=\"wp-image-2306\" srcset=\"https:\/\/udruga-106br.hr\/wp-content\/uploads\/2023\/07\/20230706_203035-768x1024.jpg 768w, https:\/\/udruga-106br.hr\/wp-content\/uploads\/2023\/07\/20230706_203035-225x300.jpg 225w, https:\/\/udruga-106br.hr\/wp-content\/uploads\/2023\/07\/20230706_203035-1152x1536.jpg 1152w, https:\/\/udruga-106br.hr\/wp-content\/uploads\/2023\/07\/20230706_203035-1536x2048.jpg 1536w, https:\/\/udruga-106br.hr\/wp-content\/uploads\/2023\/07\/20230706_203035-scaled.jpg 1920w\" sizes=\"auto, (max-width: 768px) 100vw, 768px\" \/><\/figure>\n\n\n\n<figure class=\"wp-block-image size-large\"><img loading=\"lazy\" decoding=\"async\" width=\"1024\" height=\"576\" data-id=\"2304\" src=\"https:\/\/udruga-106br.hr\/wp-content\/uploads\/2023\/07\/IMG-335fdf23eae40e7d8e484c1941ec59bb-V-1024x576.jpg\" alt=\"\" class=\"wp-image-2304\" srcset=\"https:\/\/udruga-106br.hr\/wp-content\/uploads\/2023\/07\/IMG-335fdf23eae40e7d8e484c1941ec59bb-V-1024x576.jpg 1024w, https:\/\/udruga-106br.hr\/wp-content\/uploads\/2023\/07\/IMG-335fdf23eae40e7d8e484c1941ec59bb-V-300x169.jpg 300w, https:\/\/udruga-106br.hr\/wp-content\/uploads\/2023\/07\/IMG-335fdf23eae40e7d8e484c1941ec59bb-V-768x432.jpg 768w, https:\/\/udruga-106br.hr\/wp-content\/uploads\/2023\/07\/IMG-335fdf23eae40e7d8e484c1941ec59bb-V-1536x864.jpg 1536w, https:\/\/udruga-106br.hr\/wp-content\/uploads\/2023\/07\/IMG-335fdf23eae40e7d8e484c1941ec59bb-V.jpg 1600w\" sizes=\"auto, (max-width: 1024px) 100vw, 1024px\" \/><\/figure>\n<\/figure>\n\n\n\n<p>Dru\u017eenje i domjenak koji su uslijedili nakon sjednice predstavljali su prigodu za povezivanje i razmjenu iskustava me\u0111u \u010dlanovima Udruge 106. brigade ZNG RH te drugim sudionicima doga\u0111aja. Ovaj neformalni dio programa omogu\u0107io je stvaranje ja\u010dih veza unutar zajednice te dodatno osna\u017eio osje\u0107aj zajedni\u0161tva me\u0111u prisutnima.<\/p>\n<!-- AddThis Advanced Settings generic via filter on the_content --><!-- AddThis Share Buttons generic via filter on the_content -->","protected":false},"excerpt":{"rendered":"<p>Dana 6. srpnja 2023. godine, predstavnici Udruge 106. brigade ZNG RH su sudjelovali na sve\u010danoj sjednici Vije\u0107a Gradske \u010detvrti Novi grad, koja je odr\u017eana u amfiteatru na Sjenjaku. Ovaj zna\u010dajan doga\u0111aj okupio je ugledne goste i \u010dlanove zajednice, lokalne vlasti i zajednicu kako bi se obilje\u017eila va\u017ena povijesna epoha i proslavili postignuti uspjesi. Dru\u017eenje i &hellip; <a href=\"https:\/\/udruga-106br.hr\/index.php\/svecana-sjednica-vijeca-gradske-cetvrti-novi-grad\/\" class=\"more-link\">Nastavi \u010ditati <span class=\"screen-reader-text\">Sve\u010dana sjednica Vije\u0107a Gradske \u010detvrti Novi grad<\/span><\/a><!-- AddThis Advanced Settings generic via filter on get_the_excerpt --><!-- AddThis Share Buttons generic via filter on get_the_excerpt --><\/p>\n","protected":false},"author":1,"featured_media":0,"comment_status":"closed","ping_status":"closed","sticky":false,"template":"","format":"standard","meta":{"footnotes":""},"categories":[32],"tags":[],"class_list":["post-2301","post","type-post","status-publish","format-standard","hentry","category-iz-zivota-udruge"],"_links":{"self":[{"href":"https:\/\/udruga-106br.hr\/index.php\/wp-json\/wp\/v2\/posts\/2301","targetHints":{"allow":["GET"]}}],"collection":[{"href":"https:\/\/udruga-106br.hr\/index.php\/wp-json\/wp\/v2\/posts"}],"about":[{"href":"https:\/\/udruga-106br.hr\/index.php\/wp-json\/wp\/v2\/types\/post"}],"author":[{"embeddable":true,"href":"https:\/\/udruga-106br.hr\/index.php\/wp-json\/wp\/v2\/users\/1"}],"replies":[{"embeddable":true,"href":"https:\/\/udruga-106br.hr\/index.php\/wp-json\/wp\/v2\/comments?post=2301"}],"version-history":[{"count":2,"href":"https:\/\/udruga-106br.hr\/index.php\/wp-json\/wp\/v2\/posts\/2301\/revisions"}],"predecessor-version":[{"id":3436,"href":"https:\/\/udruga-106br.hr\/index.php\/wp-json\/wp\/v2\/posts\/2301\/revisions\/3436"}],"wp:attachment":[{"href":"https:\/\/udruga-106br.hr\/index.php\/wp-json\/wp\/v2\/media?parent=2301"}],"wp:term":[{"taxonomy":"category","embeddable":true,"href":"https:\/\/udruga-106br.hr\/index.php\/wp-json\/wp\/v2\/categories?post=2301"},{"taxonomy":"post_tag","embeddable":true,"href":"https:\/\/udruga-106br.hr\/index.php\/wp-json\/wp\/v2\/tags?post=2301"}],"curies":[{"name":"wp","href":"https:\/\/api.w.org\/{rel}","templated":true}]}}