{"id":2309,"date":"2023-07-07T14:18:43","date_gmt":"2023-07-07T12:18:43","guid":{"rendered":"https:\/\/udruga-106br.hr\/?p=2309"},"modified":"2025-10-17T21:53:24","modified_gmt":"2025-10-17T19:53:24","slug":"obiljezavanje-32-obljetnice-pogibije-hrvatskih-branitelja-u-tenji-damira-hornunga-franje-jusupa-zdravka-rittgassera-dure-kisa-i-marka-zegnala","status":"publish","type":"post","link":"https:\/\/udruga-106br.hr\/index.php\/obiljezavanje-32-obljetnice-pogibije-hrvatskih-branitelja-u-tenji-damira-hornunga-franje-jusupa-zdravka-rittgassera-dure-kisa-i-marka-zegnala\/","title":{"rendered":"Obilje\u017eavanje 32. obljetnice pogibije hrvatskih branitelja u Tenji: Damira Hornunga, Franje Jusupa, Zdravka Rittgassera, \u0110ure Ki\u0161a i Marka Zegnala"},"content":{"rendered":"\n<p>Udruga 106. brigade ZNG RH prisustvovala je obilje\u017eavanju 32. obljetnice pogibije hrvatskih branitelja u Tenji: Damira Hornunga, Franje Jusupa, Zdravka Rittgassera, \u0110ure Ki\u0161a i Marka Zegnala, koju je organizirala Udruga hrvatskih dragovoljaca Domovinskog rata T.O.Tenja u suradnji sa HVIDR-a Orahovica i Mjesnim odborom Tenja. Uz paljenje svije\u0107a i molitvu kod spomen obilje\u017eja u Tenji odali smo du\u017eno po\u0161tovanje poginulim hrvatskim vitezovima u Domovinskom ratu.<\/p>\n\n\n\n<figure class=\"wp-block-gallery has-nested-images columns-default is-cropped wp-block-gallery-1 is-layout-flex wp-block-gallery-is-layout-flex\">\n<figure class=\"wp-block-image size-large\"><img loading=\"lazy\" decoding=\"async\" width=\"1024\" height=\"576\" data-id=\"2311\" src=\"https:\/\/udruga-106br.hr\/wp-content\/uploads\/2023\/07\/IMG-6c7d33bd5d29825835dbe126288a7f35-V-1024x576.jpg\" alt=\"\" class=\"wp-image-2311\" srcset=\"https:\/\/udruga-106br.hr\/wp-content\/uploads\/2023\/07\/IMG-6c7d33bd5d29825835dbe126288a7f35-V-1024x576.jpg 1024w, https:\/\/udruga-106br.hr\/wp-content\/uploads\/2023\/07\/IMG-6c7d33bd5d29825835dbe126288a7f35-V-300x169.jpg 300w, https:\/\/udruga-106br.hr\/wp-content\/uploads\/2023\/07\/IMG-6c7d33bd5d29825835dbe126288a7f35-V-768x432.jpg 768w, https:\/\/udruga-106br.hr\/wp-content\/uploads\/2023\/07\/IMG-6c7d33bd5d29825835dbe126288a7f35-V-1536x864.jpg 1536w, https:\/\/udruga-106br.hr\/wp-content\/uploads\/2023\/07\/IMG-6c7d33bd5d29825835dbe126288a7f35-V.jpg 1600w\" sizes=\"auto, (max-width: 1024px) 100vw, 1024px\" \/><\/figure>\n\n\n\n<figure class=\"wp-block-image size-large\"><img loading=\"lazy\" decoding=\"async\" width=\"1024\" height=\"576\" data-id=\"2314\" src=\"https:\/\/udruga-106br.hr\/wp-content\/uploads\/2023\/07\/IMG-e9da30f21f923c5c6b71bd7e513cad74-V-1024x576.jpg\" alt=\"\" class=\"wp-image-2314\" srcset=\"https:\/\/udruga-106br.hr\/wp-content\/uploads\/2023\/07\/IMG-e9da30f21f923c5c6b71bd7e513cad74-V-1024x576.jpg 1024w, https:\/\/udruga-106br.hr\/wp-content\/uploads\/2023\/07\/IMG-e9da30f21f923c5c6b71bd7e513cad74-V-300x169.jpg 300w, https:\/\/udruga-106br.hr\/wp-content\/uploads\/2023\/07\/IMG-e9da30f21f923c5c6b71bd7e513cad74-V-768x432.jpg 768w, https:\/\/udruga-106br.hr\/wp-content\/uploads\/2023\/07\/IMG-e9da30f21f923c5c6b71bd7e513cad74-V-1536x864.jpg 1536w, https:\/\/udruga-106br.hr\/wp-content\/uploads\/2023\/07\/IMG-e9da30f21f923c5c6b71bd7e513cad74-V.jpg 1600w\" sizes=\"auto, (max-width: 1024px) 100vw, 1024px\" \/><\/figure>\n\n\n\n<figure class=\"wp-block-image size-large\"><img loading=\"lazy\" decoding=\"async\" width=\"1024\" height=\"576\" data-id=\"2312\" src=\"https:\/\/udruga-106br.hr\/wp-content\/uploads\/2023\/07\/IMG-6192865a5ae86f01c356ce35911128ea-V-1024x576.jpg\" alt=\"\" class=\"wp-image-2312\" srcset=\"https:\/\/udruga-106br.hr\/wp-content\/uploads\/2023\/07\/IMG-6192865a5ae86f01c356ce35911128ea-V-1024x576.jpg 1024w, https:\/\/udruga-106br.hr\/wp-content\/uploads\/2023\/07\/IMG-6192865a5ae86f01c356ce35911128ea-V-300x169.jpg 300w, https:\/\/udruga-106br.hr\/wp-content\/uploads\/2023\/07\/IMG-6192865a5ae86f01c356ce35911128ea-V-768x432.jpg 768w, https:\/\/udruga-106br.hr\/wp-content\/uploads\/2023\/07\/IMG-6192865a5ae86f01c356ce35911128ea-V-1536x864.jpg 1536w, https:\/\/udruga-106br.hr\/wp-content\/uploads\/2023\/07\/IMG-6192865a5ae86f01c356ce35911128ea-V.jpg 1600w\" sizes=\"auto, (max-width: 1024px) 100vw, 1024px\" \/><\/figure>\n\n\n\n<figure class=\"wp-block-image size-large\"><img loading=\"lazy\" decoding=\"async\" width=\"1024\" height=\"576\" data-id=\"2313\" src=\"https:\/\/udruga-106br.hr\/wp-content\/uploads\/2023\/07\/IMG-0e128576e19659700f78fd576e5391e1-V-1024x576.jpg\" alt=\"\" class=\"wp-image-2313\" srcset=\"https:\/\/udruga-106br.hr\/wp-content\/uploads\/2023\/07\/IMG-0e128576e19659700f78fd576e5391e1-V-1024x576.jpg 1024w, https:\/\/udruga-106br.hr\/wp-content\/uploads\/2023\/07\/IMG-0e128576e19659700f78fd576e5391e1-V-300x169.jpg 300w, https:\/\/udruga-106br.hr\/wp-content\/uploads\/2023\/07\/IMG-0e128576e19659700f78fd576e5391e1-V-768x432.jpg 768w, https:\/\/udruga-106br.hr\/wp-content\/uploads\/2023\/07\/IMG-0e128576e19659700f78fd576e5391e1-V-1536x864.jpg 1536w, https:\/\/udruga-106br.hr\/wp-content\/uploads\/2023\/07\/IMG-0e128576e19659700f78fd576e5391e1-V.jpg 1600w\" sizes=\"auto, (max-width: 1024px) 100vw, 1024px\" \/><\/figure>\n<\/figure>\n\n\n\n<p>Neka im je vje\u010dna slava i hvala!<\/p>\n<!-- AddThis Advanced Settings generic via filter on the_content --><!-- AddThis Share Buttons generic via filter on the_content -->","protected":false},"excerpt":{"rendered":"<p>Udruga 106. brigade ZNG RH prisustvovala je obilje\u017eavanju 32. obljetnice pogibije hrvatskih branitelja u Tenji: Damira Hornunga, Franje Jusupa, Zdravka Rittgassera, \u0110ure Ki\u0161a i Marka Zegnala, koju je organizirala Udruga hrvatskih dragovoljaca Domovinskog rata T.O.Tenja u suradnji sa HVIDR-a Orahovica i Mjesnim odborom Tenja. Uz paljenje svije\u0107a i molitvu kod spomen obilje\u017eja u Tenji odali &hellip; <a href=\"https:\/\/udruga-106br.hr\/index.php\/obiljezavanje-32-obljetnice-pogibije-hrvatskih-branitelja-u-tenji-damira-hornunga-franje-jusupa-zdravka-rittgassera-dure-kisa-i-marka-zegnala\/\" class=\"more-link\">Nastavi \u010ditati <span class=\"screen-reader-text\">Obilje\u017eavanje 32. obljetnice pogibije hrvatskih branitelja u Tenji: Damira Hornunga, Franje Jusupa, Zdravka Rittgassera, \u0110ure Ki\u0161a i Marka Zegnala<\/span><\/a><!-- AddThis Advanced Settings generic via filter on get_the_excerpt --><!-- AddThis Share Buttons generic via filter on get_the_excerpt --><\/p>\n","protected":false},"author":1,"featured_media":0,"comment_status":"closed","ping_status":"closed","sticky":false,"template":"","format":"standard","meta":{"footnotes":""},"categories":[32],"tags":[],"class_list":["post-2309","post","type-post","status-publish","format-standard","hentry","category-iz-zivota-udruge"],"_links":{"self":[{"href":"https:\/\/udruga-106br.hr\/index.php\/wp-json\/wp\/v2\/posts\/2309","targetHints":{"allow":["GET"]}}],"collection":[{"href":"https:\/\/udruga-106br.hr\/index.php\/wp-json\/wp\/v2\/posts"}],"about":[{"href":"https:\/\/udruga-106br.hr\/index.php\/wp-json\/wp\/v2\/types\/post"}],"author":[{"embeddable":true,"href":"https:\/\/udruga-106br.hr\/index.php\/wp-json\/wp\/v2\/users\/1"}],"replies":[{"embeddable":true,"href":"https:\/\/udruga-106br.hr\/index.php\/wp-json\/wp\/v2\/comments?post=2309"}],"version-history":[{"count":2,"href":"https:\/\/udruga-106br.hr\/index.php\/wp-json\/wp\/v2\/posts\/2309\/revisions"}],"predecessor-version":[{"id":2315,"href":"https:\/\/udruga-106br.hr\/index.php\/wp-json\/wp\/v2\/posts\/2309\/revisions\/2315"}],"wp:attachment":[{"href":"https:\/\/udruga-106br.hr\/index.php\/wp-json\/wp\/v2\/media?parent=2309"}],"wp:term":[{"taxonomy":"category","embeddable":true,"href":"https:\/\/udruga-106br.hr\/index.php\/wp-json\/wp\/v2\/categories?post=2309"},{"taxonomy":"post_tag","embeddable":true,"href":"https:\/\/udruga-106br.hr\/index.php\/wp-json\/wp\/v2\/tags?post=2309"}],"curies":[{"name":"wp","href":"https:\/\/api.w.org\/{rel}","templated":true}]}}