{"id":2316,"date":"2023-07-08T14:50:12","date_gmt":"2023-07-08T12:50:12","guid":{"rendered":"https:\/\/udruga-106br.hr\/?p=2316"},"modified":"2025-10-17T21:53:24","modified_gmt":"2025-10-17T19:53:24","slug":"7-7-2023-32-obljetnica-okupacije-celija","status":"publish","type":"post","link":"https:\/\/udruga-106br.hr\/index.php\/7-7-2023-32-obljetnica-okupacije-celija\/","title":{"rendered":"32. obljetnica okupacije \u0106elija &#8211; 7.7.2023."},"content":{"rendered":"\n<p>Dana 7. srpnja 2023. godine u \u0106elijama je obilje\u017eena 32. godi\u0161njica okupacije \u0106elija, stradanja hrvatskih branitelja i civila te progonstva mje\u0161tana.<\/p>\n\n\n\n<p>Paljenjem svije\u0107e i molitvom predstavnici udruge 106. brigade ZNG RH odali su po\u010dast svim \u017ertvama.<\/p>\n\n\n\n<figure class=\"wp-block-gallery has-nested-images columns-default is-cropped wp-block-gallery-1 is-layout-flex wp-block-gallery-is-layout-flex\">\n<figure class=\"wp-block-image size-large\"><img loading=\"lazy\" decoding=\"async\" width=\"1024\" height=\"576\" data-id=\"2319\" src=\"https:\/\/udruga-106br.hr\/wp-content\/uploads\/2023\/07\/IMG-168ce3be0a6b20a0cdbb20a4762463bb-V-1024x576.jpg\" alt=\"\" class=\"wp-image-2319\" srcset=\"https:\/\/udruga-106br.hr\/wp-content\/uploads\/2023\/07\/IMG-168ce3be0a6b20a0cdbb20a4762463bb-V-1024x576.jpg 1024w, https:\/\/udruga-106br.hr\/wp-content\/uploads\/2023\/07\/IMG-168ce3be0a6b20a0cdbb20a4762463bb-V-300x169.jpg 300w, https:\/\/udruga-106br.hr\/wp-content\/uploads\/2023\/07\/IMG-168ce3be0a6b20a0cdbb20a4762463bb-V-768x432.jpg 768w, https:\/\/udruga-106br.hr\/wp-content\/uploads\/2023\/07\/IMG-168ce3be0a6b20a0cdbb20a4762463bb-V-1536x864.jpg 1536w, https:\/\/udruga-106br.hr\/wp-content\/uploads\/2023\/07\/IMG-168ce3be0a6b20a0cdbb20a4762463bb-V.jpg 1600w\" sizes=\"auto, (max-width: 1024px) 100vw, 1024px\" \/><\/figure>\n\n\n\n<figure class=\"wp-block-image size-large\"><img loading=\"lazy\" decoding=\"async\" width=\"1024\" height=\"576\" data-id=\"2320\" src=\"https:\/\/udruga-106br.hr\/wp-content\/uploads\/2023\/07\/IMG-3029cbc95ea84961b927348a6edbb4e2-V-1024x576.jpg\" alt=\"\" class=\"wp-image-2320\" srcset=\"https:\/\/udruga-106br.hr\/wp-content\/uploads\/2023\/07\/IMG-3029cbc95ea84961b927348a6edbb4e2-V-1024x576.jpg 1024w, https:\/\/udruga-106br.hr\/wp-content\/uploads\/2023\/07\/IMG-3029cbc95ea84961b927348a6edbb4e2-V-300x169.jpg 300w, https:\/\/udruga-106br.hr\/wp-content\/uploads\/2023\/07\/IMG-3029cbc95ea84961b927348a6edbb4e2-V-768x432.jpg 768w, https:\/\/udruga-106br.hr\/wp-content\/uploads\/2023\/07\/IMG-3029cbc95ea84961b927348a6edbb4e2-V-1536x864.jpg 1536w, https:\/\/udruga-106br.hr\/wp-content\/uploads\/2023\/07\/IMG-3029cbc95ea84961b927348a6edbb4e2-V.jpg 1600w\" sizes=\"auto, (max-width: 1024px) 100vw, 1024px\" \/><\/figure>\n\n\n\n<figure class=\"wp-block-image size-large\"><img loading=\"lazy\" decoding=\"async\" width=\"1024\" height=\"576\" data-id=\"2318\" src=\"https:\/\/udruga-106br.hr\/wp-content\/uploads\/2023\/07\/IMG-9fa54e1a6800fc5622e0fe55b311cc98-V-1024x576.jpg\" alt=\"\" class=\"wp-image-2318\" srcset=\"https:\/\/udruga-106br.hr\/wp-content\/uploads\/2023\/07\/IMG-9fa54e1a6800fc5622e0fe55b311cc98-V-1024x576.jpg 1024w, https:\/\/udruga-106br.hr\/wp-content\/uploads\/2023\/07\/IMG-9fa54e1a6800fc5622e0fe55b311cc98-V-300x169.jpg 300w, https:\/\/udruga-106br.hr\/wp-content\/uploads\/2023\/07\/IMG-9fa54e1a6800fc5622e0fe55b311cc98-V-768x432.jpg 768w, https:\/\/udruga-106br.hr\/wp-content\/uploads\/2023\/07\/IMG-9fa54e1a6800fc5622e0fe55b311cc98-V-1536x864.jpg 1536w, https:\/\/udruga-106br.hr\/wp-content\/uploads\/2023\/07\/IMG-9fa54e1a6800fc5622e0fe55b311cc98-V.jpg 1600w\" sizes=\"auto, (max-width: 1024px) 100vw, 1024px\" \/><\/figure>\n\n\n\n<figure class=\"wp-block-image size-large\"><img loading=\"lazy\" decoding=\"async\" width=\"1024\" height=\"576\" data-id=\"2321\" src=\"https:\/\/udruga-106br.hr\/wp-content\/uploads\/2023\/07\/IMG-77f381db4fc1c36669c7aa2214075b1e-V-1024x576.jpg\" alt=\"\" class=\"wp-image-2321\" srcset=\"https:\/\/udruga-106br.hr\/wp-content\/uploads\/2023\/07\/IMG-77f381db4fc1c36669c7aa2214075b1e-V-1024x576.jpg 1024w, https:\/\/udruga-106br.hr\/wp-content\/uploads\/2023\/07\/IMG-77f381db4fc1c36669c7aa2214075b1e-V-300x169.jpg 300w, https:\/\/udruga-106br.hr\/wp-content\/uploads\/2023\/07\/IMG-77f381db4fc1c36669c7aa2214075b1e-V-768x432.jpg 768w, https:\/\/udruga-106br.hr\/wp-content\/uploads\/2023\/07\/IMG-77f381db4fc1c36669c7aa2214075b1e-V-1536x864.jpg 1536w, https:\/\/udruga-106br.hr\/wp-content\/uploads\/2023\/07\/IMG-77f381db4fc1c36669c7aa2214075b1e-V.jpg 1600w\" sizes=\"auto, (max-width: 1024px) 100vw, 1024px\" \/><\/figure>\n\n\n\n<figure class=\"wp-block-image size-large\"><img loading=\"lazy\" decoding=\"async\" width=\"1024\" height=\"576\" data-id=\"2317\" src=\"https:\/\/udruga-106br.hr\/wp-content\/uploads\/2023\/07\/IMG-7adbd2ce9eb5d349400efc62917a30b0-V-1024x576.jpg\" alt=\"\" class=\"wp-image-2317\" srcset=\"https:\/\/udruga-106br.hr\/wp-content\/uploads\/2023\/07\/IMG-7adbd2ce9eb5d349400efc62917a30b0-V-1024x576.jpg 1024w, https:\/\/udruga-106br.hr\/wp-content\/uploads\/2023\/07\/IMG-7adbd2ce9eb5d349400efc62917a30b0-V-300x169.jpg 300w, https:\/\/udruga-106br.hr\/wp-content\/uploads\/2023\/07\/IMG-7adbd2ce9eb5d349400efc62917a30b0-V-768x432.jpg 768w, https:\/\/udruga-106br.hr\/wp-content\/uploads\/2023\/07\/IMG-7adbd2ce9eb5d349400efc62917a30b0-V-1536x864.jpg 1536w, https:\/\/udruga-106br.hr\/wp-content\/uploads\/2023\/07\/IMG-7adbd2ce9eb5d349400efc62917a30b0-V.jpg 1600w\" sizes=\"auto, (max-width: 1024px) 100vw, 1024px\" \/><\/figure>\n<\/figure>\n\n\n\n<p>Napadi na \u0106elije bili su klju\u010dni i za po\u010detke ratnog puta osje\u010dke 106. brigade ZNG RH koja je slu\u017ebeno ustrojena 28. lipnja, dan nakon \u0161to je JNA prolaskom tenkova po osje\u010dkim ulicama demonstrirala oru\u017eanu mo\u0107.<\/p>\n\n\n\n<p>Neka ovaj doga\u0111aj bude podsjetnik na va\u017enost izgradnje dru\u0161tva koje se temelji na solidarnosti, razumijevanju i po\u0161tovanju, te na na\u0161u obvezu da \u010duvamo mir i blagostanje za budu\u0107e generacije.<\/p>\n<!-- AddThis Advanced Settings generic via filter on the_content --><!-- AddThis Share Buttons generic via filter on the_content -->","protected":false},"excerpt":{"rendered":"<p>Dana 7. srpnja 2023. godine u \u0106elijama je obilje\u017eena 32. godi\u0161njica okupacije \u0106elija, stradanja hrvatskih branitelja i civila te progonstva mje\u0161tana. Paljenjem svije\u0107e i molitvom predstavnici udruge 106. brigade ZNG RH odali su po\u010dast svim \u017ertvama. Napadi na \u0106elije bili su klju\u010dni i za po\u010detke ratnog puta osje\u010dke 106. brigade ZNG RH koja je slu\u017ebeno &hellip; <a href=\"https:\/\/udruga-106br.hr\/index.php\/7-7-2023-32-obljetnica-okupacije-celija\/\" class=\"more-link\">Nastavi \u010ditati <span class=\"screen-reader-text\">32. obljetnica okupacije \u0106elija &#8211; 7.7.2023.<\/span><\/a><!-- AddThis Advanced Settings generic via filter on get_the_excerpt --><!-- AddThis Share Buttons generic via filter on get_the_excerpt --><\/p>\n","protected":false},"author":1,"featured_media":0,"comment_status":"closed","ping_status":"closed","sticky":false,"template":"","format":"standard","meta":{"footnotes":""},"categories":[32],"tags":[],"class_list":["post-2316","post","type-post","status-publish","format-standard","hentry","category-iz-zivota-udruge"],"_links":{"self":[{"href":"https:\/\/udruga-106br.hr\/index.php\/wp-json\/wp\/v2\/posts\/2316","targetHints":{"allow":["GET"]}}],"collection":[{"href":"https:\/\/udruga-106br.hr\/index.php\/wp-json\/wp\/v2\/posts"}],"about":[{"href":"https:\/\/udruga-106br.hr\/index.php\/wp-json\/wp\/v2\/types\/post"}],"author":[{"embeddable":true,"href":"https:\/\/udruga-106br.hr\/index.php\/wp-json\/wp\/v2\/users\/1"}],"replies":[{"embeddable":true,"href":"https:\/\/udruga-106br.hr\/index.php\/wp-json\/wp\/v2\/comments?post=2316"}],"version-history":[{"count":2,"href":"https:\/\/udruga-106br.hr\/index.php\/wp-json\/wp\/v2\/posts\/2316\/revisions"}],"predecessor-version":[{"id":2323,"href":"https:\/\/udruga-106br.hr\/index.php\/wp-json\/wp\/v2\/posts\/2316\/revisions\/2323"}],"wp:attachment":[{"href":"https:\/\/udruga-106br.hr\/index.php\/wp-json\/wp\/v2\/media?parent=2316"}],"wp:term":[{"taxonomy":"category","embeddable":true,"href":"https:\/\/udruga-106br.hr\/index.php\/wp-json\/wp\/v2\/categories?post=2316"},{"taxonomy":"post_tag","embeddable":true,"href":"https:\/\/udruga-106br.hr\/index.php\/wp-json\/wp\/v2\/tags?post=2316"}],"curies":[{"name":"wp","href":"https:\/\/api.w.org\/{rel}","templated":true}]}}