{"id":2335,"date":"2023-07-21T10:56:45","date_gmt":"2023-07-21T08:56:45","guid":{"rendered":"https:\/\/udruga-106br.hr\/?p=2335"},"modified":"2025-10-17T21:53:24","modified_gmt":"2025-10-17T19:53:24","slug":"pozivnica-za-svecanu-komemoraciju-poginulim-hrvatskih-braniteljima-u-dalju-1-kolovoza-1991-godine","status":"publish","type":"post","link":"https:\/\/udruga-106br.hr\/index.php\/pozivnica-za-svecanu-komemoraciju-poginulim-hrvatskih-braniteljima-u-dalju-1-kolovoza-1991-godine\/","title":{"rendered":"Pozivnica za sve\u010danu komemoraciju poginulim hrvatskim braniteljima u Dalju 1. kolovoza 1991. godine"},"content":{"rendered":"\n<p>Dragi \u010dlanovi Udruge 106. brigade ZNG RH te prijatelji i pratitelji, PU Osje\u010dko-baranjske poziva nas na komemoraciju poginulim hrvatskim braniteljima i civilima poginulim 1.8.1991. godine u Dalju.<\/p>\n\n\n\n<div data-wp-interactive=\"core\/file\" class=\"wp-block-file\"><object data-wp-bind--hidden=\"!state.hasPdfPreview\" hidden class=\"wp-block-file__embed\" data=\"https:\/\/udruga-106br.hr\/wp-content\/uploads\/2023\/07\/Dalj_2023.pdf\" type=\"application\/pdf\" style=\"width:100%;height:600px\" aria-label=\"Ugra\u0111eno Ugra\u0111eno Dalj_2023..\"><\/object><a id=\"wp-block-file--media-3a93bbe0-f0ca-4d82-9be7-2b2165f9ca49\" href=\"https:\/\/udruga-106br.hr\/wp-content\/uploads\/2023\/07\/Dalj_2023.pdf\">Dalj_2023<\/a><a href=\"https:\/\/udruga-106br.hr\/wp-content\/uploads\/2023\/07\/Dalj_2023.pdf\" class=\"wp-block-file__button\" download aria-describedby=\"wp-block-file--media-3a93bbe0-f0ca-4d82-9be7-2b2165f9ca49\">Preuzmi<\/a><\/div>\n\n\n\n<p>Program obilje\u017eavanja bit \u0107e dana 1.8.2023. godine prema vremenu kako slijedi:<\/p>\n\n\n\n<p><br>8,00 sati &#8211; spu\u0161tanje vijenca u Dunav s putni\u010dkog pristani\u0161ta u Aljma\u0161u<\/p>\n\n\n\n<p>8,30 sati &#8211; paljenje svije\u0107a ispred Spomen-obilje\u017eja poginulim pripadnicima prve satnije, prve bojne, tre\u0107e gardijske brigade Hrvatske vojske u Vinariji Erdut<\/p>\n\n\n\n<p>9,00 sati &#8211; susret s obiteljima poginulih hrvatskih branitelja u Postaji grani\u010dne policije Dalj<\/p>\n\n\n\n<p>9,30 sati &#8211; polaganje vijenaca i paljenje svije\u0107a ispred Spomen &#8211; obilje\u017eja poginulim hrvatskim braniteljima, Postaja grani\u010dne policije Dalj<\/p>\n\n\n\n<p>10,35 sati &#8211; Sveta misa zadu\u0161nica za poginule hrvatske branitelje<br>u crkvi sv. Josipa u Dalju.<\/p>\n\n\n\n<p>Dostojanstveno odajmo po\u010dast hrabrim poginulim hrvatskim braniteljima uz na\u0161u \u0161to ve\u0107u prisutnost te pru\u017eimo utjehu i podr\u0161ku njihovim obiteljima i bli\u017enjima te o\u010duvajmo sje\u0107anje na njih.<\/p>\n<!-- AddThis Advanced Settings generic via filter on the_content --><!-- AddThis Share Buttons generic via filter on the_content -->","protected":false},"excerpt":{"rendered":"<p>Dragi \u010dlanovi Udruge 106. brigade ZNG RH te prijatelji i pratitelji, PU Osje\u010dko-baranjske poziva nas na komemoraciju poginulim hrvatskim braniteljima i civilima poginulim 1.8.1991. godine u Dalju. Program obilje\u017eavanja bit \u0107e dana 1.8.2023. godine prema vremenu kako slijedi: 8,00 sati &#8211; spu\u0161tanje vijenca u Dunav s putni\u010dkog pristani\u0161ta u Aljma\u0161u 8,30 sati &#8211; paljenje svije\u0107a &hellip; <a href=\"https:\/\/udruga-106br.hr\/index.php\/pozivnica-za-svecanu-komemoraciju-poginulim-hrvatskih-braniteljima-u-dalju-1-kolovoza-1991-godine\/\" class=\"more-link\">Nastavi \u010ditati <span class=\"screen-reader-text\">Pozivnica za sve\u010danu komemoraciju poginulim hrvatskim braniteljima u Dalju 1. kolovoza 1991. godine<\/span><\/a><!-- AddThis Advanced Settings generic via filter on get_the_excerpt --><!-- AddThis Share Buttons generic via filter on get_the_excerpt --><\/p>\n","protected":false},"author":1,"featured_media":0,"comment_status":"closed","ping_status":"closed","sticky":false,"template":"","format":"standard","meta":{"footnotes":""},"categories":[32],"tags":[],"class_list":["post-2335","post","type-post","status-publish","format-standard","hentry","category-iz-zivota-udruge"],"_links":{"self":[{"href":"https:\/\/udruga-106br.hr\/index.php\/wp-json\/wp\/v2\/posts\/2335","targetHints":{"allow":["GET"]}}],"collection":[{"href":"https:\/\/udruga-106br.hr\/index.php\/wp-json\/wp\/v2\/posts"}],"about":[{"href":"https:\/\/udruga-106br.hr\/index.php\/wp-json\/wp\/v2\/types\/post"}],"author":[{"embeddable":true,"href":"https:\/\/udruga-106br.hr\/index.php\/wp-json\/wp\/v2\/users\/1"}],"replies":[{"embeddable":true,"href":"https:\/\/udruga-106br.hr\/index.php\/wp-json\/wp\/v2\/comments?post=2335"}],"version-history":[{"count":3,"href":"https:\/\/udruga-106br.hr\/index.php\/wp-json\/wp\/v2\/posts\/2335\/revisions"}],"predecessor-version":[{"id":2713,"href":"https:\/\/udruga-106br.hr\/index.php\/wp-json\/wp\/v2\/posts\/2335\/revisions\/2713"}],"wp:attachment":[{"href":"https:\/\/udruga-106br.hr\/index.php\/wp-json\/wp\/v2\/media?parent=2335"}],"wp:term":[{"taxonomy":"category","embeddable":true,"href":"https:\/\/udruga-106br.hr\/index.php\/wp-json\/wp\/v2\/categories?post=2335"},{"taxonomy":"post_tag","embeddable":true,"href":"https:\/\/udruga-106br.hr\/index.php\/wp-json\/wp\/v2\/tags?post=2335"}],"curies":[{"name":"wp","href":"https:\/\/api.w.org\/{rel}","templated":true}]}}