{"id":2341,"date":"2023-07-24T11:38:28","date_gmt":"2023-07-24T09:38:28","guid":{"rendered":"https:\/\/udruga-106br.hr\/?p=2341"},"modified":"2025-10-17T21:53:24","modified_gmt":"2025-10-17T19:53:24","slug":"odgovor-ministarstva-hrvatskih-branitelja-u-okviru-izmjene-i-dopune-zakona-o-hrvatskim-braniteljima-iz-domovinskog-rata-i-clanovima-njihovih-obitelji","status":"publish","type":"post","link":"https:\/\/udruga-106br.hr\/index.php\/odgovor-ministarstva-hrvatskih-branitelja-u-okviru-izmjene-i-dopune-zakona-o-hrvatskim-braniteljima-iz-domovinskog-rata-i-clanovima-njihovih-obitelji\/","title":{"rendered":"Odgovor Ministarstva hrvatskih branitelja u okviru Izmjene i dopune Zakona o hrvatskim braniteljima iz Domovinskog rata i \u010dlanovima njihovih obitelji"},"content":{"rendered":"\n<p>Udruga 106. brigade ZNG RH aktivno radi na pobolj\u0161anju uvjeta \u017eivota hrvatskih branitelja i njihovih obitelji.<\/p>\n\n\n\n<p>Izvje\u0161tavamo Vas kako je stigao odgovor Ministarstva hrvatskih branitelja u okviru Izmjene i dopune Zakona o hrvatskim braniteljima iz Domovinskog rata i \u010dlanovima njihovih obitelji.<\/p>\n\n\n\n<figure class=\"wp-block-image size-full\"><img loading=\"lazy\" decoding=\"async\" width=\"562\" height=\"753\" src=\"https:\/\/udruga-106br.hr\/wp-content\/uploads\/2023\/07\/Izmjene-i-dopune-Zakona-1.jpg\" alt=\"\" class=\"wp-image-2342\" srcset=\"https:\/\/udruga-106br.hr\/wp-content\/uploads\/2023\/07\/Izmjene-i-dopune-Zakona-1.jpg 562w, https:\/\/udruga-106br.hr\/wp-content\/uploads\/2023\/07\/Izmjene-i-dopune-Zakona-1-224x300.jpg 224w\" sizes=\"auto, (max-width: 562px) 100vw, 562px\" \/><\/figure>\n\n\n\n<figure class=\"wp-block-image size-full\"><img loading=\"lazy\" decoding=\"async\" width=\"573\" height=\"776\" src=\"https:\/\/udruga-106br.hr\/wp-content\/uploads\/2023\/07\/Izmjene-i-dopune-Zakona-2.jpg\" alt=\"\" class=\"wp-image-2343\" srcset=\"https:\/\/udruga-106br.hr\/wp-content\/uploads\/2023\/07\/Izmjene-i-dopune-Zakona-2.jpg 573w, https:\/\/udruga-106br.hr\/wp-content\/uploads\/2023\/07\/Izmjene-i-dopune-Zakona-2-222x300.jpg 222w\" sizes=\"auto, (max-width: 573px) 100vw, 573px\" \/><\/figure>\n<!-- AddThis Advanced Settings generic via filter on the_content --><!-- AddThis Share Buttons generic via filter on the_content -->","protected":false},"excerpt":{"rendered":"<p>Udruga 106. brigade ZNG RH aktivno radi na pobolj\u0161anju uvjeta \u017eivota hrvatskih branitelja i njihovih obitelji. Izvje\u0161tavamo Vas kako je stigao odgovor Ministarstva hrvatskih branitelja u okviru Izmjene i dopune Zakona o hrvatskim braniteljima iz Domovinskog rata i \u010dlanovima njihovih obitelji.<!-- AddThis Advanced Settings generic via filter on get_the_excerpt --><!-- AddThis Share Buttons generic via filter on get_the_excerpt --><\/p>\n","protected":false},"author":1,"featured_media":0,"comment_status":"closed","ping_status":"closed","sticky":false,"template":"","format":"standard","meta":{"footnotes":""},"categories":[32],"tags":[],"class_list":["post-2341","post","type-post","status-publish","format-standard","hentry","category-iz-zivota-udruge"],"_links":{"self":[{"href":"https:\/\/udruga-106br.hr\/index.php\/wp-json\/wp\/v2\/posts\/2341","targetHints":{"allow":["GET"]}}],"collection":[{"href":"https:\/\/udruga-106br.hr\/index.php\/wp-json\/wp\/v2\/posts"}],"about":[{"href":"https:\/\/udruga-106br.hr\/index.php\/wp-json\/wp\/v2\/types\/post"}],"author":[{"embeddable":true,"href":"https:\/\/udruga-106br.hr\/index.php\/wp-json\/wp\/v2\/users\/1"}],"replies":[{"embeddable":true,"href":"https:\/\/udruga-106br.hr\/index.php\/wp-json\/wp\/v2\/comments?post=2341"}],"version-history":[{"count":1,"href":"https:\/\/udruga-106br.hr\/index.php\/wp-json\/wp\/v2\/posts\/2341\/revisions"}],"predecessor-version":[{"id":2344,"href":"https:\/\/udruga-106br.hr\/index.php\/wp-json\/wp\/v2\/posts\/2341\/revisions\/2344"}],"wp:attachment":[{"href":"https:\/\/udruga-106br.hr\/index.php\/wp-json\/wp\/v2\/media?parent=2341"}],"wp:term":[{"taxonomy":"category","embeddable":true,"href":"https:\/\/udruga-106br.hr\/index.php\/wp-json\/wp\/v2\/categories?post=2341"},{"taxonomy":"post_tag","embeddable":true,"href":"https:\/\/udruga-106br.hr\/index.php\/wp-json\/wp\/v2\/tags?post=2341"}],"curies":[{"name":"wp","href":"https:\/\/api.w.org\/{rel}","templated":true}]}}