{"id":2345,"date":"2023-07-28T09:01:00","date_gmt":"2023-07-28T07:01:00","guid":{"rendered":"https:\/\/udruga-106br.hr\/?p=2345"},"modified":"2025-10-17T21:53:24","modified_gmt":"2025-10-17T19:53:24","slug":"obiljezavanje-32-obljetnice-rusenja-crkve-rodenja-sv-ivana-krstitelja-u-sarvasu-svecana-sveta-misa-1-8-2023-godine-u-1830-sati","status":"publish","type":"post","link":"https:\/\/udruga-106br.hr\/index.php\/obiljezavanje-32-obljetnice-rusenja-crkve-rodenja-sv-ivana-krstitelja-u-sarvasu-svecana-sveta-misa-1-8-2023-godine-u-1830-sati\/","title":{"rendered":"Obilje\u017eavanje 32. obljetnice ru\u0161enja crkve Ro\u0111enja sv. Ivana Krstitelja u Sarva\u0161u &#8211; sve\u010dana Sveta misa 1.8.2023. godine u 18:30 sati"},"content":{"rendered":"\n<p>\u017dupna crkva u Sarva\u0161u predstavlja simbol hrabrosti i otpora u vrijeme Domovinskog rata. Na\u017ealost, 1. kolovoza 1991. godine, ta va\u017ena katoli\u010dka crkva je sru\u0161ena, no njen duh nije slomljen, ve\u0107 se i danas ponosno uzdi\u017ee, okupljaju\u0107i 1200 \u017eupljana.<\/p>\n\n\n<div class=\"wp-block-image\">\n<figure class=\"alignleft size-full is-resized\"><img loading=\"lazy\" decoding=\"async\" src=\"https:\/\/udruga-106br.hr\/wp-content\/uploads\/2023\/07\/crkva_sarvas-e1660558731649-390x220-1.jpg\" alt=\"\" class=\"wp-image-2346\" width=\"390\" height=\"220\" srcset=\"https:\/\/udruga-106br.hr\/wp-content\/uploads\/2023\/07\/crkva_sarvas-e1660558731649-390x220-1.jpg 390w, https:\/\/udruga-106br.hr\/wp-content\/uploads\/2023\/07\/crkva_sarvas-e1660558731649-390x220-1-300x169.jpg 300w\" sizes=\"auto, (max-width: 390px) 100vw, 390px\" \/><\/figure><\/div>\n\n\n<p>Ova crkva i dalje treba na\u0161u podr\u0161ku, kako bi poslala sna\u017enu poruku o pijetetu prema onima koji su dali svoje \u017eivote u Domovinskom ratu. Njihova hrabrost i \u017ertva ne smiju biti zaboravljene, a o\u010duvanje ovog sakralnog objekta omogu\u0107it \u0107e daljnji rast i razvoj zajednice.<\/p>\n\n\n\n<p>U sklopu obilje\u017eavanja 32. obljetnice ru\u0161enja crkve Ro\u0111enja sv. Ivana Krstitelja u Sarva\u0161u, sve\u010dana Sveta misa odr\u017eat \u0107e se 1. kolovoza 2023. godine, s po\u010detkom u 18:30 sati.<\/p>\n\n\n\n<p>Pozivaju se svi branitelji Domovinskog rata, zajedno s gra\u0111anima i vjernicima, da se pridru\u017ee ovom va\u017enom doga\u0111aju kako bismo zajedno odali po\u010dast i zahvalili se onima koji su polo\u017eili svoje \u017eivote za slobodu na\u0161e domovine.<\/p>\n\n\n\n<p>Neka ovaj doga\u0111aj bude simbol jedinstva, zajedni\u0161tva i ljubavi prema domovini te neka nas potakne da se uvijek sje\u0107amo i po\u0161tujemo \u017ertve koje su podnijeli za bolje sutra.<\/p>\n<!-- AddThis Advanced Settings generic via filter on the_content --><!-- AddThis Share Buttons generic via filter on the_content -->","protected":false},"excerpt":{"rendered":"<p>\u017dupna crkva u Sarva\u0161u predstavlja simbol hrabrosti i otpora u vrijeme Domovinskog rata. Na\u017ealost, 1. kolovoza 1991. godine, ta va\u017ena katoli\u010dka crkva je sru\u0161ena, no njen duh nije slomljen, ve\u0107 se i danas ponosno uzdi\u017ee, okupljaju\u0107i 1200 \u017eupljana. Ova crkva i dalje treba na\u0161u podr\u0161ku, kako bi poslala sna\u017enu poruku o pijetetu prema onima koji &hellip; <a href=\"https:\/\/udruga-106br.hr\/index.php\/obiljezavanje-32-obljetnice-rusenja-crkve-rodenja-sv-ivana-krstitelja-u-sarvasu-svecana-sveta-misa-1-8-2023-godine-u-1830-sati\/\" class=\"more-link\">Nastavi \u010ditati <span class=\"screen-reader-text\">Obilje\u017eavanje 32. obljetnice ru\u0161enja crkve Ro\u0111enja sv. Ivana Krstitelja u Sarva\u0161u &#8211; sve\u010dana Sveta misa 1.8.2023. godine u 18:30 sati<\/span><\/a><!-- AddThis Advanced Settings generic via filter on get_the_excerpt --><!-- AddThis Share Buttons generic via filter on get_the_excerpt --><\/p>\n","protected":false},"author":1,"featured_media":0,"comment_status":"closed","ping_status":"closed","sticky":false,"template":"","format":"standard","meta":{"footnotes":""},"categories":[32],"tags":[],"class_list":["post-2345","post","type-post","status-publish","format-standard","hentry","category-iz-zivota-udruge"],"_links":{"self":[{"href":"https:\/\/udruga-106br.hr\/index.php\/wp-json\/wp\/v2\/posts\/2345","targetHints":{"allow":["GET"]}}],"collection":[{"href":"https:\/\/udruga-106br.hr\/index.php\/wp-json\/wp\/v2\/posts"}],"about":[{"href":"https:\/\/udruga-106br.hr\/index.php\/wp-json\/wp\/v2\/types\/post"}],"author":[{"embeddable":true,"href":"https:\/\/udruga-106br.hr\/index.php\/wp-json\/wp\/v2\/users\/1"}],"replies":[{"embeddable":true,"href":"https:\/\/udruga-106br.hr\/index.php\/wp-json\/wp\/v2\/comments?post=2345"}],"version-history":[{"count":1,"href":"https:\/\/udruga-106br.hr\/index.php\/wp-json\/wp\/v2\/posts\/2345\/revisions"}],"predecessor-version":[{"id":2347,"href":"https:\/\/udruga-106br.hr\/index.php\/wp-json\/wp\/v2\/posts\/2345\/revisions\/2347"}],"wp:attachment":[{"href":"https:\/\/udruga-106br.hr\/index.php\/wp-json\/wp\/v2\/media?parent=2345"}],"wp:term":[{"taxonomy":"category","embeddable":true,"href":"https:\/\/udruga-106br.hr\/index.php\/wp-json\/wp\/v2\/categories?post=2345"},{"taxonomy":"post_tag","embeddable":true,"href":"https:\/\/udruga-106br.hr\/index.php\/wp-json\/wp\/v2\/tags?post=2345"}],"curies":[{"name":"wp","href":"https:\/\/api.w.org\/{rel}","templated":true}]}}