{"id":2349,"date":"2023-08-02T08:55:30","date_gmt":"2023-08-02T06:55:30","guid":{"rendered":"https:\/\/udruga-106br.hr\/?p=2349"},"modified":"2025-10-17T21:53:24","modified_gmt":"2025-10-17T19:53:24","slug":"obiljezena-32-godisnjica-pogibije-hrvatskih-branitelja-u-dalju","status":"publish","type":"post","link":"https:\/\/udruga-106br.hr\/index.php\/obiljezena-32-godisnjica-pogibije-hrvatskih-branitelja-u-dalju\/","title":{"rendered":"Obilje\u017eena 32. godi\u0161njica pogibije hrvatskih branitelja u Dalju"},"content":{"rendered":"\n<p>Na dan 1. kolovoza 1991., jedinice 51. motorizirane brigade Jugoslavenske narodne armije napale su podru\u010dje Dalja i Erduta, a policijski slu\u017ebenici i branitelji hrabro su se borili za obranu. Borba je trajala do deset sati, kada je tenkovski projektil pogodio policijsku postaju i potpuno je uni\u0161tio. Branitelji koji nisu poginuli od projektila bili su brutalno ubijeni.<\/p>\n\n\n\n<p>U Dalju je obilje\u017eena godi\u0161njica tog tragi\u010dnog doga\u0111aja s paljenjem svije\u0107a pred spomenikom poginulim mje\u0161tanima Aljma\u0161a 1991. i polaganjem vijenaca iz policijskog plovila u Dunavu, u spomen na prognano stanovni\u0161tvo Aljma\u0161a, Dalja i Erduta.<\/p>\n\n\n\n<p>Svije\u0107e su upaljene i polo\u017eeni vijenci pred Spomen-obilje\u017ejem poginulih pripadnika prve satnije, prve bojne i tre\u0107e gardijske brigade Hrvatske vojske u Erdutu.<\/p>\n\n\n\n<figure class=\"wp-block-image size-full\"><img loading=\"lazy\" decoding=\"async\" width=\"736\" height=\"960\" src=\"https:\/\/udruga-106br.hr\/wp-content\/uploads\/2023\/08\/dalj.jpg\" alt=\"\" class=\"wp-image-2351\" srcset=\"https:\/\/udruga-106br.hr\/wp-content\/uploads\/2023\/08\/dalj.jpg 736w, https:\/\/udruga-106br.hr\/wp-content\/uploads\/2023\/08\/dalj-230x300.jpg 230w\" sizes=\"auto, (max-width: 736px) 100vw, 736px\" \/><\/figure>\n\n\n\n<p>Komemoracija za poginule policajce, pripadnike Zbora narodne garde i Civilne za\u0161tite zapo\u010dela je ispred Postaje grani\u010dne policije Dalj u 9:30 sati.<\/p>\n\n\n\n<figure class=\"wp-block-gallery has-nested-images columns-default is-cropped wp-block-gallery-1 is-layout-flex wp-block-gallery-is-layout-flex\">\n<figure class=\"wp-block-image size-large\"><img loading=\"lazy\" decoding=\"async\" width=\"1024\" height=\"683\" data-id=\"2353\" src=\"https:\/\/udruga-106br.hr\/wp-content\/uploads\/2023\/08\/106-1024x683.jpg\" alt=\"\" class=\"wp-image-2353\" srcset=\"https:\/\/udruga-106br.hr\/wp-content\/uploads\/2023\/08\/106-1024x683.jpg 1024w, https:\/\/udruga-106br.hr\/wp-content\/uploads\/2023\/08\/106-300x200.jpg 300w, https:\/\/udruga-106br.hr\/wp-content\/uploads\/2023\/08\/106-768x512.jpg 768w, https:\/\/udruga-106br.hr\/wp-content\/uploads\/2023\/08\/106-1536x1024.jpg 1536w, https:\/\/udruga-106br.hr\/wp-content\/uploads\/2023\/08\/106.jpg 2048w\" sizes=\"auto, (max-width: 1024px) 100vw, 1024px\" \/><\/figure>\n<\/figure>\n\n\n\n<p><\/p>\n\n\n\n<figure class=\"wp-block-gallery has-nested-images columns-default is-cropped wp-block-gallery-2 is-layout-flex wp-block-gallery-is-layout-flex\">\n<figure class=\"wp-block-image size-large\"><img loading=\"lazy\" decoding=\"async\" width=\"768\" height=\"1024\" data-id=\"2361\" src=\"https:\/\/udruga-106br.hr\/wp-content\/uploads\/2023\/08\/IMG_20230801_091854_MP-1-768x1024.jpg\" alt=\"\" class=\"wp-image-2361\" srcset=\"https:\/\/udruga-106br.hr\/wp-content\/uploads\/2023\/08\/IMG_20230801_091854_MP-1-768x1024.jpg 768w, https:\/\/udruga-106br.hr\/wp-content\/uploads\/2023\/08\/IMG_20230801_091854_MP-1-225x300.jpg 225w, https:\/\/udruga-106br.hr\/wp-content\/uploads\/2023\/08\/IMG_20230801_091854_MP-1-1152x1536.jpg 1152w, https:\/\/udruga-106br.hr\/wp-content\/uploads\/2023\/08\/IMG_20230801_091854_MP-1-1536x2048.jpg 1536w, https:\/\/udruga-106br.hr\/wp-content\/uploads\/2023\/08\/IMG_20230801_091854_MP-1-scaled.jpg 1920w\" sizes=\"auto, (max-width: 768px) 100vw, 768px\" \/><\/figure>\n\n\n\n<figure class=\"wp-block-image size-large\"><img loading=\"lazy\" decoding=\"async\" width=\"1024\" height=\"768\" data-id=\"2362\" src=\"https:\/\/udruga-106br.hr\/wp-content\/uploads\/2023\/08\/IMG_20230801_092829_MP-1-1024x768.jpg\" alt=\"\" class=\"wp-image-2362\" srcset=\"https:\/\/udruga-106br.hr\/wp-content\/uploads\/2023\/08\/IMG_20230801_092829_MP-1-1024x768.jpg 1024w, https:\/\/udruga-106br.hr\/wp-content\/uploads\/2023\/08\/IMG_20230801_092829_MP-1-300x225.jpg 300w, https:\/\/udruga-106br.hr\/wp-content\/uploads\/2023\/08\/IMG_20230801_092829_MP-1-768x576.jpg 768w, https:\/\/udruga-106br.hr\/wp-content\/uploads\/2023\/08\/IMG_20230801_092829_MP-1-1536x1152.jpg 1536w, https:\/\/udruga-106br.hr\/wp-content\/uploads\/2023\/08\/IMG_20230801_092829_MP-1-2048x1536.jpg 2048w\" sizes=\"auto, (max-width: 1024px) 100vw, 1024px\" \/><\/figure>\n\n\n\n<figure class=\"wp-block-image size-large\"><img loading=\"lazy\" decoding=\"async\" width=\"1024\" height=\"768\" data-id=\"2364\" src=\"https:\/\/udruga-106br.hr\/wp-content\/uploads\/2023\/08\/IMG_20230801_092821_MP-1-1024x768.jpg\" alt=\"\" class=\"wp-image-2364\" srcset=\"https:\/\/udruga-106br.hr\/wp-content\/uploads\/2023\/08\/IMG_20230801_092821_MP-1-1024x768.jpg 1024w, https:\/\/udruga-106br.hr\/wp-content\/uploads\/2023\/08\/IMG_20230801_092821_MP-1-300x225.jpg 300w, https:\/\/udruga-106br.hr\/wp-content\/uploads\/2023\/08\/IMG_20230801_092821_MP-1-768x576.jpg 768w, https:\/\/udruga-106br.hr\/wp-content\/uploads\/2023\/08\/IMG_20230801_092821_MP-1-1536x1152.jpg 1536w, https:\/\/udruga-106br.hr\/wp-content\/uploads\/2023\/08\/IMG_20230801_092821_MP-1-2048x1536.jpg 2048w\" sizes=\"auto, (max-width: 1024px) 100vw, 1024px\" \/><\/figure>\n<\/figure>\n\n\n\n<p>Nakon komemoracije u Crkvi svetog Josipa u Dalju, odr\u017eana je sveta misa u \u010dast poginulih branitelja.<\/p>\n\n\n\n<p>Ove godine tako\u0111er su odr\u017eane Memorijalna utrka Dalj &#8217;91, u kojoj su sudjelovali policijski slu\u017ebenici, vojnici i pripadnici civilne za\u0161tite, te tradicionalni malonogometni Memorijalni turnir Dalj &#8217;91, na kojem su djelatnici PGP Dalj odnijeli pobjedu.<\/p>\n<!-- AddThis Advanced Settings generic via filter on the_content --><!-- AddThis Share Buttons generic via filter on the_content -->","protected":false},"excerpt":{"rendered":"<p>Na dan 1. kolovoza 1991., jedinice 51. motorizirane brigade Jugoslavenske narodne armije napale su podru\u010dje Dalja i Erduta, a policijski slu\u017ebenici i branitelji hrabro su se borili za obranu. Borba je trajala do deset sati, kada je tenkovski projektil pogodio policijsku postaju i potpuno je uni\u0161tio. Branitelji koji nisu poginuli od projektila bili su brutalno &hellip; <a href=\"https:\/\/udruga-106br.hr\/index.php\/obiljezena-32-godisnjica-pogibije-hrvatskih-branitelja-u-dalju\/\" class=\"more-link\">Nastavi \u010ditati <span class=\"screen-reader-text\">Obilje\u017eena 32. godi\u0161njica pogibije hrvatskih branitelja u Dalju<\/span><\/a><!-- AddThis Advanced Settings generic via filter on get_the_excerpt --><!-- AddThis Share Buttons generic via filter on get_the_excerpt --><\/p>\n","protected":false},"author":1,"featured_media":0,"comment_status":"closed","ping_status":"closed","sticky":false,"template":"","format":"standard","meta":{"footnotes":""},"categories":[32],"tags":[],"class_list":["post-2349","post","type-post","status-publish","format-standard","hentry","category-iz-zivota-udruge"],"_links":{"self":[{"href":"https:\/\/udruga-106br.hr\/index.php\/wp-json\/wp\/v2\/posts\/2349","targetHints":{"allow":["GET"]}}],"collection":[{"href":"https:\/\/udruga-106br.hr\/index.php\/wp-json\/wp\/v2\/posts"}],"about":[{"href":"https:\/\/udruga-106br.hr\/index.php\/wp-json\/wp\/v2\/types\/post"}],"author":[{"embeddable":true,"href":"https:\/\/udruga-106br.hr\/index.php\/wp-json\/wp\/v2\/users\/1"}],"replies":[{"embeddable":true,"href":"https:\/\/udruga-106br.hr\/index.php\/wp-json\/wp\/v2\/comments?post=2349"}],"version-history":[{"count":3,"href":"https:\/\/udruga-106br.hr\/index.php\/wp-json\/wp\/v2\/posts\/2349\/revisions"}],"predecessor-version":[{"id":3434,"href":"https:\/\/udruga-106br.hr\/index.php\/wp-json\/wp\/v2\/posts\/2349\/revisions\/3434"}],"wp:attachment":[{"href":"https:\/\/udruga-106br.hr\/index.php\/wp-json\/wp\/v2\/media?parent=2349"}],"wp:term":[{"taxonomy":"category","embeddable":true,"href":"https:\/\/udruga-106br.hr\/index.php\/wp-json\/wp\/v2\/categories?post=2349"},{"taxonomy":"post_tag","embeddable":true,"href":"https:\/\/udruga-106br.hr\/index.php\/wp-json\/wp\/v2\/tags?post=2349"}],"curies":[{"name":"wp","href":"https:\/\/api.w.org\/{rel}","templated":true}]}}