{"id":2373,"date":"2023-08-04T22:10:31","date_gmt":"2023-08-04T20:10:31","guid":{"rendered":"https:\/\/udruga-106br.hr\/?p=2373"},"modified":"2025-10-17T21:53:24","modified_gmt":"2025-10-17T19:53:24","slug":"cestitka-za-dan-pobjede-i-domovinske-zahvalnosti-dan-hrvatskih-branitelja-i-28-obljetnicu-vojno-redarstvene-operacije-oluja","status":"publish","type":"post","link":"https:\/\/udruga-106br.hr\/index.php\/cestitka-za-dan-pobjede-i-domovinske-zahvalnosti-dan-hrvatskih-branitelja-i-28-obljetnicu-vojno-redarstvene-operacije-oluja\/","title":{"rendered":"\u010cestitka za Dan pobjede i domovinske zahvalnosti, Dan hrvatskih branitelja i 28. obljetnicu vojno-redarstvene operacije Oluja"},"content":{"rendered":"\n<figure class=\"wp-block-image size-large\"><img loading=\"lazy\" decoding=\"async\" width=\"1024\" height=\"1024\" src=\"https:\/\/udruga-106br.hr\/wp-content\/uploads\/2023\/08\/SRETAN-DAN-POBJEDE-I-DOMOVINSKE-ZAHVALNOSTI-I-DAN-HRVATSKIH-BRANITELJA-1024x1024.png\" alt=\"\" class=\"wp-image-2374\" srcset=\"https:\/\/udruga-106br.hr\/wp-content\/uploads\/2023\/08\/SRETAN-DAN-POBJEDE-I-DOMOVINSKE-ZAHVALNOSTI-I-DAN-HRVATSKIH-BRANITELJA-1024x1024.png 1024w, https:\/\/udruga-106br.hr\/wp-content\/uploads\/2023\/08\/SRETAN-DAN-POBJEDE-I-DOMOVINSKE-ZAHVALNOSTI-I-DAN-HRVATSKIH-BRANITELJA-300x300.png 300w, https:\/\/udruga-106br.hr\/wp-content\/uploads\/2023\/08\/SRETAN-DAN-POBJEDE-I-DOMOVINSKE-ZAHVALNOSTI-I-DAN-HRVATSKIH-BRANITELJA-150x150.png 150w, https:\/\/udruga-106br.hr\/wp-content\/uploads\/2023\/08\/SRETAN-DAN-POBJEDE-I-DOMOVINSKE-ZAHVALNOSTI-I-DAN-HRVATSKIH-BRANITELJA-768x768.png 768w, https:\/\/udruga-106br.hr\/wp-content\/uploads\/2023\/08\/SRETAN-DAN-POBJEDE-I-DOMOVINSKE-ZAHVALNOSTI-I-DAN-HRVATSKIH-BRANITELJA.png 1080w\" sizes=\"auto, (max-width: 1024px) 100vw, 1024px\" \/><\/figure>\n\n\n\n<p>Po\u0161tovane obitelji poginulih, nestalih i umrlih hrvatskih branitelja, dragi prijatelji, pripadnici 106. brigade, \u010dlanovi udruge i svi hrvatski branitelji, u ovom sve\u010danom trenutku, sa po\u0161tovanjem i zahvalno\u0161\u0107u, \u010destitam Vam Dan pobjede i domovinske zahvalnosti, Dan hrvatskih branitelja i 28. obljetnicu vojno-redarstvene operacije Oluja.<\/p>\n\n\n\n<p>Duboko smo zahvalni i ponosni na sve u\u010dinjeno za za\u0161titu na\u0161e domovine, obranu njene granice te stvaranje boljeg sutra za budu\u0107e generacije.<\/p>\n\n\n\n<p>Danas se sje\u0107amo svih na\u0161ih suboraca koji su dali svoje \u017eivote za na\u0161u slobodu, na\u0161ih nestalih, te svih onih koji vi\u0161e nisu s nama. Neka njihova \u017ertva nikada ne bude zaboravljena, a mi \u0107emo nastaviti \u010duvati i njegovati njihovu uspomenu.<\/p>\n\n\n\n<p>Ujedinjeni u po\u0161tovanju prema svim braniteljima i njihovim obiteljima, obilje\u017eavamo ovaj dan kao simbol na\u0161e zahvalnosti i po\u0161tovanja prema svima vama, hrabrim borcima za slobodu i domovinu.<\/p>\n\n\n\n<p>Neka ovaj Dan pobjede i domovinske zahvalnosti, Dan hrvatskih branitelja i 28. obljetnica vojno-redarstvene operacije Oluja bude prilika da se prisjetimo iznimnih doprinosa i da zajedni\u010dki gradimo bolju budu\u0107nost za na\u0161u domovinu.<\/p>\n\n\n\n<p>S po\u0161tovanjem,<br>Dubravko Panci\u0107<br>predsjednik Udruge 106. brigade ZNG RH<\/p>\n<!-- AddThis Advanced Settings generic via filter on the_content --><!-- AddThis Share Buttons generic via filter on the_content -->","protected":false},"excerpt":{"rendered":"<p>Po\u0161tovane obitelji poginulih, nestalih i umrlih hrvatskih branitelja, dragi prijatelji, pripadnici 106. brigade, \u010dlanovi udruge i svi hrvatski branitelji, u ovom sve\u010danom trenutku, sa po\u0161tovanjem i zahvalno\u0161\u0107u, \u010destitam Vam Dan pobjede i domovinske zahvalnosti, Dan hrvatskih branitelja i 28. obljetnicu vojno-redarstvene operacije Oluja. Duboko smo zahvalni i ponosni na sve u\u010dinjeno za za\u0161titu na\u0161e domovine, &hellip; <a href=\"https:\/\/udruga-106br.hr\/index.php\/cestitka-za-dan-pobjede-i-domovinske-zahvalnosti-dan-hrvatskih-branitelja-i-28-obljetnicu-vojno-redarstvene-operacije-oluja\/\" class=\"more-link\">Nastavi \u010ditati <span class=\"screen-reader-text\">\u010cestitka za Dan pobjede i domovinske zahvalnosti, Dan hrvatskih branitelja i 28. obljetnicu vojno-redarstvene operacije Oluja<\/span><\/a><!-- AddThis Advanced Settings generic via filter on get_the_excerpt --><!-- AddThis Share Buttons generic via filter on get_the_excerpt --><\/p>\n","protected":false},"author":1,"featured_media":0,"comment_status":"closed","ping_status":"closed","sticky":false,"template":"","format":"standard","meta":{"footnotes":""},"categories":[32],"tags":[],"class_list":["post-2373","post","type-post","status-publish","format-standard","hentry","category-iz-zivota-udruge"],"_links":{"self":[{"href":"https:\/\/udruga-106br.hr\/index.php\/wp-json\/wp\/v2\/posts\/2373","targetHints":{"allow":["GET"]}}],"collection":[{"href":"https:\/\/udruga-106br.hr\/index.php\/wp-json\/wp\/v2\/posts"}],"about":[{"href":"https:\/\/udruga-106br.hr\/index.php\/wp-json\/wp\/v2\/types\/post"}],"author":[{"embeddable":true,"href":"https:\/\/udruga-106br.hr\/index.php\/wp-json\/wp\/v2\/users\/1"}],"replies":[{"embeddable":true,"href":"https:\/\/udruga-106br.hr\/index.php\/wp-json\/wp\/v2\/comments?post=2373"}],"version-history":[{"count":1,"href":"https:\/\/udruga-106br.hr\/index.php\/wp-json\/wp\/v2\/posts\/2373\/revisions"}],"predecessor-version":[{"id":2375,"href":"https:\/\/udruga-106br.hr\/index.php\/wp-json\/wp\/v2\/posts\/2373\/revisions\/2375"}],"wp:attachment":[{"href":"https:\/\/udruga-106br.hr\/index.php\/wp-json\/wp\/v2\/media?parent=2373"}],"wp:term":[{"taxonomy":"category","embeddable":true,"href":"https:\/\/udruga-106br.hr\/index.php\/wp-json\/wp\/v2\/categories?post=2373"},{"taxonomy":"post_tag","embeddable":true,"href":"https:\/\/udruga-106br.hr\/index.php\/wp-json\/wp\/v2\/tags?post=2373"}],"curies":[{"name":"wp","href":"https:\/\/api.w.org\/{rel}","templated":true}]}}