{"id":2376,"date":"2023-08-06T11:05:29","date_gmt":"2023-08-06T09:05:29","guid":{"rendered":"https:\/\/udruga-106br.hr\/?p=2376"},"modified":"2025-10-17T21:53:24","modified_gmt":"2025-10-17T19:53:24","slug":"5-8-2023-dan-pobjede-i-domovinske-zahvalnosti-dan-hrvatskih-branitelja-i-28-obljetnica-vojno-redarstvene-operacije-oluja","status":"publish","type":"post","link":"https:\/\/udruga-106br.hr\/index.php\/5-8-2023-dan-pobjede-i-domovinske-zahvalnosti-dan-hrvatskih-branitelja-i-28-obljetnica-vojno-redarstvene-operacije-oluja\/","title":{"rendered":"5.8.2023. Dan pobjede i domovinske zahvalnosti, Dan hrvatskih branitelja i 28. obljetnica vojno-redarstvene operacije Oluja"},"content":{"rendered":"\n<p>Na dan 5. kolovoza, zajedno s odavanjem po\u010dasti i dubokog po\u0161tovanja prema hrabrim junacima i svima koji su dali svoje \u017eivote za slobodu i neovisnost Hrvatske, na Kapelici Kraljice mira obilje\u017een je Dan pobjede i domovinske zahvalnosti te Dan hrvatskih branitelja.<\/p>\n\n\n\n<figure class=\"wp-block-image size-large\"><img loading=\"lazy\" decoding=\"async\" width=\"1024\" height=\"768\" src=\"https:\/\/udruga-106br.hr\/wp-content\/uploads\/2023\/08\/20230805_085013-1024x768.jpg\" alt=\"\" class=\"wp-image-2377\" srcset=\"https:\/\/udruga-106br.hr\/wp-content\/uploads\/2023\/08\/20230805_085013-1024x768.jpg 1024w, https:\/\/udruga-106br.hr\/wp-content\/uploads\/2023\/08\/20230805_085013-300x225.jpg 300w, https:\/\/udruga-106br.hr\/wp-content\/uploads\/2023\/08\/20230805_085013-768x576.jpg 768w, https:\/\/udruga-106br.hr\/wp-content\/uploads\/2023\/08\/20230805_085013-1536x1152.jpg 1536w, https:\/\/udruga-106br.hr\/wp-content\/uploads\/2023\/08\/20230805_085013-2048x1536.jpg 2048w\" sizes=\"auto, (max-width: 1024px) 100vw, 1024px\" \/><\/figure>\n\n\n\n<p>Sve\u010danom ceremonijom polaganja vijenaca i paljenjem svije\u0107a, odana je po\u010dast hrabrim ljudima koji su se nesebi\u010dno borili za suverenitet i mir na\u0161e domovine. Taj poseban dan podsje\u0107a nas na vrijednost zajedni\u0161tva, hrabrosti i odlu\u010dnosti koju su na\u0161i branitelji demonstrirali tijekom Domovinskog rata.<\/p>\n\n\n\n<figure class=\"wp-block-gallery has-nested-images columns-default is-cropped wp-block-gallery-1 is-layout-flex wp-block-gallery-is-layout-flex\">\n<figure class=\"wp-block-image size-large\"><img loading=\"lazy\" decoding=\"async\" width=\"1024\" height=\"768\" data-id=\"2378\" src=\"https:\/\/udruga-106br.hr\/wp-content\/uploads\/2023\/08\/20230805_085849-1024x768.jpg\" alt=\"\" class=\"wp-image-2378\" srcset=\"https:\/\/udruga-106br.hr\/wp-content\/uploads\/2023\/08\/20230805_085849-1024x768.jpg 1024w, https:\/\/udruga-106br.hr\/wp-content\/uploads\/2023\/08\/20230805_085849-300x225.jpg 300w, https:\/\/udruga-106br.hr\/wp-content\/uploads\/2023\/08\/20230805_085849-768x576.jpg 768w, https:\/\/udruga-106br.hr\/wp-content\/uploads\/2023\/08\/20230805_085849-1536x1152.jpg 1536w, https:\/\/udruga-106br.hr\/wp-content\/uploads\/2023\/08\/20230805_085849-2048x1536.jpg 2048w\" sizes=\"auto, (max-width: 1024px) 100vw, 1024px\" \/><\/figure>\n\n\n\n<figure class=\"wp-block-image size-large\"><img loading=\"lazy\" decoding=\"async\" width=\"1024\" height=\"768\" data-id=\"2382\" src=\"https:\/\/udruga-106br.hr\/wp-content\/uploads\/2023\/08\/20230805_090040-1024x768.jpg\" alt=\"\" class=\"wp-image-2382\" srcset=\"https:\/\/udruga-106br.hr\/wp-content\/uploads\/2023\/08\/20230805_090040-1024x768.jpg 1024w, https:\/\/udruga-106br.hr\/wp-content\/uploads\/2023\/08\/20230805_090040-300x225.jpg 300w, https:\/\/udruga-106br.hr\/wp-content\/uploads\/2023\/08\/20230805_090040-768x576.jpg 768w, https:\/\/udruga-106br.hr\/wp-content\/uploads\/2023\/08\/20230805_090040-1536x1152.jpg 1536w, https:\/\/udruga-106br.hr\/wp-content\/uploads\/2023\/08\/20230805_090040-2048x1536.jpg 2048w\" sizes=\"auto, (max-width: 1024px) 100vw, 1024px\" \/><\/figure>\n\n\n\n<figure class=\"wp-block-image size-large\"><img loading=\"lazy\" decoding=\"async\" width=\"768\" height=\"1024\" data-id=\"2383\" src=\"https:\/\/udruga-106br.hr\/wp-content\/uploads\/2023\/08\/20230805_090144-768x1024.jpg\" alt=\"\" class=\"wp-image-2383\" srcset=\"https:\/\/udruga-106br.hr\/wp-content\/uploads\/2023\/08\/20230805_090144-768x1024.jpg 768w, https:\/\/udruga-106br.hr\/wp-content\/uploads\/2023\/08\/20230805_090144-225x300.jpg 225w, https:\/\/udruga-106br.hr\/wp-content\/uploads\/2023\/08\/20230805_090144-1152x1536.jpg 1152w, https:\/\/udruga-106br.hr\/wp-content\/uploads\/2023\/08\/20230805_090144-1536x2048.jpg 1536w, https:\/\/udruga-106br.hr\/wp-content\/uploads\/2023\/08\/20230805_090144-scaled.jpg 1920w\" sizes=\"auto, (max-width: 768px) 100vw, 768px\" \/><\/figure>\n\n\n\n<figure class=\"wp-block-image size-large\"><img loading=\"lazy\" decoding=\"async\" width=\"1024\" height=\"768\" data-id=\"2379\" src=\"https:\/\/udruga-106br.hr\/wp-content\/uploads\/2023\/08\/20230805_090322-1024x768.jpg\" alt=\"\" class=\"wp-image-2379\" srcset=\"https:\/\/udruga-106br.hr\/wp-content\/uploads\/2023\/08\/20230805_090322-1024x768.jpg 1024w, https:\/\/udruga-106br.hr\/wp-content\/uploads\/2023\/08\/20230805_090322-300x225.jpg 300w, https:\/\/udruga-106br.hr\/wp-content\/uploads\/2023\/08\/20230805_090322-768x576.jpg 768w, https:\/\/udruga-106br.hr\/wp-content\/uploads\/2023\/08\/20230805_090322-1536x1152.jpg 1536w, https:\/\/udruga-106br.hr\/wp-content\/uploads\/2023\/08\/20230805_090322-2048x1536.jpg 2048w\" sizes=\"auto, (max-width: 1024px) 100vw, 1024px\" \/><\/figure>\n\n\n\n<figure class=\"wp-block-image size-large\"><img loading=\"lazy\" decoding=\"async\" width=\"1024\" height=\"768\" data-id=\"2381\" src=\"https:\/\/udruga-106br.hr\/wp-content\/uploads\/2023\/08\/20230805_090335-1024x768.jpg\" alt=\"\" class=\"wp-image-2381\" srcset=\"https:\/\/udruga-106br.hr\/wp-content\/uploads\/2023\/08\/20230805_090335-1024x768.jpg 1024w, https:\/\/udruga-106br.hr\/wp-content\/uploads\/2023\/08\/20230805_090335-300x225.jpg 300w, https:\/\/udruga-106br.hr\/wp-content\/uploads\/2023\/08\/20230805_090335-768x576.jpg 768w, https:\/\/udruga-106br.hr\/wp-content\/uploads\/2023\/08\/20230805_090335-1536x1152.jpg 1536w, https:\/\/udruga-106br.hr\/wp-content\/uploads\/2023\/08\/20230805_090335-2048x1536.jpg 2048w\" sizes=\"auto, (max-width: 1024px) 100vw, 1024px\" \/><\/figure>\n<\/figure>\n\n\n\n<p>Uz prisustvo vojnih i civilnih vlasti, obitelji branitelja i gra\u0111ana, na\u0161e misli su bile usmjerene prema onima koji su svoje \u017eivote utkali u temelje slobodne Hrvatske. Njihov neizmjerni doprinos i \u017ertva ne\u0107e nikada biti zaboravljeni.<\/p>\n\n\n\n<p>Tako\u0111er, u Josipovcu kod spomenika hrvatskih branitelja paljenjem svije\u0107a s ponosom i zahvalno\u0161\u0107u odala se po\u010dast na\u0161im hrabrim braniteljima te nastavljamo njihovu \u017ertvu \u010duvati u svojim srcima kao inspiraciju za izgradnju jo\u0161 ja\u010de i jedinstvenije Hrvatske. <br><\/p>\n\n\n\n<figure class=\"wp-block-gallery has-nested-images columns-default is-cropped wp-block-gallery-2 is-layout-flex wp-block-gallery-is-layout-flex\">\n<figure class=\"wp-block-image size-large\"><img loading=\"lazy\" decoding=\"async\" width=\"1024\" height=\"576\" data-id=\"2385\" src=\"https:\/\/udruga-106br.hr\/wp-content\/uploads\/2023\/08\/IMG-ae97716743c2a537d15d507dc12a7e1c-V-1024x576.jpg\" alt=\"\" class=\"wp-image-2385\" srcset=\"https:\/\/udruga-106br.hr\/wp-content\/uploads\/2023\/08\/IMG-ae97716743c2a537d15d507dc12a7e1c-V-1024x576.jpg 1024w, https:\/\/udruga-106br.hr\/wp-content\/uploads\/2023\/08\/IMG-ae97716743c2a537d15d507dc12a7e1c-V-300x169.jpg 300w, https:\/\/udruga-106br.hr\/wp-content\/uploads\/2023\/08\/IMG-ae97716743c2a537d15d507dc12a7e1c-V-768x432.jpg 768w, https:\/\/udruga-106br.hr\/wp-content\/uploads\/2023\/08\/IMG-ae97716743c2a537d15d507dc12a7e1c-V-1536x864.jpg 1536w, https:\/\/udruga-106br.hr\/wp-content\/uploads\/2023\/08\/IMG-ae97716743c2a537d15d507dc12a7e1c-V.jpg 1600w\" sizes=\"auto, (max-width: 1024px) 100vw, 1024px\" \/><\/figure>\n\n\n\n<figure class=\"wp-block-image size-large\"><img loading=\"lazy\" decoding=\"async\" width=\"1024\" height=\"576\" data-id=\"2384\" src=\"https:\/\/udruga-106br.hr\/wp-content\/uploads\/2023\/08\/IMG-5fee2490a1a581223265beb836c61754-V-1024x576.jpg\" alt=\"\" class=\"wp-image-2384\" srcset=\"https:\/\/udruga-106br.hr\/wp-content\/uploads\/2023\/08\/IMG-5fee2490a1a581223265beb836c61754-V-1024x576.jpg 1024w, https:\/\/udruga-106br.hr\/wp-content\/uploads\/2023\/08\/IMG-5fee2490a1a581223265beb836c61754-V-300x169.jpg 300w, https:\/\/udruga-106br.hr\/wp-content\/uploads\/2023\/08\/IMG-5fee2490a1a581223265beb836c61754-V-768x432.jpg 768w, https:\/\/udruga-106br.hr\/wp-content\/uploads\/2023\/08\/IMG-5fee2490a1a581223265beb836c61754-V-1536x864.jpg 1536w, https:\/\/udruga-106br.hr\/wp-content\/uploads\/2023\/08\/IMG-5fee2490a1a581223265beb836c61754-V.jpg 1600w\" sizes=\"auto, (max-width: 1024px) 100vw, 1024px\" \/><\/figure>\n<\/figure>\n<!-- AddThis Advanced Settings generic via filter on the_content --><!-- AddThis Share Buttons generic via filter on the_content -->","protected":false},"excerpt":{"rendered":"<p>Na dan 5. kolovoza, zajedno s odavanjem po\u010dasti i dubokog po\u0161tovanja prema hrabrim junacima i svima koji su dali svoje \u017eivote za slobodu i neovisnost Hrvatske, na Kapelici Kraljice mira obilje\u017een je Dan pobjede i domovinske zahvalnosti te Dan hrvatskih branitelja. Sve\u010danom ceremonijom polaganja vijenaca i paljenjem svije\u0107a, odana je po\u010dast hrabrim ljudima koji su &hellip; <a href=\"https:\/\/udruga-106br.hr\/index.php\/5-8-2023-dan-pobjede-i-domovinske-zahvalnosti-dan-hrvatskih-branitelja-i-28-obljetnica-vojno-redarstvene-operacije-oluja\/\" class=\"more-link\">Nastavi \u010ditati <span class=\"screen-reader-text\">5.8.2023. Dan pobjede i domovinske zahvalnosti, Dan hrvatskih branitelja i 28. obljetnica vojno-redarstvene operacije Oluja<\/span><\/a><!-- AddThis Advanced Settings generic via filter on get_the_excerpt --><!-- AddThis Share Buttons generic via filter on get_the_excerpt --><\/p>\n","protected":false},"author":1,"featured_media":0,"comment_status":"closed","ping_status":"closed","sticky":false,"template":"","format":"standard","meta":{"footnotes":""},"categories":[32],"tags":[],"class_list":["post-2376","post","type-post","status-publish","format-standard","hentry","category-iz-zivota-udruge"],"_links":{"self":[{"href":"https:\/\/udruga-106br.hr\/index.php\/wp-json\/wp\/v2\/posts\/2376","targetHints":{"allow":["GET"]}}],"collection":[{"href":"https:\/\/udruga-106br.hr\/index.php\/wp-json\/wp\/v2\/posts"}],"about":[{"href":"https:\/\/udruga-106br.hr\/index.php\/wp-json\/wp\/v2\/types\/post"}],"author":[{"embeddable":true,"href":"https:\/\/udruga-106br.hr\/index.php\/wp-json\/wp\/v2\/users\/1"}],"replies":[{"embeddable":true,"href":"https:\/\/udruga-106br.hr\/index.php\/wp-json\/wp\/v2\/comments?post=2376"}],"version-history":[{"count":2,"href":"https:\/\/udruga-106br.hr\/index.php\/wp-json\/wp\/v2\/posts\/2376\/revisions"}],"predecessor-version":[{"id":3432,"href":"https:\/\/udruga-106br.hr\/index.php\/wp-json\/wp\/v2\/posts\/2376\/revisions\/3432"}],"wp:attachment":[{"href":"https:\/\/udruga-106br.hr\/index.php\/wp-json\/wp\/v2\/media?parent=2376"}],"wp:term":[{"taxonomy":"category","embeddable":true,"href":"https:\/\/udruga-106br.hr\/index.php\/wp-json\/wp\/v2\/categories?post=2376"},{"taxonomy":"post_tag","embeddable":true,"href":"https:\/\/udruga-106br.hr\/index.php\/wp-json\/wp\/v2\/tags?post=2376"}],"curies":[{"name":"wp","href":"https:\/\/api.w.org\/{rel}","templated":true}]}}