{"id":2387,"date":"2023-08-07T14:14:44","date_gmt":"2023-08-07T12:14:44","guid":{"rendered":"https:\/\/udruga-106br.hr\/?p=2387"},"modified":"2025-10-17T21:53:24","modified_gmt":"2025-10-17T19:53:24","slug":"obitelj-mjesto-oprastanja","status":"publish","type":"post","link":"https:\/\/udruga-106br.hr\/index.php\/obitelj-mjesto-oprastanja\/","title":{"rendered":"*OBITELJ, MJESTO OPRA\u0160TANJA\u2026"},"content":{"rendered":"\n<p>Dragi prijatelji i pratitelji, \u0161aljemo homiliju koju je Papa pro\u010ditao na duhovnoj vje\u017ebi u Portugalu.<\/p>\n\n\n\n<p>Bez obzira na vjeru, pogledajte kako je lijepo sve \u0161to je papa Franjo napisao o obitelji:<\/p>\n\n\n\n<p>*OBITELJ, MJESTO OPRA\u0160TANJA\u2026<br>*<em>Ne postoji savr\u0161ena obitelj.<\/em> *<br>Mi nemamo savr\u0161ene roditelje, nismo savr\u0161eni, ne \u017eenimo se savr\u0161enom osobom niti imamo savr\u0161enu djecu.<\/p>\n\n\n\n<p>Imamo pritu\u017ebe na druge.*<br>*Iznevjerili smo jedni druge. Stoga nema zdravog braka ni zdrave obitelji bez vje\u017ebe opra\u0161tanja.<\/p>\n\n\n\n<p>Opra\u0161tanje je klju\u010dno za na\u0161e emocionalno zdravlje i duhovni opstanak.*<br><em>Bez oprosta, obitelj postaje arena sukoba i stjeci\u0161te tuge.<\/em><\/p>\n\n\n\n<ul class=\"wp-block-list\"><li>Bez oprosta obitelj obolijeva.<\/li><\/ul>\n\n\n\n<p>Opra\u0161tanje je asepsa du\u0161e, \u010di\u0161\u0107enje uma i alforria srca *<\/p>\n\n\n\n<ul class=\"wp-block-list\"><li>Tko ne opra\u0161ta, nema mira u du\u0161i, ni zajednice s Bogom.<br>Tuga je otrov koji opija i ubija.<br>Zadr\u017eavanje boli u srcu je samodestruktivna gesta.*<br><em>To je autofagija. Oni koji ne opra\u0161taju razbolijevaju se fizi\u010dki, emocionalno i duhovno.<\/em><\/li><\/ul>\n\n\n\n<p><em>I zato obitelj treba biti mjesto \u017eivota, a ne smrti;<\/em><br><em>Teritorij lije\u010denja, a ne bolesti; Scenarij oprosta, a ne krivnje. Oprost donosi radost tamo gdje je tuga proizvela tugu; u kojoj je bol uzrokovala bolest.<\/em><\/p>\n\n\n\n<p><em>Papa Francisco.<\/em><\/p>\n\n\n<div class=\"wp-block-image\">\n<figure class=\"aligncenter size-large\"><img loading=\"lazy\" decoding=\"async\" width=\"1024\" height=\"830\" src=\"https:\/\/udruga-106br.hr\/wp-content\/uploads\/2023\/08\/obitelj-1024x830.jpg\" alt=\"\" class=\"wp-image-2388\" srcset=\"https:\/\/udruga-106br.hr\/wp-content\/uploads\/2023\/08\/obitelj-1024x830.jpg 1024w, https:\/\/udruga-106br.hr\/wp-content\/uploads\/2023\/08\/obitelj-300x243.jpg 300w, https:\/\/udruga-106br.hr\/wp-content\/uploads\/2023\/08\/obitelj-768x622.jpg 768w, https:\/\/udruga-106br.hr\/wp-content\/uploads\/2023\/08\/obitelj.jpg 1280w\" sizes=\"auto, (max-width: 1024px) 100vw, 1024px\" \/><\/figure><\/div>\n\n\n<p class=\"has-text-align-center\">Papa tra\u017ei da ovu poruku po\u0161aljemo svim obiteljima koje poznajemo i mi to \u010dinimo, \u017eelimo da i va\u0161e obitelji \u010ditaju.<\/p>\n\n\n\n<p class=\"has-text-align-center\">Dijelite sa svojom obitelji i prijateljima. &#x2764;&#xfe0f;<\/p>\n<!-- AddThis Advanced Settings generic via filter on the_content --><!-- AddThis Share Buttons generic via filter on the_content -->","protected":false},"excerpt":{"rendered":"<p>Dragi prijatelji i pratitelji, \u0161aljemo homiliju koju je Papa pro\u010ditao na duhovnoj vje\u017ebi u Portugalu. Bez obzira na vjeru, pogledajte kako je lijepo sve \u0161to je papa Franjo napisao o obitelji: *OBITELJ, MJESTO OPRA\u0160TANJA\u2026*Ne postoji savr\u0161ena obitelj. *Mi nemamo savr\u0161ene roditelje, nismo savr\u0161eni, ne \u017eenimo se savr\u0161enom osobom niti imamo savr\u0161enu djecu. Imamo pritu\u017ebe na &hellip; <a href=\"https:\/\/udruga-106br.hr\/index.php\/obitelj-mjesto-oprastanja\/\" class=\"more-link\">Nastavi \u010ditati <span class=\"screen-reader-text\">*OBITELJ, MJESTO OPRA\u0160TANJA\u2026<\/span><\/a><!-- AddThis Advanced Settings generic via filter on get_the_excerpt --><!-- AddThis Share Buttons generic via filter on get_the_excerpt --><\/p>\n","protected":false},"author":1,"featured_media":0,"comment_status":"closed","ping_status":"closed","sticky":false,"template":"","format":"standard","meta":{"footnotes":""},"categories":[32],"tags":[],"class_list":["post-2387","post","type-post","status-publish","format-standard","hentry","category-iz-zivota-udruge"],"_links":{"self":[{"href":"https:\/\/udruga-106br.hr\/index.php\/wp-json\/wp\/v2\/posts\/2387","targetHints":{"allow":["GET"]}}],"collection":[{"href":"https:\/\/udruga-106br.hr\/index.php\/wp-json\/wp\/v2\/posts"}],"about":[{"href":"https:\/\/udruga-106br.hr\/index.php\/wp-json\/wp\/v2\/types\/post"}],"author":[{"embeddable":true,"href":"https:\/\/udruga-106br.hr\/index.php\/wp-json\/wp\/v2\/users\/1"}],"replies":[{"embeddable":true,"href":"https:\/\/udruga-106br.hr\/index.php\/wp-json\/wp\/v2\/comments?post=2387"}],"version-history":[{"count":1,"href":"https:\/\/udruga-106br.hr\/index.php\/wp-json\/wp\/v2\/posts\/2387\/revisions"}],"predecessor-version":[{"id":2389,"href":"https:\/\/udruga-106br.hr\/index.php\/wp-json\/wp\/v2\/posts\/2387\/revisions\/2389"}],"wp:attachment":[{"href":"https:\/\/udruga-106br.hr\/index.php\/wp-json\/wp\/v2\/media?parent=2387"}],"wp:term":[{"taxonomy":"category","embeddable":true,"href":"https:\/\/udruga-106br.hr\/index.php\/wp-json\/wp\/v2\/categories?post=2387"},{"taxonomy":"post_tag","embeddable":true,"href":"https:\/\/udruga-106br.hr\/index.php\/wp-json\/wp\/v2\/tags?post=2387"}],"curies":[{"name":"wp","href":"https:\/\/api.w.org\/{rel}","templated":true}]}}