{"id":2390,"date":"2023-08-11T09:41:06","date_gmt":"2023-08-11T07:41:06","guid":{"rendered":"https:\/\/udruga-106br.hr\/?p=2390"},"modified":"2025-10-17T21:53:24","modified_gmt":"2025-10-17T19:53:24","slug":"32-obljetnica-od-nastanka-hrvatske-policije-i-stradavanja-prvih-hrvatskih-policajaca-na-podrucju-baranje-te-27-godina-od-povratka-u-maticnu-policijsku-postaju-13-8-2023","status":"publish","type":"post","link":"https:\/\/udruga-106br.hr\/index.php\/32-obljetnica-od-nastanka-hrvatske-policije-i-stradavanja-prvih-hrvatskih-policajaca-na-podrucju-baranje-te-27-godina-od-povratka-u-maticnu-policijsku-postaju-13-8-2023\/","title":{"rendered":"32. obljetnica od nastanka Hrvatske policije i stradavanja prvih hrvatskih policajaca na podru\u010dju Baranje te 27 godina od povratka u mati\u010dnu policijsku postaju &#8211; 13. 8. 2023."},"content":{"rendered":"\n<p>Dana 13. kolovoza 2023. godine, bit \u0107e sve\u010dano obilje\u017eena 32. godi\u0161njica osnutka hrvatske policije u Baranji, kao i sje\u0107anje na stradavanje prvih hrvatskih policajaca na podru\u010dju Baranje.<br>Ovim doga\u0111ajem tako\u0111er \u0107e se dostojanstveno obilje\u017eiti 27 godina od uspostave Mirne reintegracije i njihovog povratka na okupirana podru\u010dja u mati\u010dnu Policijsku postaju Beli Manastir.<\/p>\n\n\n\n<p>Tom prigodom \u0107e se odr\u017eati ceremonija kojom \u0107emo odati po\u010dast hrabrim hrvatskim braniteljima i policajcima koji su svojim \u017eivotima pridonijeli izgradnji i uspostavi Hrvatske policije ovoga podru\u010dja.<\/p>\n\n\n\n<figure class=\"wp-block-image size-large\"><img loading=\"lazy\" decoding=\"async\" width=\"1024\" height=\"518\" src=\"https:\/\/udruga-106br.hr\/wp-content\/uploads\/2023\/08\/pozivnica2-1024x518.jpg\" alt=\"\" class=\"wp-image-2391\" srcset=\"https:\/\/udruga-106br.hr\/wp-content\/uploads\/2023\/08\/pozivnica2-1024x518.jpg 1024w, https:\/\/udruga-106br.hr\/wp-content\/uploads\/2023\/08\/pozivnica2-300x152.jpg 300w, https:\/\/udruga-106br.hr\/wp-content\/uploads\/2023\/08\/pozivnica2-768x388.jpg 768w, https:\/\/udruga-106br.hr\/wp-content\/uploads\/2023\/08\/pozivnica2-1536x776.jpg 1536w, https:\/\/udruga-106br.hr\/wp-content\/uploads\/2023\/08\/pozivnica2.jpg 1563w\" sizes=\"auto, (max-width: 1024px) 100vw, 1024px\" \/><\/figure>\n\n\n\n<figure class=\"wp-block-image size-large\"><img loading=\"lazy\" decoding=\"async\" width=\"1024\" height=\"514\" src=\"https:\/\/udruga-106br.hr\/wp-content\/uploads\/2023\/08\/pozivnica1-1024x514.jpg\" alt=\"\" class=\"wp-image-2392\" srcset=\"https:\/\/udruga-106br.hr\/wp-content\/uploads\/2023\/08\/pozivnica1-1024x514.jpg 1024w, https:\/\/udruga-106br.hr\/wp-content\/uploads\/2023\/08\/pozivnica1-300x151.jpg 300w, https:\/\/udruga-106br.hr\/wp-content\/uploads\/2023\/08\/pozivnica1-768x385.jpg 768w, https:\/\/udruga-106br.hr\/wp-content\/uploads\/2023\/08\/pozivnica1-1536x771.jpg 1536w, https:\/\/udruga-106br.hr\/wp-content\/uploads\/2023\/08\/pozivnica1.jpg 1548w\" sizes=\"auto, (max-width: 1024px) 100vw, 1024px\" \/><\/figure>\n<!-- AddThis Advanced Settings generic via filter on the_content --><!-- AddThis Share Buttons generic via filter on the_content -->","protected":false},"excerpt":{"rendered":"<p>Dana 13. kolovoza 2023. godine, bit \u0107e sve\u010dano obilje\u017eena 32. godi\u0161njica osnutka hrvatske policije u Baranji, kao i sje\u0107anje na stradavanje prvih hrvatskih policajaca na podru\u010dju Baranje.Ovim doga\u0111ajem tako\u0111er \u0107e se dostojanstveno obilje\u017eiti 27 godina od uspostave Mirne reintegracije i njihovog povratka na okupirana podru\u010dja u mati\u010dnu Policijsku postaju Beli Manastir. Tom prigodom \u0107e se &hellip; <a href=\"https:\/\/udruga-106br.hr\/index.php\/32-obljetnica-od-nastanka-hrvatske-policije-i-stradavanja-prvih-hrvatskih-policajaca-na-podrucju-baranje-te-27-godina-od-povratka-u-maticnu-policijsku-postaju-13-8-2023\/\" class=\"more-link\">Nastavi \u010ditati <span class=\"screen-reader-text\">32. obljetnica od nastanka Hrvatske policije i stradavanja prvih hrvatskih policajaca na podru\u010dju Baranje te 27 godina od povratka u mati\u010dnu policijsku postaju &#8211; 13. 8. 2023.<\/span><\/a><!-- AddThis Advanced Settings generic via filter on get_the_excerpt --><!-- AddThis Share Buttons generic via filter on get_the_excerpt --><\/p>\n","protected":false},"author":1,"featured_media":0,"comment_status":"closed","ping_status":"closed","sticky":false,"template":"","format":"standard","meta":{"footnotes":""},"categories":[32],"tags":[],"class_list":["post-2390","post","type-post","status-publish","format-standard","hentry","category-iz-zivota-udruge"],"_links":{"self":[{"href":"https:\/\/udruga-106br.hr\/index.php\/wp-json\/wp\/v2\/posts\/2390","targetHints":{"allow":["GET"]}}],"collection":[{"href":"https:\/\/udruga-106br.hr\/index.php\/wp-json\/wp\/v2\/posts"}],"about":[{"href":"https:\/\/udruga-106br.hr\/index.php\/wp-json\/wp\/v2\/types\/post"}],"author":[{"embeddable":true,"href":"https:\/\/udruga-106br.hr\/index.php\/wp-json\/wp\/v2\/users\/1"}],"replies":[{"embeddable":true,"href":"https:\/\/udruga-106br.hr\/index.php\/wp-json\/wp\/v2\/comments?post=2390"}],"version-history":[{"count":1,"href":"https:\/\/udruga-106br.hr\/index.php\/wp-json\/wp\/v2\/posts\/2390\/revisions"}],"predecessor-version":[{"id":2393,"href":"https:\/\/udruga-106br.hr\/index.php\/wp-json\/wp\/v2\/posts\/2390\/revisions\/2393"}],"wp:attachment":[{"href":"https:\/\/udruga-106br.hr\/index.php\/wp-json\/wp\/v2\/media?parent=2390"}],"wp:term":[{"taxonomy":"category","embeddable":true,"href":"https:\/\/udruga-106br.hr\/index.php\/wp-json\/wp\/v2\/categories?post=2390"},{"taxonomy":"post_tag","embeddable":true,"href":"https:\/\/udruga-106br.hr\/index.php\/wp-json\/wp\/v2\/tags?post=2390"}],"curies":[{"name":"wp","href":"https:\/\/api.w.org\/{rel}","templated":true}]}}