{"id":2394,"date":"2023-08-12T09:58:22","date_gmt":"2023-08-12T07:58:22","guid":{"rendered":"https:\/\/udruga-106br.hr\/?p=2394"},"modified":"2025-10-17T21:53:14","modified_gmt":"2025-10-17T19:53:14","slug":"obiljezavanje-dana-sjecanja-na-zatocenike-neprijateljskih-logora-u-domovinskom-ratu-nemetin-14-08-2023","status":"publish","type":"post","link":"https:\/\/udruga-106br.hr\/index.php\/obiljezavanje-dana-sjecanja-na-zatocenike-neprijateljskih-logora-u-domovinskom-ratu-nemetin-14-08-2023\/","title":{"rendered":"Obilje\u017eavanje Dana sje\u0107anja na zato\u010denike neprijateljskih logora u Domovinskom ratu \u2013 Nemetin 14.08.2023."},"content":{"rendered":"\n<p>Dana 14. kolovoza 2023., dostojanstveno obilje\u017eavamo Dan sje\u0107anja na zato\u010denike neprijateljskih logora tijekom Domovinskog rata u Nemetinu. <\/p>\n\n\n\n<p>S dubokim po\u0161tovanjem se prisje\u0107amo stradalih i pre\u017eivjelih hrvatskih branitelja koji su pretrpjeli neizmjerne te\u0161ko\u0107e. Ova ceremonija simbolizira po\u0161tovanje prema njihovim \u017ertvama, upu\u0107uje na va\u017enost o\u010duvanja mira i ljudskih prava te nas poti\u010de da iz pro\u0161losti crpimo pouke za bolju budu\u0107nost. <\/p>\n\n\n\n<p>Neka svaka zapaljena svije\u0107a bude svjetlo nade usred tame, a njihova patnja podsjetnik da gradimo dru\u0161tvo su\u017eivota i po\u0161tovanja.<\/p>\n\n\n<div class=\"wp-block-image\">\n<figure class=\"aligncenter size-large\"><img loading=\"lazy\" decoding=\"async\" width=\"1024\" height=\"483\" src=\"https:\/\/udruga-106br.hr\/wp-content\/uploads\/2023\/08\/pozivnica-14.08.2023-1024x483.jpg\" alt=\"\" class=\"wp-image-2395\" srcset=\"https:\/\/udruga-106br.hr\/wp-content\/uploads\/2023\/08\/pozivnica-14.08.2023-1024x483.jpg 1024w, https:\/\/udruga-106br.hr\/wp-content\/uploads\/2023\/08\/pozivnica-14.08.2023-300x141.jpg 300w, https:\/\/udruga-106br.hr\/wp-content\/uploads\/2023\/08\/pozivnica-14.08.2023-768x362.jpg 768w, https:\/\/udruga-106br.hr\/wp-content\/uploads\/2023\/08\/pozivnica-14.08.2023-1536x724.jpg 1536w, https:\/\/udruga-106br.hr\/wp-content\/uploads\/2023\/08\/pozivnica-14.08.2023.jpg 1654w\" sizes=\"auto, (max-width: 1024px) 100vw, 1024px\" \/><\/figure><\/div><!-- AddThis Advanced Settings generic via filter on the_content --><!-- AddThis Share Buttons generic via filter on the_content -->","protected":false},"excerpt":{"rendered":"<p>Dana 14. kolovoza 2023., dostojanstveno obilje\u017eavamo Dan sje\u0107anja na zato\u010denike neprijateljskih logora tijekom Domovinskog rata u Nemetinu. S dubokim po\u0161tovanjem se prisje\u0107amo stradalih i pre\u017eivjelih hrvatskih branitelja koji su pretrpjeli neizmjerne te\u0161ko\u0107e. Ova ceremonija simbolizira po\u0161tovanje prema njihovim \u017ertvama, upu\u0107uje na va\u017enost o\u010duvanja mira i ljudskih prava te nas poti\u010de da iz pro\u0161losti crpimo pouke &hellip; <a href=\"https:\/\/udruga-106br.hr\/index.php\/obiljezavanje-dana-sjecanja-na-zatocenike-neprijateljskih-logora-u-domovinskom-ratu-nemetin-14-08-2023\/\" class=\"more-link\">Nastavi \u010ditati <span class=\"screen-reader-text\">Obilje\u017eavanje Dana sje\u0107anja na zato\u010denike neprijateljskih logora u Domovinskom ratu \u2013 Nemetin 14.08.2023.<\/span><\/a><!-- AddThis Advanced Settings generic via filter on get_the_excerpt --><!-- AddThis Share Buttons generic via filter on get_the_excerpt --><\/p>\n","protected":false},"author":1,"featured_media":0,"comment_status":"closed","ping_status":"closed","sticky":false,"template":"","format":"standard","meta":{"footnotes":""},"categories":[32],"tags":[],"class_list":["post-2394","post","type-post","status-publish","format-standard","hentry","category-iz-zivota-udruge"],"_links":{"self":[{"href":"https:\/\/udruga-106br.hr\/index.php\/wp-json\/wp\/v2\/posts\/2394","targetHints":{"allow":["GET"]}}],"collection":[{"href":"https:\/\/udruga-106br.hr\/index.php\/wp-json\/wp\/v2\/posts"}],"about":[{"href":"https:\/\/udruga-106br.hr\/index.php\/wp-json\/wp\/v2\/types\/post"}],"author":[{"embeddable":true,"href":"https:\/\/udruga-106br.hr\/index.php\/wp-json\/wp\/v2\/users\/1"}],"replies":[{"embeddable":true,"href":"https:\/\/udruga-106br.hr\/index.php\/wp-json\/wp\/v2\/comments?post=2394"}],"version-history":[{"count":2,"href":"https:\/\/udruga-106br.hr\/index.php\/wp-json\/wp\/v2\/posts\/2394\/revisions"}],"predecessor-version":[{"id":2397,"href":"https:\/\/udruga-106br.hr\/index.php\/wp-json\/wp\/v2\/posts\/2394\/revisions\/2397"}],"wp:attachment":[{"href":"https:\/\/udruga-106br.hr\/index.php\/wp-json\/wp\/v2\/media?parent=2394"}],"wp:term":[{"taxonomy":"category","embeddable":true,"href":"https:\/\/udruga-106br.hr\/index.php\/wp-json\/wp\/v2\/categories?post=2394"},{"taxonomy":"post_tag","embeddable":true,"href":"https:\/\/udruga-106br.hr\/index.php\/wp-json\/wp\/v2\/tags?post=2394"}],"curies":[{"name":"wp","href":"https:\/\/api.w.org\/{rel}","templated":true}]}}