{"id":2398,"date":"2023-08-25T09:04:13","date_gmt":"2023-08-25T07:04:13","guid":{"rendered":"https:\/\/udruga-106br.hr\/?p=2398"},"modified":"2025-10-17T21:53:14","modified_gmt":"2025-10-17T19:53:14","slug":"23-8-2023-obiljezena-32-obljetnica-pogibije-dure-podboja","status":"publish","type":"post","link":"https:\/\/udruga-106br.hr\/index.php\/23-8-2023-obiljezena-32-obljetnica-pogibije-dure-podboja\/","title":{"rendered":"23.8.2023. obilje\u017eena 32. obljetnica pogibije \u0110ure Podboja"},"content":{"rendered":"\n<p>Dana 23.8.2023. godine u mjestu Popovac u Osje\u010dko-baranjskoj \u017eupaniji u krugu oda\u0161ilja\u010da Belje \u0110uro Podboj obilje\u017eena je 32. obljetnica pogibije \u0110ure Podboja, zaposlenika OIV-a koji je na dana\u0161nji dan 1991. godine izgubio \u017eivot brane\u0107i oda\u0161ilja\u010d od agresora.<br>Sje\u0107anje na njegovu nesebi\u010dnu \u017ertvu obilje\u017eeno je uz prisustvo predsjednika Uprave OIV-a Mate Botice, izaslanika potpredsjednika Vlade i ministra branitelja te predstavnika Osje\u010dko-baranjske \u017eupanije Antuna Bla\u017eevi\u0107a, izaslanika ministra obrane Dalibora Baj\u010dija, potpredsjednika Odbora za obranu i \u010dlana Odbora za ratne veterane Antu Deura te u\u017ee obitelji, biv\u0161ih kolega i suboraca.<br>Svije\u0107u su zapalili i predstavnici udruge 106. brigade ZNG RH.<\/p>\n\n\n\n<figure class=\"wp-block-gallery has-nested-images columns-default is-cropped wp-block-gallery-1 is-layout-flex wp-block-gallery-is-layout-flex\">\n<figure class=\"wp-block-image size-large\"><img loading=\"lazy\" decoding=\"async\" width=\"576\" height=\"1024\" data-id=\"2411\" src=\"https:\/\/udruga-106br.hr\/wp-content\/uploads\/2023\/08\/IMG-70b810f99cccd3a9a1674c9d85bc628e-V-576x1024.jpg\" alt=\"\" class=\"wp-image-2411\" srcset=\"https:\/\/udruga-106br.hr\/wp-content\/uploads\/2023\/08\/IMG-70b810f99cccd3a9a1674c9d85bc628e-V-576x1024.jpg 576w, https:\/\/udruga-106br.hr\/wp-content\/uploads\/2023\/08\/IMG-70b810f99cccd3a9a1674c9d85bc628e-V-169x300.jpg 169w, https:\/\/udruga-106br.hr\/wp-content\/uploads\/2023\/08\/IMG-70b810f99cccd3a9a1674c9d85bc628e-V-768x1365.jpg 768w, https:\/\/udruga-106br.hr\/wp-content\/uploads\/2023\/08\/IMG-70b810f99cccd3a9a1674c9d85bc628e-V-864x1536.jpg 864w, https:\/\/udruga-106br.hr\/wp-content\/uploads\/2023\/08\/IMG-70b810f99cccd3a9a1674c9d85bc628e-V.jpg 900w\" sizes=\"auto, (max-width: 576px) 100vw, 576px\" \/><\/figure>\n\n\n\n<figure class=\"wp-block-image size-large\"><img loading=\"lazy\" decoding=\"async\" width=\"1024\" height=\"576\" data-id=\"2412\" src=\"https:\/\/udruga-106br.hr\/wp-content\/uploads\/2023\/08\/IMG-cd6a899198ae0a1bb488ed7ba6665cb1-V-1-1024x576.jpg\" alt=\"\" class=\"wp-image-2412\" srcset=\"https:\/\/udruga-106br.hr\/wp-content\/uploads\/2023\/08\/IMG-cd6a899198ae0a1bb488ed7ba6665cb1-V-1-1024x576.jpg 1024w, https:\/\/udruga-106br.hr\/wp-content\/uploads\/2023\/08\/IMG-cd6a899198ae0a1bb488ed7ba6665cb1-V-1-300x169.jpg 300w, https:\/\/udruga-106br.hr\/wp-content\/uploads\/2023\/08\/IMG-cd6a899198ae0a1bb488ed7ba6665cb1-V-1-768x432.jpg 768w, https:\/\/udruga-106br.hr\/wp-content\/uploads\/2023\/08\/IMG-cd6a899198ae0a1bb488ed7ba6665cb1-V-1-1536x864.jpg 1536w, https:\/\/udruga-106br.hr\/wp-content\/uploads\/2023\/08\/IMG-cd6a899198ae0a1bb488ed7ba6665cb1-V-1.jpg 1600w\" sizes=\"auto, (max-width: 1024px) 100vw, 1024px\" \/><\/figure>\n<\/figure>\n\n\n\n<figure class=\"wp-block-image size-large\"><img loading=\"lazy\" decoding=\"async\" width=\"1024\" height=\"794\" src=\"https:\/\/udruga-106br.hr\/wp-content\/uploads\/2023\/08\/Spomen-obiljezje-Duri-Podboju-1024x794.jpg\" alt=\"\" class=\"wp-image-2399\" srcset=\"https:\/\/udruga-106br.hr\/wp-content\/uploads\/2023\/08\/Spomen-obiljezje-Duri-Podboju-1024x794.jpg 1024w, https:\/\/udruga-106br.hr\/wp-content\/uploads\/2023\/08\/Spomen-obiljezje-Duri-Podboju-300x233.jpg 300w, https:\/\/udruga-106br.hr\/wp-content\/uploads\/2023\/08\/Spomen-obiljezje-Duri-Podboju-768x596.jpg 768w, https:\/\/udruga-106br.hr\/wp-content\/uploads\/2023\/08\/Spomen-obiljezje-Duri-Podboju-1536x1192.jpg 1536w, https:\/\/udruga-106br.hr\/wp-content\/uploads\/2023\/08\/Spomen-obiljezje-Duri-Podboju-2048x1589.jpg 2048w\" sizes=\"auto, (max-width: 1024px) 100vw, 1024px\" \/><\/figure>\n\n\n\n<p><\/p>\n\n\n\n<p>Neka mu je vje\u010dna hvala i slava! Po\u010divao u miru Bo\u017ejem!<\/p>\n<!-- AddThis Advanced Settings generic via filter on the_content --><!-- AddThis Share Buttons generic via filter on the_content -->","protected":false},"excerpt":{"rendered":"<p>Dana 23.8.2023. godine u mjestu Popovac u Osje\u010dko-baranjskoj \u017eupaniji u krugu oda\u0161ilja\u010da Belje \u0110uro Podboj obilje\u017eena je 32. obljetnica pogibije \u0110ure Podboja, zaposlenika OIV-a koji je na dana\u0161nji dan 1991. godine izgubio \u017eivot brane\u0107i oda\u0161ilja\u010d od agresora.Sje\u0107anje na njegovu nesebi\u010dnu \u017ertvu obilje\u017eeno je uz prisustvo predsjednika Uprave OIV-a Mate Botice, izaslanika potpredsjednika Vlade i ministra &hellip; <a href=\"https:\/\/udruga-106br.hr\/index.php\/23-8-2023-obiljezena-32-obljetnica-pogibije-dure-podboja\/\" class=\"more-link\">Nastavi \u010ditati <span class=\"screen-reader-text\">23.8.2023. obilje\u017eena 32. obljetnica pogibije \u0110ure Podboja<\/span><\/a><!-- AddThis Advanced Settings generic via filter on get_the_excerpt --><!-- AddThis Share Buttons generic via filter on get_the_excerpt --><\/p>\n","protected":false},"author":1,"featured_media":0,"comment_status":"closed","ping_status":"closed","sticky":false,"template":"","format":"standard","meta":{"footnotes":""},"categories":[32],"tags":[],"class_list":["post-2398","post","type-post","status-publish","format-standard","hentry","category-iz-zivota-udruge"],"_links":{"self":[{"href":"https:\/\/udruga-106br.hr\/index.php\/wp-json\/wp\/v2\/posts\/2398","targetHints":{"allow":["GET"]}}],"collection":[{"href":"https:\/\/udruga-106br.hr\/index.php\/wp-json\/wp\/v2\/posts"}],"about":[{"href":"https:\/\/udruga-106br.hr\/index.php\/wp-json\/wp\/v2\/types\/post"}],"author":[{"embeddable":true,"href":"https:\/\/udruga-106br.hr\/index.php\/wp-json\/wp\/v2\/users\/1"}],"replies":[{"embeddable":true,"href":"https:\/\/udruga-106br.hr\/index.php\/wp-json\/wp\/v2\/comments?post=2398"}],"version-history":[{"count":4,"href":"https:\/\/udruga-106br.hr\/index.php\/wp-json\/wp\/v2\/posts\/2398\/revisions"}],"predecessor-version":[{"id":3431,"href":"https:\/\/udruga-106br.hr\/index.php\/wp-json\/wp\/v2\/posts\/2398\/revisions\/3431"}],"wp:attachment":[{"href":"https:\/\/udruga-106br.hr\/index.php\/wp-json\/wp\/v2\/media?parent=2398"}],"wp:term":[{"taxonomy":"category","embeddable":true,"href":"https:\/\/udruga-106br.hr\/index.php\/wp-json\/wp\/v2\/categories?post=2398"},{"taxonomy":"post_tag","embeddable":true,"href":"https:\/\/udruga-106br.hr\/index.php\/wp-json\/wp\/v2\/tags?post=2398"}],"curies":[{"name":"wp","href":"https:\/\/api.w.org\/{rel}","templated":true}]}}