{"id":2402,"date":"2023-08-28T09:03:51","date_gmt":"2023-08-28T07:03:51","guid":{"rendered":"https:\/\/udruga-106br.hr\/?p=2402"},"modified":"2025-10-17T21:53:14","modified_gmt":"2025-10-17T19:53:14","slug":"obljetnica-egzodusa-baranjaca-23-8-2023-godine","status":"publish","type":"post","link":"https:\/\/udruga-106br.hr\/index.php\/obljetnica-egzodusa-baranjaca-23-8-2023-godine\/","title":{"rendered":"Obljetnica egzodusa Baranjaca &#8211; 23.8.2023. godine"},"content":{"rendered":"\n<p>Obilje\u017eavanje obljetnice egzodusa Baranjaca zapo\u010delo je u srijedu 23. kolovoza 2023. godine u 10,30 sati na Biljskoj cesti &nbsp;(kod velikog kri\u017ea) polaganjem vijenaca i paljenjem svije\u0107a za poginule branitelje i ubijene civile Baranje. Ujedno je odana po\u010dast za preko 200 ubijenih civila za vrijeme privremene okupacije Baranje do zavr\u0161etka mirne reintegracije.<\/p>\n\n\n\n<p>Me\u0111u mnogim prisutnima, u obilje\u017eavanju ovoga doga\u0111aja sudjelovali su i predstavnici udruge 106. brigade ZNG RH.<\/p>\n\n\n\n<p>Baranju su 3. srpnja 1991. godine napale snage novosadskog korpusa &#8211; tzv. JNA sa 60 oklopnih transportera, uz potporu paravojnih \u010detni\u010dkih postrojbi i rezervista iz Srbije, a u egzodusu iz Baranje protjerali su oko 20.000 mje\u0161tana nesrpske nacionalnosti.<\/p>\n\n\n\n<p>Va\u017eno je da ovo sje\u0107anje ostane \u017eivo kao podsjetnik na pro\u0161lost i na\u0161u povijest, a velika je va\u017enost odavati zahvalnost i po\u0161tovanje prema svim \u017ertvama koje su dale svoje \u017eivote za slobodu i neovisnost na\u0161e domovine.<\/p>\n\n\n\n<figure class=\"wp-block-image size-large\"><img loading=\"lazy\" decoding=\"async\" width=\"1024\" height=\"395\" src=\"https:\/\/udruga-106br.hr\/wp-content\/uploads\/2023\/08\/23.8.-1024x395.jpg\" alt=\"\" class=\"wp-image-2403\" srcset=\"https:\/\/udruga-106br.hr\/wp-content\/uploads\/2023\/08\/23.8.-1024x395.jpg 1024w, https:\/\/udruga-106br.hr\/wp-content\/uploads\/2023\/08\/23.8.-300x116.jpg 300w, https:\/\/udruga-106br.hr\/wp-content\/uploads\/2023\/08\/23.8.-768x296.jpg 768w, https:\/\/udruga-106br.hr\/wp-content\/uploads\/2023\/08\/23.8..jpg 1255w\" sizes=\"auto, (max-width: 1024px) 100vw, 1024px\" \/><\/figure>\n\n\n\n<figure class=\"wp-block-gallery has-nested-images columns-default is-cropped wp-block-gallery-1 is-layout-flex wp-block-gallery-is-layout-flex\">\n<figure class=\"wp-block-image size-large\"><img loading=\"lazy\" decoding=\"async\" width=\"1024\" height=\"576\" data-id=\"2422\" src=\"https:\/\/udruga-106br.hr\/wp-content\/uploads\/2023\/08\/23.8.-Egzodus-Baranjaca1-1024x576.jpg\" alt=\"\" class=\"wp-image-2422\" srcset=\"https:\/\/udruga-106br.hr\/wp-content\/uploads\/2023\/08\/23.8.-Egzodus-Baranjaca1-1024x576.jpg 1024w, https:\/\/udruga-106br.hr\/wp-content\/uploads\/2023\/08\/23.8.-Egzodus-Baranjaca1-300x169.jpg 300w, https:\/\/udruga-106br.hr\/wp-content\/uploads\/2023\/08\/23.8.-Egzodus-Baranjaca1-768x432.jpg 768w, https:\/\/udruga-106br.hr\/wp-content\/uploads\/2023\/08\/23.8.-Egzodus-Baranjaca1-1536x864.jpg 1536w, https:\/\/udruga-106br.hr\/wp-content\/uploads\/2023\/08\/23.8.-Egzodus-Baranjaca1.jpg 1600w\" sizes=\"auto, (max-width: 1024px) 100vw, 1024px\" \/><\/figure>\n\n\n\n<figure class=\"wp-block-image size-large\"><img loading=\"lazy\" decoding=\"async\" width=\"765\" height=\"414\" data-id=\"2421\" src=\"https:\/\/udruga-106br.hr\/wp-content\/uploads\/2023\/08\/23.8.-Egzodus-Baranjaca2.jpg\" alt=\"\" class=\"wp-image-2421\" srcset=\"https:\/\/udruga-106br.hr\/wp-content\/uploads\/2023\/08\/23.8.-Egzodus-Baranjaca2.jpg 765w, https:\/\/udruga-106br.hr\/wp-content\/uploads\/2023\/08\/23.8.-Egzodus-Baranjaca2-300x162.jpg 300w\" sizes=\"auto, (max-width: 765px) 100vw, 765px\" \/><\/figure>\n<\/figure>\n<!-- AddThis Advanced Settings generic via filter on the_content --><!-- AddThis Share Buttons generic via filter on the_content -->","protected":false},"excerpt":{"rendered":"<p>Obilje\u017eavanje obljetnice egzodusa Baranjaca zapo\u010delo je u srijedu 23. kolovoza 2023. godine u 10,30 sati na Biljskoj cesti &nbsp;(kod velikog kri\u017ea) polaganjem vijenaca i paljenjem svije\u0107a za poginule branitelje i ubijene civile Baranje. Ujedno je odana po\u010dast za preko 200 ubijenih civila za vrijeme privremene okupacije Baranje do zavr\u0161etka mirne reintegracije. Me\u0111u mnogim prisutnima, u &hellip; <a href=\"https:\/\/udruga-106br.hr\/index.php\/obljetnica-egzodusa-baranjaca-23-8-2023-godine\/\" class=\"more-link\">Nastavi \u010ditati <span class=\"screen-reader-text\">Obljetnica egzodusa Baranjaca &#8211; 23.8.2023. godine<\/span><\/a><!-- AddThis Advanced Settings generic via filter on get_the_excerpt --><!-- AddThis Share Buttons generic via filter on get_the_excerpt --><\/p>\n","protected":false},"author":1,"featured_media":0,"comment_status":"closed","ping_status":"closed","sticky":false,"template":"","format":"standard","meta":{"footnotes":""},"categories":[32],"tags":[],"class_list":["post-2402","post","type-post","status-publish","format-standard","hentry","category-iz-zivota-udruge"],"_links":{"self":[{"href":"https:\/\/udruga-106br.hr\/index.php\/wp-json\/wp\/v2\/posts\/2402","targetHints":{"allow":["GET"]}}],"collection":[{"href":"https:\/\/udruga-106br.hr\/index.php\/wp-json\/wp\/v2\/posts"}],"about":[{"href":"https:\/\/udruga-106br.hr\/index.php\/wp-json\/wp\/v2\/types\/post"}],"author":[{"embeddable":true,"href":"https:\/\/udruga-106br.hr\/index.php\/wp-json\/wp\/v2\/users\/1"}],"replies":[{"embeddable":true,"href":"https:\/\/udruga-106br.hr\/index.php\/wp-json\/wp\/v2\/comments?post=2402"}],"version-history":[{"count":2,"href":"https:\/\/udruga-106br.hr\/index.php\/wp-json\/wp\/v2\/posts\/2402\/revisions"}],"predecessor-version":[{"id":2423,"href":"https:\/\/udruga-106br.hr\/index.php\/wp-json\/wp\/v2\/posts\/2402\/revisions\/2423"}],"wp:attachment":[{"href":"https:\/\/udruga-106br.hr\/index.php\/wp-json\/wp\/v2\/media?parent=2402"}],"wp:term":[{"taxonomy":"category","embeddable":true,"href":"https:\/\/udruga-106br.hr\/index.php\/wp-json\/wp\/v2\/categories?post=2402"},{"taxonomy":"post_tag","embeddable":true,"href":"https:\/\/udruga-106br.hr\/index.php\/wp-json\/wp\/v2\/tags?post=2402"}],"curies":[{"name":"wp","href":"https:\/\/api.w.org\/{rel}","templated":true}]}}