{"id":2426,"date":"2023-08-31T15:38:05","date_gmt":"2023-08-31T13:38:05","guid":{"rendered":"https:\/\/udruga-106br.hr\/?p=2426"},"modified":"2025-10-17T21:53:14","modified_gmt":"2025-10-17T19:53:14","slug":"poziv-na-obiljezavanje-dana-sjecanja-na-3-rujna-u-bilju","status":"publish","type":"post","link":"https:\/\/udruga-106br.hr\/index.php\/poziv-na-obiljezavanje-dana-sjecanja-na-3-rujna-u-bilju\/","title":{"rendered":"Poziv na obilje\u017eavanje &#8220;Dana sje\u0107anja na 3. rujna&#8221; u Bilju"},"content":{"rendered":"\n<p>Dana 3.9.2023. obilje\u017eavamo Dan sje\u0107anja na poginule i nestale branitelje Bilja.<\/p>\n\n\n\n<p>Program obilje\u017eavanja zapo\u010dinje okupljanjem u prostorijama Op\u0107ine Bilje u 8.30 h, a nastavlja se polaganjem vijenaca na Centralnom groblju u Osijeku u 9 h, na Retfala\u010dkom groblju u Osijeku u 9.30 h, te mjesnom groblju u Bilju u 10 h.<\/p>\n\n\n\n<p>Program se nastavlja u 17 h sa svetom misom za poginule i nestale branitelje &#8211; u crkvi Bezgre\u0161nog Za\u010de\u0107a Bla\u017eene Djevice Marije u Bilju da bismo se poklonili hrabrim ljudima koji su \u017eivot dali za na\u0161u domovinu te se prisjetili svih nestalih i preminulih branitelja.<br>Nakon mise, u 17.45 h slijede mimohod do Parka hrvatskih branitelja te u 18 h polaganje vijenaca kod spomen obilje\u017eja.<\/p>\n\n\n\n<p>Va\u017eno je da se zajedno prisjetimo i odamo po\u010dast onima koji su dali svoje \u017eivote za na\u0161u slobodu.<\/p>\n\n\n\n<figure class=\"wp-block-image size-full\"><img loading=\"lazy\" decoding=\"async\" width=\"609\" height=\"860\" src=\"https:\/\/udruga-106br.hr\/wp-content\/uploads\/2023\/08\/Bilje-3.9..jpg\" alt=\"\" class=\"wp-image-2427\" srcset=\"https:\/\/udruga-106br.hr\/wp-content\/uploads\/2023\/08\/Bilje-3.9..jpg 609w, https:\/\/udruga-106br.hr\/wp-content\/uploads\/2023\/08\/Bilje-3.9.-212x300.jpg 212w\" sizes=\"auto, (max-width: 609px) 100vw, 609px\" \/><\/figure>\n<!-- AddThis Advanced Settings generic via filter on the_content --><!-- AddThis Share Buttons generic via filter on the_content -->","protected":false},"excerpt":{"rendered":"<p>Dana 3.9.2023. obilje\u017eavamo Dan sje\u0107anja na poginule i nestale branitelje Bilja. Program obilje\u017eavanja zapo\u010dinje okupljanjem u prostorijama Op\u0107ine Bilje u 8.30 h, a nastavlja se polaganjem vijenaca na Centralnom groblju u Osijeku u 9 h, na Retfala\u010dkom groblju u Osijeku u 9.30 h, te mjesnom groblju u Bilju u 10 h. Program se nastavlja u &hellip; <a href=\"https:\/\/udruga-106br.hr\/index.php\/poziv-na-obiljezavanje-dana-sjecanja-na-3-rujna-u-bilju\/\" class=\"more-link\">Nastavi \u010ditati <span class=\"screen-reader-text\">Poziv na obilje\u017eavanje &#8220;Dana sje\u0107anja na 3. rujna&#8221; u Bilju<\/span><\/a><!-- AddThis Advanced Settings generic via filter on get_the_excerpt --><!-- AddThis Share Buttons generic via filter on get_the_excerpt --><\/p>\n","protected":false},"author":1,"featured_media":0,"comment_status":"closed","ping_status":"closed","sticky":false,"template":"","format":"standard","meta":{"footnotes":""},"categories":[32],"tags":[],"class_list":["post-2426","post","type-post","status-publish","format-standard","hentry","category-iz-zivota-udruge"],"_links":{"self":[{"href":"https:\/\/udruga-106br.hr\/index.php\/wp-json\/wp\/v2\/posts\/2426","targetHints":{"allow":["GET"]}}],"collection":[{"href":"https:\/\/udruga-106br.hr\/index.php\/wp-json\/wp\/v2\/posts"}],"about":[{"href":"https:\/\/udruga-106br.hr\/index.php\/wp-json\/wp\/v2\/types\/post"}],"author":[{"embeddable":true,"href":"https:\/\/udruga-106br.hr\/index.php\/wp-json\/wp\/v2\/users\/1"}],"replies":[{"embeddable":true,"href":"https:\/\/udruga-106br.hr\/index.php\/wp-json\/wp\/v2\/comments?post=2426"}],"version-history":[{"count":1,"href":"https:\/\/udruga-106br.hr\/index.php\/wp-json\/wp\/v2\/posts\/2426\/revisions"}],"predecessor-version":[{"id":2428,"href":"https:\/\/udruga-106br.hr\/index.php\/wp-json\/wp\/v2\/posts\/2426\/revisions\/2428"}],"wp:attachment":[{"href":"https:\/\/udruga-106br.hr\/index.php\/wp-json\/wp\/v2\/media?parent=2426"}],"wp:term":[{"taxonomy":"category","embeddable":true,"href":"https:\/\/udruga-106br.hr\/index.php\/wp-json\/wp\/v2\/categories?post=2426"},{"taxonomy":"post_tag","embeddable":true,"href":"https:\/\/udruga-106br.hr\/index.php\/wp-json\/wp\/v2\/tags?post=2426"}],"curies":[{"name":"wp","href":"https:\/\/api.w.org\/{rel}","templated":true}]}}