{"id":2433,"date":"2023-09-04T09:41:40","date_gmt":"2023-09-04T07:41:40","guid":{"rendered":"https:\/\/udruga-106br.hr\/?p=2433"},"modified":"2025-10-17T21:53:14","modified_gmt":"2025-10-17T19:53:14","slug":"svecano-obiljezen-dan-sjecanja-na-poginule-i-nestale-branitelje-u-bilju-3-9-2023","status":"publish","type":"post","link":"https:\/\/udruga-106br.hr\/index.php\/svecano-obiljezen-dan-sjecanja-na-poginule-i-nestale-branitelje-u-bilju-3-9-2023\/","title":{"rendered":"Sve\u010dano obilje\u017een Dan sje\u0107anja na poginule i nestale branitelje u Bilju &#8211; 3.9.2023."},"content":{"rendered":"\n<p>Zajedno sa mje\u0161tanima Bilja s tugom i ponosom smo 3. rujna 2023. godine obilje\u017eili Dan sje\u0107anja na poginule i nestale branitelje ovog mjesta i op\u0107ine u Domovinskom ratu, dan iz 1991. godine koji je najte\u017ei dan u povijesti Bilja.<\/p>\n\n\n\n<p>Dan sje\u0107anja na poginule i nestale branitelje Bilja zapo\u010deo je okupljanjem u prostorijama Op\u0107ine Bilje u 8.30 h, te se nastavio polaganjem vijenaca na Centralnom i retfala\u010dkom groblju u Osijeku, a potom na groblju u Bilju.<\/p>\n\n\n\n<figure class=\"wp-block-image size-large\"><img loading=\"lazy\" decoding=\"async\" width=\"1024\" height=\"768\" src=\"https:\/\/udruga-106br.hr\/wp-content\/uploads\/2023\/09\/20230903_165726-1024x768.jpg\" alt=\"\" class=\"wp-image-2434\" srcset=\"https:\/\/udruga-106br.hr\/wp-content\/uploads\/2023\/09\/20230903_165726-1024x768.jpg 1024w, https:\/\/udruga-106br.hr\/wp-content\/uploads\/2023\/09\/20230903_165726-300x225.jpg 300w, https:\/\/udruga-106br.hr\/wp-content\/uploads\/2023\/09\/20230903_165726-768x576.jpg 768w, https:\/\/udruga-106br.hr\/wp-content\/uploads\/2023\/09\/20230903_165726-1536x1152.jpg 1536w, https:\/\/udruga-106br.hr\/wp-content\/uploads\/2023\/09\/20230903_165726-2048x1536.jpg 2048w\" sizes=\"auto, (max-width: 1024px) 100vw, 1024px\" \/><\/figure>\n\n\n\n<p>Nakon svete mise u crkvi Bezgrje\u0161nog za\u010de\u0107a Bla\u017eene Djevice Marije, uslijedio je mimohod svih sudionika do Parka hrvatskih branitelja gdje su pred spomen obilje\u017ejem &#8211; kri\u017eem, polo\u017eeni vijenci i upaljene svije\u0107e za poginule i nestale branitelje ovog mjesta i op\u0107ine u Domovinskom ratu. Po\u010dast hrvatskim braniteljima odali su tako \u010dlanovi obitelji stradalih i nestalih hrvatskih branitelja, \u017eupan Ivan Anu\u0161i\u0107, op\u0107inski na\u010delnik \u017deljko Cickaj, predstavnici Ministarstva hrvatskih branitelja, Ministarstva obrane i Ministarstva unutarnjih poslova, predstavnik Grada Osijeka te predstavnici braniteljskih i drugih udruga proisteklih iz Domovinskog rata, uklju\u010duju\u0107i i udrugu 106. brigade ZNG RH.<\/p>\n\n\n\n<figure class=\"wp-block-gallery has-nested-images columns-default is-cropped wp-block-gallery-1 is-layout-flex wp-block-gallery-is-layout-flex\">\n<figure class=\"wp-block-image size-large\"><img loading=\"lazy\" decoding=\"async\" width=\"1024\" height=\"768\" data-id=\"2444\" src=\"https:\/\/udruga-106br.hr\/wp-content\/uploads\/2023\/09\/20230903_182234-1024x768.jpg\" alt=\"\" class=\"wp-image-2444\" srcset=\"https:\/\/udruga-106br.hr\/wp-content\/uploads\/2023\/09\/20230903_182234-1024x768.jpg 1024w, https:\/\/udruga-106br.hr\/wp-content\/uploads\/2023\/09\/20230903_182234-300x225.jpg 300w, https:\/\/udruga-106br.hr\/wp-content\/uploads\/2023\/09\/20230903_182234-768x576.jpg 768w, https:\/\/udruga-106br.hr\/wp-content\/uploads\/2023\/09\/20230903_182234-1536x1152.jpg 1536w, https:\/\/udruga-106br.hr\/wp-content\/uploads\/2023\/09\/20230903_182234-2048x1536.jpg 2048w\" sizes=\"auto, (max-width: 1024px) 100vw, 1024px\" \/><\/figure>\n\n\n\n<figure class=\"wp-block-image size-large\"><img loading=\"lazy\" decoding=\"async\" width=\"1024\" height=\"768\" data-id=\"2443\" src=\"https:\/\/udruga-106br.hr\/wp-content\/uploads\/2023\/09\/20230903_183841-1024x768.jpg\" alt=\"\" class=\"wp-image-2443\" srcset=\"https:\/\/udruga-106br.hr\/wp-content\/uploads\/2023\/09\/20230903_183841-1024x768.jpg 1024w, https:\/\/udruga-106br.hr\/wp-content\/uploads\/2023\/09\/20230903_183841-300x225.jpg 300w, https:\/\/udruga-106br.hr\/wp-content\/uploads\/2023\/09\/20230903_183841-768x576.jpg 768w, https:\/\/udruga-106br.hr\/wp-content\/uploads\/2023\/09\/20230903_183841-1536x1152.jpg 1536w, https:\/\/udruga-106br.hr\/wp-content\/uploads\/2023\/09\/20230903_183841-2048x1536.jpg 2048w\" sizes=\"auto, (max-width: 1024px) 100vw, 1024px\" \/><\/figure>\n\n\n\n<figure class=\"wp-block-image size-large\"><img loading=\"lazy\" decoding=\"async\" width=\"1024\" height=\"768\" data-id=\"2442\" src=\"https:\/\/udruga-106br.hr\/wp-content\/uploads\/2023\/09\/20230903_184255-1024x768.jpg\" alt=\"\" class=\"wp-image-2442\" srcset=\"https:\/\/udruga-106br.hr\/wp-content\/uploads\/2023\/09\/20230903_184255-1024x768.jpg 1024w, https:\/\/udruga-106br.hr\/wp-content\/uploads\/2023\/09\/20230903_184255-300x225.jpg 300w, https:\/\/udruga-106br.hr\/wp-content\/uploads\/2023\/09\/20230903_184255-768x576.jpg 768w, https:\/\/udruga-106br.hr\/wp-content\/uploads\/2023\/09\/20230903_184255-1536x1152.jpg 1536w, https:\/\/udruga-106br.hr\/wp-content\/uploads\/2023\/09\/20230903_184255-2048x1536.jpg 2048w\" sizes=\"auto, (max-width: 1024px) 100vw, 1024px\" \/><\/figure>\n\n\n\n<figure class=\"wp-block-image size-large\"><img loading=\"lazy\" decoding=\"async\" width=\"1024\" height=\"768\" data-id=\"2445\" src=\"https:\/\/udruga-106br.hr\/wp-content\/uploads\/2023\/09\/20230903_190740-2-1024x768.jpg\" alt=\"\" class=\"wp-image-2445\" srcset=\"https:\/\/udruga-106br.hr\/wp-content\/uploads\/2023\/09\/20230903_190740-2-1024x768.jpg 1024w, https:\/\/udruga-106br.hr\/wp-content\/uploads\/2023\/09\/20230903_190740-2-300x225.jpg 300w, https:\/\/udruga-106br.hr\/wp-content\/uploads\/2023\/09\/20230903_190740-2-768x576.jpg 768w, https:\/\/udruga-106br.hr\/wp-content\/uploads\/2023\/09\/20230903_190740-2-1536x1152.jpg 1536w, https:\/\/udruga-106br.hr\/wp-content\/uploads\/2023\/09\/20230903_190740-2-2048x1536.jpg 2048w\" sizes=\"auto, (max-width: 1024px) 100vw, 1024px\" \/><\/figure>\n<\/figure>\n\n\n\n<p>Velika je va\u017enost ovog zajedni\u010dkog prisje\u0107anja i odavanja po\u010dasti onima koji su dali svoje \u017eivote za na\u0161u slobodu. Neka im je vje\u010dna slava i hvala!<\/p>\n\n\n\n<figure class=\"wp-block-gallery has-nested-images columns-default is-cropped wp-block-gallery-2 is-layout-flex wp-block-gallery-is-layout-flex\">\n<figure class=\"wp-block-image size-large\"><img loading=\"lazy\" decoding=\"async\" width=\"768\" height=\"1024\" data-id=\"2437\" src=\"https:\/\/udruga-106br.hr\/wp-content\/uploads\/2023\/09\/20230903_181509-768x1024.jpg\" alt=\"\" class=\"wp-image-2437\" srcset=\"https:\/\/udruga-106br.hr\/wp-content\/uploads\/2023\/09\/20230903_181509-768x1024.jpg 768w, https:\/\/udruga-106br.hr\/wp-content\/uploads\/2023\/09\/20230903_181509-225x300.jpg 225w, https:\/\/udruga-106br.hr\/wp-content\/uploads\/2023\/09\/20230903_181509-1152x1536.jpg 1152w, https:\/\/udruga-106br.hr\/wp-content\/uploads\/2023\/09\/20230903_181509-1536x2048.jpg 1536w, https:\/\/udruga-106br.hr\/wp-content\/uploads\/2023\/09\/20230903_181509-scaled.jpg 1920w\" sizes=\"auto, (max-width: 768px) 100vw, 768px\" \/><\/figure>\n\n\n\n<figure class=\"wp-block-image size-large\"><img loading=\"lazy\" decoding=\"async\" width=\"768\" height=\"1024\" data-id=\"2438\" src=\"https:\/\/udruga-106br.hr\/wp-content\/uploads\/2023\/09\/20230903_190411-1-768x1024.jpg\" alt=\"\" class=\"wp-image-2438\" srcset=\"https:\/\/udruga-106br.hr\/wp-content\/uploads\/2023\/09\/20230903_190411-1-768x1024.jpg 768w, https:\/\/udruga-106br.hr\/wp-content\/uploads\/2023\/09\/20230903_190411-1-225x300.jpg 225w, https:\/\/udruga-106br.hr\/wp-content\/uploads\/2023\/09\/20230903_190411-1-1152x1536.jpg 1152w, https:\/\/udruga-106br.hr\/wp-content\/uploads\/2023\/09\/20230903_190411-1-1536x2048.jpg 1536w, https:\/\/udruga-106br.hr\/wp-content\/uploads\/2023\/09\/20230903_190411-1-scaled.jpg 1920w\" sizes=\"auto, (max-width: 768px) 100vw, 768px\" \/><\/figure>\n\n\n\n<figure class=\"wp-block-image size-large\"><img loading=\"lazy\" decoding=\"async\" width=\"768\" height=\"1024\" data-id=\"2440\" src=\"https:\/\/udruga-106br.hr\/wp-content\/uploads\/2023\/09\/20230903_182650-768x1024.jpg\" alt=\"\" class=\"wp-image-2440\" srcset=\"https:\/\/udruga-106br.hr\/wp-content\/uploads\/2023\/09\/20230903_182650-768x1024.jpg 768w, https:\/\/udruga-106br.hr\/wp-content\/uploads\/2023\/09\/20230903_182650-225x300.jpg 225w, https:\/\/udruga-106br.hr\/wp-content\/uploads\/2023\/09\/20230903_182650-1152x1536.jpg 1152w, https:\/\/udruga-106br.hr\/wp-content\/uploads\/2023\/09\/20230903_182650-1536x2048.jpg 1536w, https:\/\/udruga-106br.hr\/wp-content\/uploads\/2023\/09\/20230903_182650-scaled.jpg 1920w\" sizes=\"auto, (max-width: 768px) 100vw, 768px\" \/><\/figure>\n<\/figure>\n<!-- AddThis Advanced Settings generic via filter on the_content --><!-- AddThis Share Buttons generic via filter on the_content -->","protected":false},"excerpt":{"rendered":"<p>Zajedno sa mje\u0161tanima Bilja s tugom i ponosom smo 3. rujna 2023. godine obilje\u017eili Dan sje\u0107anja na poginule i nestale branitelje ovog mjesta i op\u0107ine u Domovinskom ratu, dan iz 1991. godine koji je najte\u017ei dan u povijesti Bilja. Dan sje\u0107anja na poginule i nestale branitelje Bilja zapo\u010deo je okupljanjem u prostorijama Op\u0107ine Bilje u &hellip; <a href=\"https:\/\/udruga-106br.hr\/index.php\/svecano-obiljezen-dan-sjecanja-na-poginule-i-nestale-branitelje-u-bilju-3-9-2023\/\" class=\"more-link\">Nastavi \u010ditati <span class=\"screen-reader-text\">Sve\u010dano obilje\u017een Dan sje\u0107anja na poginule i nestale branitelje u Bilju &#8211; 3.9.2023.<\/span><\/a><!-- AddThis Advanced Settings generic via filter on get_the_excerpt --><!-- AddThis Share Buttons generic via filter on get_the_excerpt --><\/p>\n","protected":false},"author":1,"featured_media":0,"comment_status":"closed","ping_status":"closed","sticky":false,"template":"","format":"standard","meta":{"footnotes":""},"categories":[32],"tags":[],"class_list":["post-2433","post","type-post","status-publish","format-standard","hentry","category-iz-zivota-udruge"],"_links":{"self":[{"href":"https:\/\/udruga-106br.hr\/index.php\/wp-json\/wp\/v2\/posts\/2433","targetHints":{"allow":["GET"]}}],"collection":[{"href":"https:\/\/udruga-106br.hr\/index.php\/wp-json\/wp\/v2\/posts"}],"about":[{"href":"https:\/\/udruga-106br.hr\/index.php\/wp-json\/wp\/v2\/types\/post"}],"author":[{"embeddable":true,"href":"https:\/\/udruga-106br.hr\/index.php\/wp-json\/wp\/v2\/users\/1"}],"replies":[{"embeddable":true,"href":"https:\/\/udruga-106br.hr\/index.php\/wp-json\/wp\/v2\/comments?post=2433"}],"version-history":[{"count":3,"href":"https:\/\/udruga-106br.hr\/index.php\/wp-json\/wp\/v2\/posts\/2433\/revisions"}],"predecessor-version":[{"id":3459,"href":"https:\/\/udruga-106br.hr\/index.php\/wp-json\/wp\/v2\/posts\/2433\/revisions\/3459"}],"wp:attachment":[{"href":"https:\/\/udruga-106br.hr\/index.php\/wp-json\/wp\/v2\/media?parent=2433"}],"wp:term":[{"taxonomy":"category","embeddable":true,"href":"https:\/\/udruga-106br.hr\/index.php\/wp-json\/wp\/v2\/categories?post=2433"},{"taxonomy":"post_tag","embeddable":true,"href":"https:\/\/udruga-106br.hr\/index.php\/wp-json\/wp\/v2\/tags?post=2433"}],"curies":[{"name":"wp","href":"https:\/\/api.w.org\/{rel}","templated":true}]}}