{"id":2448,"date":"2023-09-15T21:48:06","date_gmt":"2023-09-15T19:48:06","guid":{"rendered":"https:\/\/udruga-106br.hr\/?p=2448"},"modified":"2025-10-17T21:53:14","modified_gmt":"2025-10-17T19:53:14","slug":"obiljezavanje-obljetnice-17-rujna-dana-oslobadanja-vojarne-i-protjerivanja-postrojbi-jna-iz-osijeka-pilot-projekt-predavanje","status":"publish","type":"post","link":"https:\/\/udruga-106br.hr\/index.php\/obiljezavanje-obljetnice-17-rujna-dana-oslobadanja-vojarne-i-protjerivanja-postrojbi-jna-iz-osijeka-pilot-projekt-predavanje\/","title":{"rendered":"Obilje\u017eavanje obljetnice 17. rujna &#8211; dana osloba\u0111anja vojarne i protjerivanja postrojbi JNA iz Osijeka  &#8211; pilot projekt &#8211; predavanje"},"content":{"rendered":"\n<p>Danas 15.9.2023. godine Koordinacija udruga OB\u017d-a, Odbor za branitelje grada Osijeka i Udruga 106. brigade ZNG RH uz suglasnost Upravnog odjela za dru\u0161tvene djelatnosti grada Osijeka u povodu 17. rujna &#8211; dana osloba\u0111anja vojarne i protjerivanja postrojbi JNA iz Osijeka organizirala je pilot projekt &#8211; predavanje za osmo\u0161kolce tri osnovne \u0161kole (Vijenac, Grigor Vitez i Mladost).<\/p>\n\n\n\n<figure class=\"wp-block-image size-large\"><img loading=\"lazy\" decoding=\"async\" width=\"1024\" height=\"768\" src=\"https:\/\/udruga-106br.hr\/wp-content\/uploads\/2023\/09\/20230915_115923-1024x768.jpg\" alt=\"\" class=\"wp-image-2449\" srcset=\"https:\/\/udruga-106br.hr\/wp-content\/uploads\/2023\/09\/20230915_115923-1024x768.jpg 1024w, https:\/\/udruga-106br.hr\/wp-content\/uploads\/2023\/09\/20230915_115923-300x225.jpg 300w, https:\/\/udruga-106br.hr\/wp-content\/uploads\/2023\/09\/20230915_115923-768x576.jpg 768w, https:\/\/udruga-106br.hr\/wp-content\/uploads\/2023\/09\/20230915_115923-1536x1152.jpg 1536w, https:\/\/udruga-106br.hr\/wp-content\/uploads\/2023\/09\/20230915_115923-2048x1536.jpg 2048w\" sizes=\"auto, (max-width: 1024px) 100vw, 1024px\" \/><\/figure>\n\n\n\n<p>Predavanje su odr\u017eali g. Antun Bla\u017eevi\u0107 i g. \u017deljko Ko\u017eul u auli Alta Fakulteta agrobiotehni\u010dkih znanosti u Osijeku.<\/p>\n\n\n\n<figure class=\"wp-block-image size-large\"><img loading=\"lazy\" decoding=\"async\" width=\"1024\" height=\"768\" src=\"https:\/\/udruga-106br.hr\/wp-content\/uploads\/2023\/09\/20230915_124416-1024x768.jpg\" alt=\"\" class=\"wp-image-2450\" srcset=\"https:\/\/udruga-106br.hr\/wp-content\/uploads\/2023\/09\/20230915_124416-1024x768.jpg 1024w, https:\/\/udruga-106br.hr\/wp-content\/uploads\/2023\/09\/20230915_124416-300x225.jpg 300w, https:\/\/udruga-106br.hr\/wp-content\/uploads\/2023\/09\/20230915_124416-768x576.jpg 768w, https:\/\/udruga-106br.hr\/wp-content\/uploads\/2023\/09\/20230915_124416-1536x1152.jpg 1536w, https:\/\/udruga-106br.hr\/wp-content\/uploads\/2023\/09\/20230915_124416-2048x1536.jpg 2048w\" sizes=\"auto, (max-width: 1024px) 100vw, 1024px\" \/><\/figure>\n\n\n\n<p>Nakon predavanja odr\u017eano je polaganje vijenca i paljenje svije\u0107a ispred spomen plo\u010de za sve poginule tijekom navedene akcije.<\/p>\n\n\n\n<figure class=\"wp-block-gallery has-nested-images columns-default is-cropped wp-block-gallery-1 is-layout-flex wp-block-gallery-is-layout-flex\">\n<figure class=\"wp-block-image size-large\"><img loading=\"lazy\" decoding=\"async\" width=\"768\" height=\"1024\" data-id=\"2457\" src=\"https:\/\/udruga-106br.hr\/wp-content\/uploads\/2023\/09\/20230915_131017-2-768x1024.jpg\" alt=\"\" class=\"wp-image-2457\" srcset=\"https:\/\/udruga-106br.hr\/wp-content\/uploads\/2023\/09\/20230915_131017-2-768x1024.jpg 768w, https:\/\/udruga-106br.hr\/wp-content\/uploads\/2023\/09\/20230915_131017-2-225x300.jpg 225w, https:\/\/udruga-106br.hr\/wp-content\/uploads\/2023\/09\/20230915_131017-2-1152x1536.jpg 1152w, https:\/\/udruga-106br.hr\/wp-content\/uploads\/2023\/09\/20230915_131017-2-1536x2048.jpg 1536w, https:\/\/udruga-106br.hr\/wp-content\/uploads\/2023\/09\/20230915_131017-2-scaled.jpg 1920w\" sizes=\"auto, (max-width: 768px) 100vw, 768px\" \/><\/figure>\n\n\n\n<figure class=\"wp-block-image size-large\"><img loading=\"lazy\" decoding=\"async\" width=\"768\" height=\"1024\" data-id=\"2459\" src=\"https:\/\/udruga-106br.hr\/wp-content\/uploads\/2023\/09\/20230915_131045-1-768x1024.jpg\" alt=\"\" class=\"wp-image-2459\" srcset=\"https:\/\/udruga-106br.hr\/wp-content\/uploads\/2023\/09\/20230915_131045-1-768x1024.jpg 768w, https:\/\/udruga-106br.hr\/wp-content\/uploads\/2023\/09\/20230915_131045-1-225x300.jpg 225w, https:\/\/udruga-106br.hr\/wp-content\/uploads\/2023\/09\/20230915_131045-1-1152x1536.jpg 1152w, https:\/\/udruga-106br.hr\/wp-content\/uploads\/2023\/09\/20230915_131045-1-1536x2048.jpg 1536w, https:\/\/udruga-106br.hr\/wp-content\/uploads\/2023\/09\/20230915_131045-1-scaled.jpg 1920w\" sizes=\"auto, (max-width: 768px) 100vw, 768px\" \/><\/figure>\n\n\n\n<figure class=\"wp-block-image size-large\"><img loading=\"lazy\" decoding=\"async\" width=\"1024\" height=\"768\" data-id=\"2460\" src=\"https:\/\/udruga-106br.hr\/wp-content\/uploads\/2023\/09\/20230915_131110-1-1024x768.jpg\" alt=\"\" class=\"wp-image-2460\" srcset=\"https:\/\/udruga-106br.hr\/wp-content\/uploads\/2023\/09\/20230915_131110-1-1024x768.jpg 1024w, https:\/\/udruga-106br.hr\/wp-content\/uploads\/2023\/09\/20230915_131110-1-300x225.jpg 300w, https:\/\/udruga-106br.hr\/wp-content\/uploads\/2023\/09\/20230915_131110-1-768x576.jpg 768w, https:\/\/udruga-106br.hr\/wp-content\/uploads\/2023\/09\/20230915_131110-1-1536x1152.jpg 1536w, https:\/\/udruga-106br.hr\/wp-content\/uploads\/2023\/09\/20230915_131110-1-2048x1536.jpg 2048w\" sizes=\"auto, (max-width: 1024px) 100vw, 1024px\" \/><\/figure>\n\n\n\n<figure class=\"wp-block-image size-large\"><img loading=\"lazy\" decoding=\"async\" width=\"768\" height=\"1024\" data-id=\"2461\" src=\"https:\/\/udruga-106br.hr\/wp-content\/uploads\/2023\/09\/20230915_131921-768x1024.jpg\" alt=\"\" class=\"wp-image-2461\" srcset=\"https:\/\/udruga-106br.hr\/wp-content\/uploads\/2023\/09\/20230915_131921-768x1024.jpg 768w, https:\/\/udruga-106br.hr\/wp-content\/uploads\/2023\/09\/20230915_131921-225x300.jpg 225w, https:\/\/udruga-106br.hr\/wp-content\/uploads\/2023\/09\/20230915_131921-1152x1536.jpg 1152w, https:\/\/udruga-106br.hr\/wp-content\/uploads\/2023\/09\/20230915_131921-1536x2048.jpg 1536w, https:\/\/udruga-106br.hr\/wp-content\/uploads\/2023\/09\/20230915_131921-scaled.jpg 1920w\" sizes=\"auto, (max-width: 768px) 100vw, 768px\" \/><\/figure>\n<\/figure>\n<!-- AddThis Advanced Settings generic via filter on the_content --><!-- AddThis Share Buttons generic via filter on the_content -->","protected":false},"excerpt":{"rendered":"<p>Danas 15.9.2023. godine Koordinacija udruga OB\u017d-a, Odbor za branitelje grada Osijeka i Udruga 106. brigade ZNG RH uz suglasnost Upravnog odjela za dru\u0161tvene djelatnosti grada Osijeka u povodu 17. rujna &#8211; dana osloba\u0111anja vojarne i protjerivanja postrojbi JNA iz Osijeka organizirala je pilot projekt &#8211; predavanje za osmo\u0161kolce tri osnovne \u0161kole (Vijenac, Grigor Vitez i &hellip; <a href=\"https:\/\/udruga-106br.hr\/index.php\/obiljezavanje-obljetnice-17-rujna-dana-oslobadanja-vojarne-i-protjerivanja-postrojbi-jna-iz-osijeka-pilot-projekt-predavanje\/\" class=\"more-link\">Nastavi \u010ditati <span class=\"screen-reader-text\">Obilje\u017eavanje obljetnice 17. rujna &#8211; dana osloba\u0111anja vojarne i protjerivanja postrojbi JNA iz Osijeka  &#8211; pilot projekt &#8211; predavanje<\/span><\/a><!-- AddThis Advanced Settings generic via filter on get_the_excerpt --><!-- AddThis Share Buttons generic via filter on get_the_excerpt --><\/p>\n","protected":false},"author":1,"featured_media":0,"comment_status":"closed","ping_status":"closed","sticky":false,"template":"","format":"standard","meta":{"footnotes":""},"categories":[32],"tags":[],"class_list":["post-2448","post","type-post","status-publish","format-standard","hentry","category-iz-zivota-udruge"],"_links":{"self":[{"href":"https:\/\/udruga-106br.hr\/index.php\/wp-json\/wp\/v2\/posts\/2448","targetHints":{"allow":["GET"]}}],"collection":[{"href":"https:\/\/udruga-106br.hr\/index.php\/wp-json\/wp\/v2\/posts"}],"about":[{"href":"https:\/\/udruga-106br.hr\/index.php\/wp-json\/wp\/v2\/types\/post"}],"author":[{"embeddable":true,"href":"https:\/\/udruga-106br.hr\/index.php\/wp-json\/wp\/v2\/users\/1"}],"replies":[{"embeddable":true,"href":"https:\/\/udruga-106br.hr\/index.php\/wp-json\/wp\/v2\/comments?post=2448"}],"version-history":[{"count":3,"href":"https:\/\/udruga-106br.hr\/index.php\/wp-json\/wp\/v2\/posts\/2448\/revisions"}],"predecessor-version":[{"id":3460,"href":"https:\/\/udruga-106br.hr\/index.php\/wp-json\/wp\/v2\/posts\/2448\/revisions\/3460"}],"wp:attachment":[{"href":"https:\/\/udruga-106br.hr\/index.php\/wp-json\/wp\/v2\/media?parent=2448"}],"wp:term":[{"taxonomy":"category","embeddable":true,"href":"https:\/\/udruga-106br.hr\/index.php\/wp-json\/wp\/v2\/categories?post=2448"},{"taxonomy":"post_tag","embeddable":true,"href":"https:\/\/udruga-106br.hr\/index.php\/wp-json\/wp\/v2\/tags?post=2448"}],"curies":[{"name":"wp","href":"https:\/\/api.w.org\/{rel}","templated":true}]}}