{"id":2464,"date":"2023-09-18T10:56:20","date_gmt":"2023-09-18T08:56:20","guid":{"rendered":"https:\/\/udruga-106br.hr\/?p=2464"},"modified":"2025-10-17T21:53:14","modified_gmt":"2025-10-17T19:53:14","slug":"obiljezavanje-32-obljetnice-osvajanja-vojnih-objekata-i-formiranja-122-brigade-hv-dakovo-15-09-2023","status":"publish","type":"post","link":"https:\/\/udruga-106br.hr\/index.php\/obiljezavanje-32-obljetnice-osvajanja-vojnih-objekata-i-formiranja-122-brigade-hv-dakovo-15-09-2023\/","title":{"rendered":"Obilje\u017eavanje 32. obljetnice osvajanja vojnih objekata i formiranja 122. brigade HV \u0110akovo &#8211; 15.09.2023.\u00a0"},"content":{"rendered":"\n<p>Predstavnici udruge 106. brigade ZNG RH sudjelovali su u sve\u010danom obilje\u017eavanju 32. godi\u0161njice osvajanja vojnih objekata i formiranja 122. brigade HV \u0110akovo, koje se odr\u017ealo 15. rujna 2023. godine.<\/p>\n\n\n\n<figure class=\"wp-block-gallery has-nested-images columns-default is-cropped wp-block-gallery-1 is-layout-flex wp-block-gallery-is-layout-flex\">\n<figure class=\"wp-block-image size-large\"><img loading=\"lazy\" decoding=\"async\" width=\"1024\" height=\"768\" data-id=\"2465\" src=\"https:\/\/udruga-106br.hr\/wp-content\/uploads\/2023\/09\/20230915_171409-1024x768.jpg\" alt=\"\" class=\"wp-image-2465\" srcset=\"https:\/\/udruga-106br.hr\/wp-content\/uploads\/2023\/09\/20230915_171409-1024x768.jpg 1024w, https:\/\/udruga-106br.hr\/wp-content\/uploads\/2023\/09\/20230915_171409-300x225.jpg 300w, https:\/\/udruga-106br.hr\/wp-content\/uploads\/2023\/09\/20230915_171409-768x576.jpg 768w, https:\/\/udruga-106br.hr\/wp-content\/uploads\/2023\/09\/20230915_171409-1536x1152.jpg 1536w, https:\/\/udruga-106br.hr\/wp-content\/uploads\/2023\/09\/20230915_171409-2048x1536.jpg 2048w\" sizes=\"auto, (max-width: 1024px) 100vw, 1024px\" \/><\/figure>\n\n\n\n<figure class=\"wp-block-image size-large\"><img loading=\"lazy\" decoding=\"async\" width=\"1024\" height=\"768\" data-id=\"2468\" src=\"https:\/\/udruga-106br.hr\/wp-content\/uploads\/2023\/09\/20230915_172235-1024x768.jpg\" alt=\"\" class=\"wp-image-2468\" srcset=\"https:\/\/udruga-106br.hr\/wp-content\/uploads\/2023\/09\/20230915_172235-1024x768.jpg 1024w, https:\/\/udruga-106br.hr\/wp-content\/uploads\/2023\/09\/20230915_172235-300x225.jpg 300w, https:\/\/udruga-106br.hr\/wp-content\/uploads\/2023\/09\/20230915_172235-768x576.jpg 768w, https:\/\/udruga-106br.hr\/wp-content\/uploads\/2023\/09\/20230915_172235-1536x1152.jpg 1536w, https:\/\/udruga-106br.hr\/wp-content\/uploads\/2023\/09\/20230915_172235-2048x1536.jpg 2048w\" sizes=\"auto, (max-width: 1024px) 100vw, 1024px\" \/><\/figure>\n\n\n\n<figure class=\"wp-block-image size-large\"><img loading=\"lazy\" decoding=\"async\" width=\"1024\" height=\"768\" data-id=\"2467\" src=\"https:\/\/udruga-106br.hr\/wp-content\/uploads\/2023\/09\/20230915_172922-1024x768.jpg\" alt=\"\" class=\"wp-image-2467\" srcset=\"https:\/\/udruga-106br.hr\/wp-content\/uploads\/2023\/09\/20230915_172922-1024x768.jpg 1024w, https:\/\/udruga-106br.hr\/wp-content\/uploads\/2023\/09\/20230915_172922-300x225.jpg 300w, https:\/\/udruga-106br.hr\/wp-content\/uploads\/2023\/09\/20230915_172922-768x576.jpg 768w, https:\/\/udruga-106br.hr\/wp-content\/uploads\/2023\/09\/20230915_172922-1536x1152.jpg 1536w, https:\/\/udruga-106br.hr\/wp-content\/uploads\/2023\/09\/20230915_172922-2048x1536.jpg 2048w\" sizes=\"auto, (max-width: 1024px) 100vw, 1024px\" \/><\/figure>\n\n\n\n<figure class=\"wp-block-image size-large\"><img loading=\"lazy\" decoding=\"async\" width=\"1024\" height=\"768\" data-id=\"2469\" src=\"https:\/\/udruga-106br.hr\/wp-content\/uploads\/2023\/09\/20230915_172945-1024x768.jpg\" alt=\"\" class=\"wp-image-2469\" srcset=\"https:\/\/udruga-106br.hr\/wp-content\/uploads\/2023\/09\/20230915_172945-1024x768.jpg 1024w, https:\/\/udruga-106br.hr\/wp-content\/uploads\/2023\/09\/20230915_172945-300x225.jpg 300w, https:\/\/udruga-106br.hr\/wp-content\/uploads\/2023\/09\/20230915_172945-768x576.jpg 768w, https:\/\/udruga-106br.hr\/wp-content\/uploads\/2023\/09\/20230915_172945-1536x1152.jpg 1536w, https:\/\/udruga-106br.hr\/wp-content\/uploads\/2023\/09\/20230915_172945-2048x1536.jpg 2048w\" sizes=\"auto, (max-width: 1024px) 100vw, 1024px\" \/><\/figure>\n<\/figure>\n\n\n\n<p>Program sve\u010danosti zapo\u010deo je u 17:00 sati okupljanjem uglednih gostiju i uzvanika kod Spomenika poginulim hrvatskim braniteljima \u0110akova i \u0110akov\u0161tine.<\/p>\n\n\n\n<p>Po\u010detak sve\u010danosti je obuhvatio sve\u010dano polaganje vijenaca i paljenje svije\u0107a kako bi se odala po\u010dast hrabrim braniteljima koji su dali svoje \u017eivote za neovisnost Republike Hrvatske. Ovim doga\u0111ajem odali smo priznanje njihovoj hrabrosti i \u017ertvi.<\/p>\n\n\n\n<figure class=\"wp-block-gallery has-nested-images columns-default is-cropped wp-block-gallery-2 is-layout-flex wp-block-gallery-is-layout-flex\">\n<figure class=\"wp-block-image size-large\"><img loading=\"lazy\" decoding=\"async\" width=\"1024\" height=\"768\" data-id=\"2470\" src=\"https:\/\/udruga-106br.hr\/wp-content\/uploads\/2023\/09\/20230915_173835-1024x768.jpg\" alt=\"\" class=\"wp-image-2470\" srcset=\"https:\/\/udruga-106br.hr\/wp-content\/uploads\/2023\/09\/20230915_173835-1024x768.jpg 1024w, https:\/\/udruga-106br.hr\/wp-content\/uploads\/2023\/09\/20230915_173835-300x225.jpg 300w, https:\/\/udruga-106br.hr\/wp-content\/uploads\/2023\/09\/20230915_173835-768x576.jpg 768w, https:\/\/udruga-106br.hr\/wp-content\/uploads\/2023\/09\/20230915_173835-1536x1152.jpg 1536w, https:\/\/udruga-106br.hr\/wp-content\/uploads\/2023\/09\/20230915_173835-2048x1536.jpg 2048w\" sizes=\"auto, (max-width: 1024px) 100vw, 1024px\" \/><\/figure>\n\n\n\n<figure class=\"wp-block-image size-large\"><img loading=\"lazy\" decoding=\"async\" width=\"1024\" height=\"768\" data-id=\"2472\" src=\"https:\/\/udruga-106br.hr\/wp-content\/uploads\/2023\/09\/20230915_174317-1024x768.jpg\" alt=\"\" class=\"wp-image-2472\" srcset=\"https:\/\/udruga-106br.hr\/wp-content\/uploads\/2023\/09\/20230915_174317-1024x768.jpg 1024w, https:\/\/udruga-106br.hr\/wp-content\/uploads\/2023\/09\/20230915_174317-300x225.jpg 300w, https:\/\/udruga-106br.hr\/wp-content\/uploads\/2023\/09\/20230915_174317-768x576.jpg 768w, https:\/\/udruga-106br.hr\/wp-content\/uploads\/2023\/09\/20230915_174317-1536x1152.jpg 1536w, https:\/\/udruga-106br.hr\/wp-content\/uploads\/2023\/09\/20230915_174317-2048x1536.jpg 2048w\" sizes=\"auto, (max-width: 1024px) 100vw, 1024px\" \/><\/figure>\n\n\n\n<figure class=\"wp-block-image size-large\"><img loading=\"lazy\" decoding=\"async\" width=\"768\" height=\"1024\" data-id=\"2471\" src=\"https:\/\/udruga-106br.hr\/wp-content\/uploads\/2023\/09\/20230915_174426-768x1024.jpg\" alt=\"\" class=\"wp-image-2471\" srcset=\"https:\/\/udruga-106br.hr\/wp-content\/uploads\/2023\/09\/20230915_174426-768x1024.jpg 768w, https:\/\/udruga-106br.hr\/wp-content\/uploads\/2023\/09\/20230915_174426-225x300.jpg 225w, https:\/\/udruga-106br.hr\/wp-content\/uploads\/2023\/09\/20230915_174426-1152x1536.jpg 1152w, https:\/\/udruga-106br.hr\/wp-content\/uploads\/2023\/09\/20230915_174426-1536x2048.jpg 1536w, https:\/\/udruga-106br.hr\/wp-content\/uploads\/2023\/09\/20230915_174426-scaled.jpg 1920w\" sizes=\"auto, (max-width: 768px) 100vw, 768px\" \/><\/figure>\n\n\n\n<figure class=\"wp-block-image size-large\"><img loading=\"lazy\" decoding=\"async\" width=\"768\" height=\"1024\" data-id=\"2473\" src=\"https:\/\/udruga-106br.hr\/wp-content\/uploads\/2023\/09\/20230915_190252-768x1024.jpg\" alt=\"\" class=\"wp-image-2473\" srcset=\"https:\/\/udruga-106br.hr\/wp-content\/uploads\/2023\/09\/20230915_190252-768x1024.jpg 768w, https:\/\/udruga-106br.hr\/wp-content\/uploads\/2023\/09\/20230915_190252-225x300.jpg 225w, https:\/\/udruga-106br.hr\/wp-content\/uploads\/2023\/09\/20230915_190252-1152x1536.jpg 1152w, https:\/\/udruga-106br.hr\/wp-content\/uploads\/2023\/09\/20230915_190252-1536x2048.jpg 1536w, https:\/\/udruga-106br.hr\/wp-content\/uploads\/2023\/09\/20230915_190252-scaled.jpg 1920w\" sizes=\"auto, (max-width: 768px) 100vw, 768px\" \/><\/figure>\n<\/figure>\n<!-- AddThis Advanced Settings generic via filter on the_content --><!-- AddThis Share Buttons generic via filter on the_content -->","protected":false},"excerpt":{"rendered":"<p>Predstavnici udruge 106. brigade ZNG RH sudjelovali su u sve\u010danom obilje\u017eavanju 32. godi\u0161njice osvajanja vojnih objekata i formiranja 122. brigade HV \u0110akovo, koje se odr\u017ealo 15. rujna 2023. godine. Program sve\u010danosti zapo\u010deo je u 17:00 sati okupljanjem uglednih gostiju i uzvanika kod Spomenika poginulim hrvatskim braniteljima \u0110akova i \u0110akov\u0161tine. Po\u010detak sve\u010danosti je obuhvatio sve\u010dano polaganje &hellip; <a href=\"https:\/\/udruga-106br.hr\/index.php\/obiljezavanje-32-obljetnice-osvajanja-vojnih-objekata-i-formiranja-122-brigade-hv-dakovo-15-09-2023\/\" class=\"more-link\">Nastavi \u010ditati <span class=\"screen-reader-text\">Obilje\u017eavanje 32. obljetnice osvajanja vojnih objekata i formiranja 122. brigade HV \u0110akovo &#8211; 15.09.2023.\u00a0<\/span><\/a><!-- AddThis Advanced Settings generic via filter on get_the_excerpt --><!-- AddThis Share Buttons generic via filter on get_the_excerpt --><\/p>\n","protected":false},"author":1,"featured_media":0,"comment_status":"closed","ping_status":"closed","sticky":false,"template":"","format":"standard","meta":{"footnotes":""},"categories":[32],"tags":[],"class_list":["post-2464","post","type-post","status-publish","format-standard","hentry","category-iz-zivota-udruge"],"_links":{"self":[{"href":"https:\/\/udruga-106br.hr\/index.php\/wp-json\/wp\/v2\/posts\/2464","targetHints":{"allow":["GET"]}}],"collection":[{"href":"https:\/\/udruga-106br.hr\/index.php\/wp-json\/wp\/v2\/posts"}],"about":[{"href":"https:\/\/udruga-106br.hr\/index.php\/wp-json\/wp\/v2\/types\/post"}],"author":[{"embeddable":true,"href":"https:\/\/udruga-106br.hr\/index.php\/wp-json\/wp\/v2\/users\/1"}],"replies":[{"embeddable":true,"href":"https:\/\/udruga-106br.hr\/index.php\/wp-json\/wp\/v2\/comments?post=2464"}],"version-history":[{"count":2,"href":"https:\/\/udruga-106br.hr\/index.php\/wp-json\/wp\/v2\/posts\/2464\/revisions"}],"predecessor-version":[{"id":3461,"href":"https:\/\/udruga-106br.hr\/index.php\/wp-json\/wp\/v2\/posts\/2464\/revisions\/3461"}],"wp:attachment":[{"href":"https:\/\/udruga-106br.hr\/index.php\/wp-json\/wp\/v2\/media?parent=2464"}],"wp:term":[{"taxonomy":"category","embeddable":true,"href":"https:\/\/udruga-106br.hr\/index.php\/wp-json\/wp\/v2\/categories?post=2464"},{"taxonomy":"post_tag","embeddable":true,"href":"https:\/\/udruga-106br.hr\/index.php\/wp-json\/wp\/v2\/tags?post=2464"}],"curies":[{"name":"wp","href":"https:\/\/api.w.org\/{rel}","templated":true}]}}