{"id":2476,"date":"2023-09-23T07:44:50","date_gmt":"2023-09-23T05:44:50","guid":{"rendered":"https:\/\/udruga-106br.hr\/?p=2476"},"modified":"2025-10-17T21:53:14","modified_gmt":"2025-10-17T19:53:14","slug":"22-9-2023-141-godina-od-tragedije-u-kojoj-je-zivot-izgubilo-26-husara-iz-15-husarske-pukovnije","status":"publish","type":"post","link":"https:\/\/udruga-106br.hr\/index.php\/22-9-2023-141-godina-od-tragedije-u-kojoj-je-zivot-izgubilo-26-husara-iz-15-husarske-pukovnije\/","title":{"rendered":"22.9.2023. &#8211; 141 godina od tragedije u kojoj je \u017eivot izgubilo 26 husara iz 15. husarske pukovnije"},"content":{"rendered":"\n<p>Pro\u0161la je 141 godina od tragedije u kojoj je \u017eivot izgubilo 26 husara iz 15. husarske pukovnije. Tim povodom, Udruga 106. brigade ZNG RH i Koordinacija udruga branitelja i stradalnika Domovinskog rata OB\u017d uz potporu Osje\u010dko &#8211; baranjske \u017eupanije organizirala je tradicionalnu komemoraciju, koja se odr\u017eala danas, 22. rujna kako bismo odali po\u010dast ovom doga\u0111aju.<\/p>\n\n\n\n<figure class=\"wp-block-gallery has-nested-images columns-default is-cropped wp-block-gallery-1 is-layout-flex wp-block-gallery-is-layout-flex\">\n<figure class=\"wp-block-image size-large\"><img loading=\"lazy\" decoding=\"async\" width=\"1024\" height=\"768\" data-id=\"2477\" src=\"https:\/\/udruga-106br.hr\/wp-content\/uploads\/2023\/09\/20230922_120342-1024x768.jpg\" alt=\"\" class=\"wp-image-2477\" srcset=\"https:\/\/udruga-106br.hr\/wp-content\/uploads\/2023\/09\/20230922_120342-1024x768.jpg 1024w, https:\/\/udruga-106br.hr\/wp-content\/uploads\/2023\/09\/20230922_120342-300x225.jpg 300w, https:\/\/udruga-106br.hr\/wp-content\/uploads\/2023\/09\/20230922_120342-768x576.jpg 768w, https:\/\/udruga-106br.hr\/wp-content\/uploads\/2023\/09\/20230922_120342-1536x1152.jpg 1536w, https:\/\/udruga-106br.hr\/wp-content\/uploads\/2023\/09\/20230922_120342-2048x1536.jpg 2048w\" sizes=\"auto, (max-width: 1024px) 100vw, 1024px\" \/><\/figure>\n\n\n\n<figure class=\"wp-block-image size-large\"><img loading=\"lazy\" decoding=\"async\" width=\"768\" height=\"1024\" data-id=\"2481\" src=\"https:\/\/udruga-106br.hr\/wp-content\/uploads\/2023\/09\/20230922_120630-768x1024.jpg\" alt=\"\" class=\"wp-image-2481\" srcset=\"https:\/\/udruga-106br.hr\/wp-content\/uploads\/2023\/09\/20230922_120630-768x1024.jpg 768w, https:\/\/udruga-106br.hr\/wp-content\/uploads\/2023\/09\/20230922_120630-225x300.jpg 225w, https:\/\/udruga-106br.hr\/wp-content\/uploads\/2023\/09\/20230922_120630-1152x1536.jpg 1152w, https:\/\/udruga-106br.hr\/wp-content\/uploads\/2023\/09\/20230922_120630-1536x2048.jpg 1536w, https:\/\/udruga-106br.hr\/wp-content\/uploads\/2023\/09\/20230922_120630-scaled.jpg 1920w\" sizes=\"auto, (max-width: 768px) 100vw, 768px\" \/><\/figure>\n\n\n\n<figure class=\"wp-block-image size-large\"><img loading=\"lazy\" decoding=\"async\" width=\"1024\" height=\"768\" data-id=\"2478\" src=\"https:\/\/udruga-106br.hr\/wp-content\/uploads\/2023\/09\/20230922_120659-1024x768.jpg\" alt=\"\" class=\"wp-image-2478\" srcset=\"https:\/\/udruga-106br.hr\/wp-content\/uploads\/2023\/09\/20230922_120659-1024x768.jpg 1024w, https:\/\/udruga-106br.hr\/wp-content\/uploads\/2023\/09\/20230922_120659-300x225.jpg 300w, https:\/\/udruga-106br.hr\/wp-content\/uploads\/2023\/09\/20230922_120659-768x576.jpg 768w, https:\/\/udruga-106br.hr\/wp-content\/uploads\/2023\/09\/20230922_120659-1536x1152.jpg 1536w, https:\/\/udruga-106br.hr\/wp-content\/uploads\/2023\/09\/20230922_120659-2048x1536.jpg 2048w\" sizes=\"auto, (max-width: 1024px) 100vw, 1024px\" \/><\/figure>\n\n\n\n<figure class=\"wp-block-image size-large\"><img loading=\"lazy\" decoding=\"async\" width=\"1024\" height=\"768\" data-id=\"2482\" src=\"https:\/\/udruga-106br.hr\/wp-content\/uploads\/2023\/09\/20230922_120815-1024x768.jpg\" alt=\"\" class=\"wp-image-2482\" srcset=\"https:\/\/udruga-106br.hr\/wp-content\/uploads\/2023\/09\/20230922_120815-1024x768.jpg 1024w, https:\/\/udruga-106br.hr\/wp-content\/uploads\/2023\/09\/20230922_120815-300x225.jpg 300w, https:\/\/udruga-106br.hr\/wp-content\/uploads\/2023\/09\/20230922_120815-768x576.jpg 768w, https:\/\/udruga-106br.hr\/wp-content\/uploads\/2023\/09\/20230922_120815-1536x1152.jpg 1536w, https:\/\/udruga-106br.hr\/wp-content\/uploads\/2023\/09\/20230922_120815-2048x1536.jpg 2048w\" sizes=\"auto, (max-width: 1024px) 100vw, 1024px\" \/><\/figure>\n<\/figure>\n\n\n\n<figure class=\"wp-block-image size-large\"><img loading=\"lazy\" decoding=\"async\" width=\"1024\" height=\"768\" src=\"https:\/\/udruga-106br.hr\/wp-content\/uploads\/2023\/09\/20230922_120458-2-1024x768.jpg\" alt=\"\" class=\"wp-image-2487\" srcset=\"https:\/\/udruga-106br.hr\/wp-content\/uploads\/2023\/09\/20230922_120458-2-1024x768.jpg 1024w, https:\/\/udruga-106br.hr\/wp-content\/uploads\/2023\/09\/20230922_120458-2-300x225.jpg 300w, https:\/\/udruga-106br.hr\/wp-content\/uploads\/2023\/09\/20230922_120458-2-768x576.jpg 768w, https:\/\/udruga-106br.hr\/wp-content\/uploads\/2023\/09\/20230922_120458-2-1536x1152.jpg 1536w, https:\/\/udruga-106br.hr\/wp-content\/uploads\/2023\/09\/20230922_120458-2-2048x1536.jpg 2048w\" sizes=\"auto, (max-width: 1024px) 100vw, 1024px\" \/><\/figure>\n\n\n\n<figure class=\"wp-block-gallery has-nested-images columns-default is-cropped wp-block-gallery-2 is-layout-flex wp-block-gallery-is-layout-flex\">\n<figure class=\"wp-block-image size-large\"><img loading=\"lazy\" decoding=\"async\" width=\"768\" height=\"1024\" data-id=\"2484\" src=\"https:\/\/udruga-106br.hr\/wp-content\/uploads\/2023\/09\/20230922_120935-1-768x1024.jpg\" alt=\"\" class=\"wp-image-2484\" srcset=\"https:\/\/udruga-106br.hr\/wp-content\/uploads\/2023\/09\/20230922_120935-1-768x1024.jpg 768w, https:\/\/udruga-106br.hr\/wp-content\/uploads\/2023\/09\/20230922_120935-1-225x300.jpg 225w, https:\/\/udruga-106br.hr\/wp-content\/uploads\/2023\/09\/20230922_120935-1-1152x1536.jpg 1152w, https:\/\/udruga-106br.hr\/wp-content\/uploads\/2023\/09\/20230922_120935-1-1536x2048.jpg 1536w, https:\/\/udruga-106br.hr\/wp-content\/uploads\/2023\/09\/20230922_120935-1-scaled.jpg 1920w\" sizes=\"auto, (max-width: 768px) 100vw, 768px\" \/><\/figure>\n<\/figure>\n\n\n\n<p><br>Komemoraciji su prisustvovali visoki predstavnici Ministarstva hrvatskih branitelja, Osje\u010dko-baranjske \u017eupanije i Grada Osijeka, kao i predstavnici Koordinacije udruga branitelja i stradalnika Domovinskog rata Osje\u010dko-baranjske \u017eupanije (KUBIS), te \u010dlanovi braniteljskih udruga. Tako\u0111er su bili prisutni vojni izaslanik i konzul Republike Ma\u0111arske, kao i predstavnici ma\u0111arske manjine i ma\u0111arskih udruga.<\/p>\n\n\n\n<figure class=\"wp-block-image size-large\"><img loading=\"lazy\" decoding=\"async\" width=\"1024\" height=\"768\" src=\"https:\/\/udruga-106br.hr\/wp-content\/uploads\/2023\/09\/20230922_121038-1024x768.jpg\" alt=\"\" class=\"wp-image-2488\" srcset=\"https:\/\/udruga-106br.hr\/wp-content\/uploads\/2023\/09\/20230922_121038-1024x768.jpg 1024w, https:\/\/udruga-106br.hr\/wp-content\/uploads\/2023\/09\/20230922_121038-300x225.jpg 300w, https:\/\/udruga-106br.hr\/wp-content\/uploads\/2023\/09\/20230922_121038-768x576.jpg 768w, https:\/\/udruga-106br.hr\/wp-content\/uploads\/2023\/09\/20230922_121038-1536x1152.jpg 1536w, https:\/\/udruga-106br.hr\/wp-content\/uploads\/2023\/09\/20230922_121038-2048x1536.jpg 2048w\" sizes=\"auto, (max-width: 1024px) 100vw, 1024px\" \/><\/figure>\n\n\n\n<p><br>Uz predstavnike husara i Po\u010dasnu sokolsku gardu Osijeka Hrvatskog sokola Osijek polo\u017eeni su vijenci kod kapelice Kraljice Mira u \u010dast hrvatskim braniteljima, a pred obeliskom u \u010dast pripadnicima 15. husarske pukovnije.<\/p>\n\n\n\n<figure class=\"wp-block-gallery has-nested-images columns-default is-cropped wp-block-gallery-3 is-layout-flex wp-block-gallery-is-layout-flex\">\n<figure class=\"wp-block-image size-large\"><img loading=\"lazy\" decoding=\"async\" width=\"768\" height=\"1024\" data-id=\"2490\" src=\"https:\/\/udruga-106br.hr\/wp-content\/uploads\/2023\/09\/20230922_123205-768x1024.jpg\" alt=\"\" class=\"wp-image-2490\" srcset=\"https:\/\/udruga-106br.hr\/wp-content\/uploads\/2023\/09\/20230922_123205-768x1024.jpg 768w, https:\/\/udruga-106br.hr\/wp-content\/uploads\/2023\/09\/20230922_123205-225x300.jpg 225w, https:\/\/udruga-106br.hr\/wp-content\/uploads\/2023\/09\/20230922_123205-1152x1536.jpg 1152w, https:\/\/udruga-106br.hr\/wp-content\/uploads\/2023\/09\/20230922_123205-1536x2048.jpg 1536w, https:\/\/udruga-106br.hr\/wp-content\/uploads\/2023\/09\/20230922_123205-scaled.jpg 1920w\" sizes=\"auto, (max-width: 768px) 100vw, 768px\" \/><\/figure>\n\n\n\n<figure class=\"wp-block-image size-large\"><img loading=\"lazy\" decoding=\"async\" width=\"768\" height=\"1024\" data-id=\"2489\" src=\"https:\/\/udruga-106br.hr\/wp-content\/uploads\/2023\/09\/20230922_123316-768x1024.jpg\" alt=\"\" class=\"wp-image-2489\" srcset=\"https:\/\/udruga-106br.hr\/wp-content\/uploads\/2023\/09\/20230922_123316-768x1024.jpg 768w, https:\/\/udruga-106br.hr\/wp-content\/uploads\/2023\/09\/20230922_123316-225x300.jpg 225w, https:\/\/udruga-106br.hr\/wp-content\/uploads\/2023\/09\/20230922_123316-1152x1536.jpg 1152w, https:\/\/udruga-106br.hr\/wp-content\/uploads\/2023\/09\/20230922_123316-1536x2048.jpg 1536w, https:\/\/udruga-106br.hr\/wp-content\/uploads\/2023\/09\/20230922_123316-scaled.jpg 1920w\" sizes=\"auto, (max-width: 768px) 100vw, 768px\" \/><\/figure>\n<\/figure>\n\n\n\n<figure class=\"wp-block-image size-large\"><img loading=\"lazy\" decoding=\"async\" width=\"1024\" height=\"768\" src=\"https:\/\/udruga-106br.hr\/wp-content\/uploads\/2023\/09\/20230922_123351-1024x768.jpg\" alt=\"\" class=\"wp-image-2491\" srcset=\"https:\/\/udruga-106br.hr\/wp-content\/uploads\/2023\/09\/20230922_123351-1024x768.jpg 1024w, https:\/\/udruga-106br.hr\/wp-content\/uploads\/2023\/09\/20230922_123351-300x225.jpg 300w, https:\/\/udruga-106br.hr\/wp-content\/uploads\/2023\/09\/20230922_123351-768x576.jpg 768w, https:\/\/udruga-106br.hr\/wp-content\/uploads\/2023\/09\/20230922_123351-1536x1152.jpg 1536w, https:\/\/udruga-106br.hr\/wp-content\/uploads\/2023\/09\/20230922_123351-2048x1536.jpg 2048w\" sizes=\"auto, (max-width: 1024px) 100vw, 1024px\" \/><\/figure>\n\n\n\n<p><\/p>\n\n\n\n<p>U prostoru studentskog Campusa odr\u017eana je kratka prezentaciju vezana uz osloba\u0111anje vojarne.<\/p>\n\n\n\n<figure class=\"wp-block-gallery has-nested-images columns-default is-cropped wp-block-gallery-4 is-layout-flex wp-block-gallery-is-layout-flex\">\n<figure class=\"wp-block-image size-large\"><img loading=\"lazy\" decoding=\"async\" width=\"768\" height=\"1024\" data-id=\"2493\" src=\"https:\/\/udruga-106br.hr\/wp-content\/uploads\/2023\/09\/20230922_124157-768x1024.jpg\" alt=\"\" class=\"wp-image-2493\" srcset=\"https:\/\/udruga-106br.hr\/wp-content\/uploads\/2023\/09\/20230922_124157-768x1024.jpg 768w, https:\/\/udruga-106br.hr\/wp-content\/uploads\/2023\/09\/20230922_124157-225x300.jpg 225w, https:\/\/udruga-106br.hr\/wp-content\/uploads\/2023\/09\/20230922_124157-1152x1536.jpg 1152w, https:\/\/udruga-106br.hr\/wp-content\/uploads\/2023\/09\/20230922_124157-1536x2048.jpg 1536w, https:\/\/udruga-106br.hr\/wp-content\/uploads\/2023\/09\/20230922_124157-scaled.jpg 1920w\" sizes=\"auto, (max-width: 768px) 100vw, 768px\" \/><\/figure>\n<\/figure>\n\n\n\n<figure class=\"wp-block-image size-large\"><img loading=\"lazy\" decoding=\"async\" width=\"1024\" height=\"768\" src=\"https:\/\/udruga-106br.hr\/wp-content\/uploads\/2023\/09\/20230922_125808-1-1024x768.jpg\" alt=\"\" class=\"wp-image-2494\" srcset=\"https:\/\/udruga-106br.hr\/wp-content\/uploads\/2023\/09\/20230922_125808-1-1024x768.jpg 1024w, https:\/\/udruga-106br.hr\/wp-content\/uploads\/2023\/09\/20230922_125808-1-300x225.jpg 300w, https:\/\/udruga-106br.hr\/wp-content\/uploads\/2023\/09\/20230922_125808-1-768x576.jpg 768w, https:\/\/udruga-106br.hr\/wp-content\/uploads\/2023\/09\/20230922_125808-1-1536x1152.jpg 1536w, https:\/\/udruga-106br.hr\/wp-content\/uploads\/2023\/09\/20230922_125808-1-2048x1536.jpg 2048w\" sizes=\"auto, (max-width: 1024px) 100vw, 1024px\" \/><\/figure>\n\n\n\n<figure class=\"wp-block-image size-large\"><img loading=\"lazy\" decoding=\"async\" width=\"1024\" height=\"683\" src=\"https:\/\/udruga-106br.hr\/wp-content\/uploads\/2023\/09\/DZK_0862-1024x683.jpg\" alt=\"\" class=\"wp-image-2495\" srcset=\"https:\/\/udruga-106br.hr\/wp-content\/uploads\/2023\/09\/DZK_0862-1024x683.jpg 1024w, https:\/\/udruga-106br.hr\/wp-content\/uploads\/2023\/09\/DZK_0862-300x200.jpg 300w, https:\/\/udruga-106br.hr\/wp-content\/uploads\/2023\/09\/DZK_0862-768x512.jpg 768w, https:\/\/udruga-106br.hr\/wp-content\/uploads\/2023\/09\/DZK_0862-1536x1024.jpg 1536w, https:\/\/udruga-106br.hr\/wp-content\/uploads\/2023\/09\/DZK_0862-2048x1365.jpg 2048w\" sizes=\"auto, (max-width: 1024px) 100vw, 1024px\" \/><\/figure>\n\n\n\n<p>Ovim doga\u0111ajem \u017eelimo dostojanstveno i s po\u0161tovanjem obilje\u017eiti ovu va\u017enu obljetnicu i odati po\u010dast hrabrim husarima nagla\u0161avaju\u0107i va\u017enost i po\u0161tovanje prema spomenutoj tragediji husara.<\/p>\n<!-- AddThis Advanced Settings generic via filter on the_content --><!-- AddThis Share Buttons generic via filter on the_content -->","protected":false},"excerpt":{"rendered":"<p>Pro\u0161la je 141 godina od tragedije u kojoj je \u017eivot izgubilo 26 husara iz 15. husarske pukovnije. Tim povodom, Udruga 106. brigade ZNG RH i Koordinacija udruga branitelja i stradalnika Domovinskog rata OB\u017d uz potporu Osje\u010dko &#8211; baranjske \u017eupanije organizirala je tradicionalnu komemoraciju, koja se odr\u017eala danas, 22. rujna kako bismo odali po\u010dast ovom doga\u0111aju. &hellip; <a href=\"https:\/\/udruga-106br.hr\/index.php\/22-9-2023-141-godina-od-tragedije-u-kojoj-je-zivot-izgubilo-26-husara-iz-15-husarske-pukovnije\/\" class=\"more-link\">Nastavi \u010ditati <span class=\"screen-reader-text\">22.9.2023. &#8211; 141 godina od tragedije u kojoj je \u017eivot izgubilo 26 husara iz 15. husarske pukovnije<\/span><\/a><!-- AddThis Advanced Settings generic via filter on get_the_excerpt --><!-- AddThis Share Buttons generic via filter on get_the_excerpt --><\/p>\n","protected":false},"author":1,"featured_media":0,"comment_status":"closed","ping_status":"closed","sticky":false,"template":"","format":"standard","meta":{"footnotes":""},"categories":[32],"tags":[],"class_list":["post-2476","post","type-post","status-publish","format-standard","hentry","category-iz-zivota-udruge"],"_links":{"self":[{"href":"https:\/\/udruga-106br.hr\/index.php\/wp-json\/wp\/v2\/posts\/2476","targetHints":{"allow":["GET"]}}],"collection":[{"href":"https:\/\/udruga-106br.hr\/index.php\/wp-json\/wp\/v2\/posts"}],"about":[{"href":"https:\/\/udruga-106br.hr\/index.php\/wp-json\/wp\/v2\/types\/post"}],"author":[{"embeddable":true,"href":"https:\/\/udruga-106br.hr\/index.php\/wp-json\/wp\/v2\/users\/1"}],"replies":[{"embeddable":true,"href":"https:\/\/udruga-106br.hr\/index.php\/wp-json\/wp\/v2\/comments?post=2476"}],"version-history":[{"count":1,"href":"https:\/\/udruga-106br.hr\/index.php\/wp-json\/wp\/v2\/posts\/2476\/revisions"}],"predecessor-version":[{"id":2496,"href":"https:\/\/udruga-106br.hr\/index.php\/wp-json\/wp\/v2\/posts\/2476\/revisions\/2496"}],"wp:attachment":[{"href":"https:\/\/udruga-106br.hr\/index.php\/wp-json\/wp\/v2\/media?parent=2476"}],"wp:term":[{"taxonomy":"category","embeddable":true,"href":"https:\/\/udruga-106br.hr\/index.php\/wp-json\/wp\/v2\/categories?post=2476"},{"taxonomy":"post_tag","embeddable":true,"href":"https:\/\/udruga-106br.hr\/index.php\/wp-json\/wp\/v2\/tags?post=2476"}],"curies":[{"name":"wp","href":"https:\/\/api.w.org\/{rel}","templated":true}]}}