{"id":2497,"date":"2023-09-29T11:19:32","date_gmt":"2023-09-29T09:19:32","guid":{"rendered":"https:\/\/udruga-106br.hr\/?p=2497"},"modified":"2025-10-17T21:53:14","modified_gmt":"2025-10-17T19:53:14","slug":"izobrazba-u-organizaciji-nacionalne-zaklade-za-razvoj-civilnoga-drustva-za-prijelazno-pripremno-razdoblje-sustavnih-podrski-nacionalne-zaklade-27-i-28-9-2023-zadar","status":"publish","type":"post","link":"https:\/\/udruga-106br.hr\/index.php\/izobrazba-u-organizaciji-nacionalne-zaklade-za-razvoj-civilnoga-drustva-za-prijelazno-pripremno-razdoblje-sustavnih-podrski-nacionalne-zaklade-27-i-28-9-2023-zadar\/","title":{"rendered":"Izobrazba u organizaciji Nacionalne zaklade za razvoj civilnoga dru\u0161tva za prijelazno, pripremno razdoblje sustavnih podr\u0161ki Nacionalne zaklade &#8211; 27. i 28.9.2023., Zadar"},"content":{"rendered":"\n<p>Izobrazba u organizaciji Nacionalne zaklade za razvoj civilnoga dru\u0161tva za prijelazno, pripremno razdoblje sustavnih podr\u0161ki Nacionalne zaklade odr\u017eano je 27. i 28. rujna 2023. godine u Zadru.<\/p>\n\n\n\n<figure class=\"wp-block-image size-large\"><img loading=\"lazy\" decoding=\"async\" width=\"1024\" height=\"768\" src=\"https:\/\/udruga-106br.hr\/wp-content\/uploads\/2023\/09\/20230927_103711-1024x768.jpg\" alt=\"\" class=\"wp-image-2498\" srcset=\"https:\/\/udruga-106br.hr\/wp-content\/uploads\/2023\/09\/20230927_103711-1024x768.jpg 1024w, https:\/\/udruga-106br.hr\/wp-content\/uploads\/2023\/09\/20230927_103711-300x225.jpg 300w, https:\/\/udruga-106br.hr\/wp-content\/uploads\/2023\/09\/20230927_103711-768x576.jpg 768w, https:\/\/udruga-106br.hr\/wp-content\/uploads\/2023\/09\/20230927_103711-1536x1152.jpg 1536w, https:\/\/udruga-106br.hr\/wp-content\/uploads\/2023\/09\/20230927_103711-2048x1536.jpg 2048w\" sizes=\"auto, (max-width: 1024px) 100vw, 1024px\" \/><\/figure>\n\n\n\n<p>Na ovom stru\u010dnom skupu aktivno je sudjelovala je na\u0161a djelatnica Anja Toki\u0107, imaju\u0107i izvanrednu priliku za pro\u0161irenje svojih kompetencija kroz niz zna\u010dajnih i aktualnih tema.<\/p>\n\n\n\n<figure class=\"wp-block-gallery has-nested-images columns-default is-cropped wp-block-gallery-1 is-layout-flex wp-block-gallery-is-layout-flex\">\n<figure class=\"wp-block-image size-large\"><img loading=\"lazy\" decoding=\"async\" width=\"768\" height=\"1024\" data-id=\"2502\" src=\"https:\/\/udruga-106br.hr\/wp-content\/uploads\/2023\/09\/20230927_103807-768x1024.jpg\" alt=\"\" class=\"wp-image-2502\" srcset=\"https:\/\/udruga-106br.hr\/wp-content\/uploads\/2023\/09\/20230927_103807-768x1024.jpg 768w, https:\/\/udruga-106br.hr\/wp-content\/uploads\/2023\/09\/20230927_103807-225x300.jpg 225w, https:\/\/udruga-106br.hr\/wp-content\/uploads\/2023\/09\/20230927_103807-1152x1536.jpg 1152w, https:\/\/udruga-106br.hr\/wp-content\/uploads\/2023\/09\/20230927_103807-1536x2048.jpg 1536w, https:\/\/udruga-106br.hr\/wp-content\/uploads\/2023\/09\/20230927_103807-scaled.jpg 1920w\" sizes=\"auto, (max-width: 768px) 100vw, 768px\" \/><\/figure>\n\n\n\n<figure class=\"wp-block-image size-large\"><img loading=\"lazy\" decoding=\"async\" width=\"768\" height=\"1024\" data-id=\"2499\" src=\"https:\/\/udruga-106br.hr\/wp-content\/uploads\/2023\/09\/20230927_105235-768x1024.jpg\" alt=\"\" class=\"wp-image-2499\" srcset=\"https:\/\/udruga-106br.hr\/wp-content\/uploads\/2023\/09\/20230927_105235-768x1024.jpg 768w, https:\/\/udruga-106br.hr\/wp-content\/uploads\/2023\/09\/20230927_105235-225x300.jpg 225w, https:\/\/udruga-106br.hr\/wp-content\/uploads\/2023\/09\/20230927_105235-1152x1536.jpg 1152w, https:\/\/udruga-106br.hr\/wp-content\/uploads\/2023\/09\/20230927_105235-1536x2048.jpg 1536w, https:\/\/udruga-106br.hr\/wp-content\/uploads\/2023\/09\/20230927_105235-scaled.jpg 1920w\" sizes=\"auto, (max-width: 768px) 100vw, 768px\" \/><\/figure>\n\n\n\n<figure class=\"wp-block-image size-large\"><img loading=\"lazy\" decoding=\"async\" width=\"1024\" height=\"768\" data-id=\"2500\" src=\"https:\/\/udruga-106br.hr\/wp-content\/uploads\/2023\/09\/20230927_110354-1024x768.jpg\" alt=\"\" class=\"wp-image-2500\" srcset=\"https:\/\/udruga-106br.hr\/wp-content\/uploads\/2023\/09\/20230927_110354-1024x768.jpg 1024w, https:\/\/udruga-106br.hr\/wp-content\/uploads\/2023\/09\/20230927_110354-300x225.jpg 300w, https:\/\/udruga-106br.hr\/wp-content\/uploads\/2023\/09\/20230927_110354-768x576.jpg 768w, https:\/\/udruga-106br.hr\/wp-content\/uploads\/2023\/09\/20230927_110354-1536x1152.jpg 1536w, https:\/\/udruga-106br.hr\/wp-content\/uploads\/2023\/09\/20230927_110354-2048x1536.jpg 2048w\" sizes=\"auto, (max-width: 1024px) 100vw, 1024px\" \/><\/figure>\n\n\n\n<figure class=\"wp-block-image size-large\"><img loading=\"lazy\" decoding=\"async\" width=\"1024\" height=\"768\" data-id=\"2501\" src=\"https:\/\/udruga-106br.hr\/wp-content\/uploads\/2023\/09\/20230928_100828-1024x768.jpg\" alt=\"\" class=\"wp-image-2501\" srcset=\"https:\/\/udruga-106br.hr\/wp-content\/uploads\/2023\/09\/20230928_100828-1024x768.jpg 1024w, https:\/\/udruga-106br.hr\/wp-content\/uploads\/2023\/09\/20230928_100828-300x225.jpg 300w, https:\/\/udruga-106br.hr\/wp-content\/uploads\/2023\/09\/20230928_100828-768x576.jpg 768w, https:\/\/udruga-106br.hr\/wp-content\/uploads\/2023\/09\/20230928_100828-1536x1152.jpg 1536w, https:\/\/udruga-106br.hr\/wp-content\/uploads\/2023\/09\/20230928_100828-2048x1536.jpg 2048w\" sizes=\"auto, (max-width: 1024px) 100vw, 1024px\" \/><\/figure>\n\n\n\n<figure class=\"wp-block-image size-large\"><img loading=\"lazy\" decoding=\"async\" width=\"1024\" height=\"768\" data-id=\"2503\" src=\"https:\/\/udruga-106br.hr\/wp-content\/uploads\/2023\/09\/20230928_123239-1024x768.jpg\" alt=\"\" class=\"wp-image-2503\" srcset=\"https:\/\/udruga-106br.hr\/wp-content\/uploads\/2023\/09\/20230928_123239-1024x768.jpg 1024w, https:\/\/udruga-106br.hr\/wp-content\/uploads\/2023\/09\/20230928_123239-300x225.jpg 300w, https:\/\/udruga-106br.hr\/wp-content\/uploads\/2023\/09\/20230928_123239-768x576.jpg 768w, https:\/\/udruga-106br.hr\/wp-content\/uploads\/2023\/09\/20230928_123239-1536x1152.jpg 1536w, https:\/\/udruga-106br.hr\/wp-content\/uploads\/2023\/09\/20230928_123239-2048x1536.jpg 2048w\" sizes=\"auto, (max-width: 1024px) 100vw, 1024px\" \/><\/figure>\n<\/figure>\n\n\n\n<p>Teme koje su bile obuhva\u0107ene na Izobrazbi uklju\u010divale su:<\/p>\n\n\n\n<ul class=\"wp-block-list\"><li>Pravilnik o prihvatljivosti tro\u0161kova u okviru Europskog socijalnog fonda plus<\/li><li>Godi\u0161nji plan objave poziva za predaju projektnih prijedloga za 2023. godinu u okviru Programa U\u010dinkoviti ljudski potencijali 2021.-2027.<\/li><li>Zakon i pravilnik o porezu na dohodak<\/li><li>Uredbu o kriterijima, mjerilima i postupcima financiranja i ugovaranja programa i projekata od interesa za op\u0107e dobro koje provode udruge.<\/li><li>Pravne u\u010dinke ugovora o dodjeli bespovratnih sredstava.<\/li><\/ul>\n\n\n\n<p>Ovim putem izra\u017eavamo iskrenu zahvalnost Nacionalnoj zakladi za razvoj civilnoga dru\u0161tva na pru\u017eenoj prilici za sudjelovanje u ovoj iznimno vrijednoj izobrazbi.<br>Veselimo se budu\u0107oj suradnji i potencijalnim zajedni\u010dkim projektima te suradnjama koje \u0107e doprinijeti razvoju na\u0161e Udruge te cjelokupnom razvoju civilnoga dru\u0161tva.<\/p>\n<!-- AddThis Advanced Settings generic via filter on the_content --><!-- AddThis Share Buttons generic via filter on the_content -->","protected":false},"excerpt":{"rendered":"<p>Izobrazba u organizaciji Nacionalne zaklade za razvoj civilnoga dru\u0161tva za prijelazno, pripremno razdoblje sustavnih podr\u0161ki Nacionalne zaklade odr\u017eano je 27. i 28. rujna 2023. godine u Zadru. Na ovom stru\u010dnom skupu aktivno je sudjelovala je na\u0161a djelatnica Anja Toki\u0107, imaju\u0107i izvanrednu priliku za pro\u0161irenje svojih kompetencija kroz niz zna\u010dajnih i aktualnih tema. Teme koje su &hellip; <a href=\"https:\/\/udruga-106br.hr\/index.php\/izobrazba-u-organizaciji-nacionalne-zaklade-za-razvoj-civilnoga-drustva-za-prijelazno-pripremno-razdoblje-sustavnih-podrski-nacionalne-zaklade-27-i-28-9-2023-zadar\/\" class=\"more-link\">Nastavi \u010ditati <span class=\"screen-reader-text\">Izobrazba u organizaciji Nacionalne zaklade za razvoj civilnoga dru\u0161tva za prijelazno, pripremno razdoblje sustavnih podr\u0161ki Nacionalne zaklade &#8211; 27. i 28.9.2023., Zadar<\/span><\/a><!-- AddThis Advanced Settings generic via filter on get_the_excerpt --><!-- AddThis Share Buttons generic via filter on get_the_excerpt --><\/p>\n","protected":false},"author":1,"featured_media":0,"comment_status":"closed","ping_status":"closed","sticky":false,"template":"","format":"standard","meta":{"footnotes":""},"categories":[32],"tags":[],"class_list":["post-2497","post","type-post","status-publish","format-standard","hentry","category-iz-zivota-udruge"],"_links":{"self":[{"href":"https:\/\/udruga-106br.hr\/index.php\/wp-json\/wp\/v2\/posts\/2497","targetHints":{"allow":["GET"]}}],"collection":[{"href":"https:\/\/udruga-106br.hr\/index.php\/wp-json\/wp\/v2\/posts"}],"about":[{"href":"https:\/\/udruga-106br.hr\/index.php\/wp-json\/wp\/v2\/types\/post"}],"author":[{"embeddable":true,"href":"https:\/\/udruga-106br.hr\/index.php\/wp-json\/wp\/v2\/users\/1"}],"replies":[{"embeddable":true,"href":"https:\/\/udruga-106br.hr\/index.php\/wp-json\/wp\/v2\/comments?post=2497"}],"version-history":[{"count":2,"href":"https:\/\/udruga-106br.hr\/index.php\/wp-json\/wp\/v2\/posts\/2497\/revisions"}],"predecessor-version":[{"id":3462,"href":"https:\/\/udruga-106br.hr\/index.php\/wp-json\/wp\/v2\/posts\/2497\/revisions\/3462"}],"wp:attachment":[{"href":"https:\/\/udruga-106br.hr\/index.php\/wp-json\/wp\/v2\/media?parent=2497"}],"wp:term":[{"taxonomy":"category","embeddable":true,"href":"https:\/\/udruga-106br.hr\/index.php\/wp-json\/wp\/v2\/categories?post=2497"},{"taxonomy":"post_tag","embeddable":true,"href":"https:\/\/udruga-106br.hr\/index.php\/wp-json\/wp\/v2\/tags?post=2497"}],"curies":[{"name":"wp","href":"https:\/\/api.w.org\/{rel}","templated":true}]}}