{"id":2529,"date":"2023-10-16T10:58:34","date_gmt":"2023-10-16T08:58:34","guid":{"rendered":"https:\/\/udruga-106br.hr\/?p=2529"},"modified":"2025-10-17T21:53:14","modified_gmt":"2025-10-17T19:53:14","slug":"nastavlja-se-braniteljska-liga-prijavite-svoje-ekipe","status":"publish","type":"post","link":"https:\/\/udruga-106br.hr\/index.php\/nastavlja-se-braniteljska-liga-prijavite-svoje-ekipe\/","title":{"rendered":"Nastavlja se Braniteljska liga. Prijavite svoje ekipe!"},"content":{"rendered":"\n<p>Udruga 106. brigade ZNG-a RH nastavlja s Braniteljskom ligom, i to jesenskim dijelom. Predsjednik Udruge Dubravko Panci\u0107 poziva braniteljske udruge da prijave ekipe.<\/p>\n\n\n\n<ul class=\"wp-block-list\"><li>Nakon uspje\u0161no odr\u017eanog proljetnog dijela Braniteljske lige Udruga 106. brigade ZNG-a RH, u suradnji s Koordinacijom udruga branitelja i stradalnika Domovinskog rata OB\u017d-a, Udrugom dragovoljaca i veterana Domovinskog rata, podru\u017enica OB\u017d-a i Udrugom specijalne policije Domovinskog rata Orao Osijek, nastavlja s jesenskim dijelom natjecanja u Braniteljskoj ligi. <\/li><\/ul>\n\n\n\n<figure class=\"wp-block-image size-full\"><img loading=\"lazy\" decoding=\"async\" width=\"652\" height=\"384\" src=\"https:\/\/udruga-106br.hr\/wp-content\/uploads\/2023\/10\/644428.jpg\" alt=\"\" class=\"wp-image-2530\" srcset=\"https:\/\/udruga-106br.hr\/wp-content\/uploads\/2023\/10\/644428.jpg 652w, https:\/\/udruga-106br.hr\/wp-content\/uploads\/2023\/10\/644428-300x177.jpg 300w\" sizes=\"auto, (max-width: 652px) 100vw, 652px\" \/><\/figure>\n\n\n\n<ul class=\"wp-block-list\"><li>Natjecanje \u0107e se odr\u017eati po sustavu svatko sa svakim, a obuhva\u0107a natjecanja u sljede\u0107im disciplinama: bela\/igra se u parovima, svaka ekipa ima dva \u010dlana, udruga mo\u017ee prijaviti vi\u0161e ekipa; \u0161ah\/natjecanje u \u0161ahu se odr\u017eava u pojedina\u010dnoj konkurenciji, svaka udruga mo\u017ee prijaviti ve\u0107i broj natjecatelja; pikado\/boduje se u ekipnoj i pojedina\u010dnoj kategoriji, a ekipu \u010dine dva \u010dlana, svaka udruga mo\u017ee prijaviti vi\u0161e ekipa; Bo\u0107anje\/natjecanje se odr\u017eava u ekipnoj konkurenciji, ekipu \u010dine tri \u010dlana, svaka udruga mo\u017ee prijaviti vi\u0161e ekipa; stolni tenis\/natjecanje se odr\u017eava u ekipnoj i pojedina\u010dnoj konkurenciji, ekipu \u010dine tri \u010dlana, svaka udruga mo\u017ee prijaviti vi\u0161e ekipa; strelja\u0161tvo\/natjecanje se odr\u017eava u ekipnoj i pojedina\u010dnoj konkurenciji, ekipu \u010dine tri \u010dlana, a svaka udruga mo\u017ee prijaviti vi\u0161e ekipa &#8211; najavljuje voditelj aktivnosti Braniteljske lige, prof. \u017deljko \u010cerni\u0107.<br>D. Peji\u0107<\/li><\/ul>\n\n\n\n<p>Preuzeto sa mre\u017ene stranice Glasa Slavonije: https:\/\/www.glas-slavonije.hr\/533849\/3\/Nastavlja-se-Braniteljska-liga-Prijavite-svoje-ekipe<\/p>\n<!-- AddThis Advanced Settings generic via filter on the_content --><!-- AddThis Share Buttons generic via filter on the_content -->","protected":false},"excerpt":{"rendered":"<p>Udruga 106. brigade ZNG-a RH nastavlja s Braniteljskom ligom, i to jesenskim dijelom. Predsjednik Udruge Dubravko Panci\u0107 poziva braniteljske udruge da prijave ekipe. Nakon uspje\u0161no odr\u017eanog proljetnog dijela Braniteljske lige Udruga 106. brigade ZNG-a RH, u suradnji s Koordinacijom udruga branitelja i stradalnika Domovinskog rata OB\u017d-a, Udrugom dragovoljaca i veterana Domovinskog rata, podru\u017enica OB\u017d-a i &hellip; <a href=\"https:\/\/udruga-106br.hr\/index.php\/nastavlja-se-braniteljska-liga-prijavite-svoje-ekipe\/\" class=\"more-link\">Nastavi \u010ditati <span class=\"screen-reader-text\">Nastavlja se Braniteljska liga. Prijavite svoje ekipe!<\/span><\/a><!-- AddThis Advanced Settings generic via filter on get_the_excerpt --><!-- AddThis Share Buttons generic via filter on get_the_excerpt --><\/p>\n","protected":false},"author":1,"featured_media":0,"comment_status":"closed","ping_status":"closed","sticky":false,"template":"","format":"standard","meta":{"footnotes":""},"categories":[32],"tags":[],"class_list":["post-2529","post","type-post","status-publish","format-standard","hentry","category-iz-zivota-udruge"],"_links":{"self":[{"href":"https:\/\/udruga-106br.hr\/index.php\/wp-json\/wp\/v2\/posts\/2529","targetHints":{"allow":["GET"]}}],"collection":[{"href":"https:\/\/udruga-106br.hr\/index.php\/wp-json\/wp\/v2\/posts"}],"about":[{"href":"https:\/\/udruga-106br.hr\/index.php\/wp-json\/wp\/v2\/types\/post"}],"author":[{"embeddable":true,"href":"https:\/\/udruga-106br.hr\/index.php\/wp-json\/wp\/v2\/users\/1"}],"replies":[{"embeddable":true,"href":"https:\/\/udruga-106br.hr\/index.php\/wp-json\/wp\/v2\/comments?post=2529"}],"version-history":[{"count":1,"href":"https:\/\/udruga-106br.hr\/index.php\/wp-json\/wp\/v2\/posts\/2529\/revisions"}],"predecessor-version":[{"id":2531,"href":"https:\/\/udruga-106br.hr\/index.php\/wp-json\/wp\/v2\/posts\/2529\/revisions\/2531"}],"wp:attachment":[{"href":"https:\/\/udruga-106br.hr\/index.php\/wp-json\/wp\/v2\/media?parent=2529"}],"wp:term":[{"taxonomy":"category","embeddable":true,"href":"https:\/\/udruga-106br.hr\/index.php\/wp-json\/wp\/v2\/categories?post=2529"},{"taxonomy":"post_tag","embeddable":true,"href":"https:\/\/udruga-106br.hr\/index.php\/wp-json\/wp\/v2\/tags?post=2529"}],"curies":[{"name":"wp","href":"https:\/\/api.w.org\/{rel}","templated":true}]}}