{"id":2532,"date":"2023-10-18T08:39:01","date_gmt":"2023-10-18T06:39:01","guid":{"rendered":"https:\/\/udruga-106br.hr\/?p=2532"},"modified":"2025-10-17T21:53:13","modified_gmt":"2025-10-17T19:53:13","slug":"dodjela-odlicja-pripadnicima-106-brigade-hv-a-osijek-16-10-2023","status":"publish","type":"post","link":"https:\/\/udruga-106br.hr\/index.php\/dodjela-odlicja-pripadnicima-106-brigade-hv-a-osijek-16-10-2023\/","title":{"rendered":"Dodjela odli\u010dja pripadnicima 106. brigade HV-a OSIJEK &#8211; 16.10.2023."},"content":{"rendered":"\n<p>S velikim ponosom \u017eelimo vas obavijestiti da je Predsjednik Republike, gospodin Zoran Milanovi\u0107, osobno uru\u010dio visoka odli\u010dja pripadnicima 106. brigade Hrvatske vojske iz Osijeka na sve\u010danosti koja se odr\u017eala 16. listopada u 14:00 sati, u prostorijama Ureda Predsjednika Republike Hrvatske na adresi Pantov\u010dak 241, Zagreb.<\/p>\n\n\n\n<p>Na ovom sve\u010danom doga\u0111aju, gospodin Milanovi\u0107 je dodijelio odlikovanja sljede\u0107im pojedincima:<\/p>\n\n\n\n<ul class=\"wp-block-list\"><li>Posmrtno odlikovanje Dragutinu Bed\u017euli,<\/li><li>An\u0111elku Kralju,<\/li><li>Posmrtno odlikovanje Damiru Pavi\u010di\u0107u,<\/li><li>Zorislavu Samard\u017eiji, te<\/li><li>Antunu Slivki.<\/li><\/ul>\n\n\n\n<p>Ovaj sve\u010dani doga\u0111aj ozna\u010dava duboku zahvalnost Republike Hrvatske prema hrabrim pripadnicima 106. brigade HV-a OSIJEK, \u010dija izvanredna hrabrost i predanost slu\u017ebi domovini zaslu\u017euju najvi\u0161a odlikovanja i priznanja.<\/p>\n\n\n\n<div class=\"wp-block-file\"><a id=\"wp-block-file--media-6fa2970a-07d3-4f73-a33d-40b74dd7e579\" href=\"https:\/\/udruga-106br.hr\/wp-content\/uploads\/2023\/10\/dodjela.mp4\">dodjela<\/a><a href=\"https:\/\/udruga-106br.hr\/wp-content\/uploads\/2023\/10\/dodjela.mp4\" class=\"wp-block-file__button\" download aria-describedby=\"wp-block-file--media-6fa2970a-07d3-4f73-a33d-40b74dd7e579\">Preuzmi<\/a><\/div>\n<!-- AddThis Advanced Settings generic via filter on the_content --><!-- AddThis Share Buttons generic via filter on the_content -->","protected":false},"excerpt":{"rendered":"<p>S velikim ponosom \u017eelimo vas obavijestiti da je Predsjednik Republike, gospodin Zoran Milanovi\u0107, osobno uru\u010dio visoka odli\u010dja pripadnicima 106. brigade Hrvatske vojske iz Osijeka na sve\u010danosti koja se odr\u017eala 16. listopada u 14:00 sati, u prostorijama Ureda Predsjednika Republike Hrvatske na adresi Pantov\u010dak 241, Zagreb. Na ovom sve\u010danom doga\u0111aju, gospodin Milanovi\u0107 je dodijelio odlikovanja sljede\u0107im &hellip; <a href=\"https:\/\/udruga-106br.hr\/index.php\/dodjela-odlicja-pripadnicima-106-brigade-hv-a-osijek-16-10-2023\/\" class=\"more-link\">Nastavi \u010ditati <span class=\"screen-reader-text\">Dodjela odli\u010dja pripadnicima 106. brigade HV-a OSIJEK &#8211; 16.10.2023.<\/span><\/a><!-- AddThis Advanced Settings generic via filter on get_the_excerpt --><!-- AddThis Share Buttons generic via filter on get_the_excerpt --><\/p>\n","protected":false},"author":1,"featured_media":0,"comment_status":"closed","ping_status":"closed","sticky":false,"template":"","format":"standard","meta":{"footnotes":""},"categories":[32],"tags":[],"class_list":["post-2532","post","type-post","status-publish","format-standard","hentry","category-iz-zivota-udruge"],"_links":{"self":[{"href":"https:\/\/udruga-106br.hr\/index.php\/wp-json\/wp\/v2\/posts\/2532","targetHints":{"allow":["GET"]}}],"collection":[{"href":"https:\/\/udruga-106br.hr\/index.php\/wp-json\/wp\/v2\/posts"}],"about":[{"href":"https:\/\/udruga-106br.hr\/index.php\/wp-json\/wp\/v2\/types\/post"}],"author":[{"embeddable":true,"href":"https:\/\/udruga-106br.hr\/index.php\/wp-json\/wp\/v2\/users\/1"}],"replies":[{"embeddable":true,"href":"https:\/\/udruga-106br.hr\/index.php\/wp-json\/wp\/v2\/comments?post=2532"}],"version-history":[{"count":1,"href":"https:\/\/udruga-106br.hr\/index.php\/wp-json\/wp\/v2\/posts\/2532\/revisions"}],"predecessor-version":[{"id":2534,"href":"https:\/\/udruga-106br.hr\/index.php\/wp-json\/wp\/v2\/posts\/2532\/revisions\/2534"}],"wp:attachment":[{"href":"https:\/\/udruga-106br.hr\/index.php\/wp-json\/wp\/v2\/media?parent=2532"}],"wp:term":[{"taxonomy":"category","embeddable":true,"href":"https:\/\/udruga-106br.hr\/index.php\/wp-json\/wp\/v2\/categories?post=2532"},{"taxonomy":"post_tag","embeddable":true,"href":"https:\/\/udruga-106br.hr\/index.php\/wp-json\/wp\/v2\/tags?post=2532"}],"curies":[{"name":"wp","href":"https:\/\/api.w.org\/{rel}","templated":true}]}}