{"id":2544,"date":"2023-10-21T15:03:05","date_gmt":"2023-10-21T13:03:05","guid":{"rendered":"https:\/\/udruga-106br.hr\/?p=2544"},"modified":"2025-10-17T21:53:13","modified_gmt":"2025-10-17T19:53:13","slug":"obiljezavanje-madarske-revolucije-i-borbe-za-slobodu-1956-godine-20-10-2023","status":"publish","type":"post","link":"https:\/\/udruga-106br.hr\/index.php\/obiljezavanje-madarske-revolucije-i-borbe-za-slobodu-1956-godine-20-10-2023\/","title":{"rendered":"Obilje\u017eavanje ma\u0111arske revolucije i borbe za slobodu 1956. godine &#8211; 20.10.2023."},"content":{"rendered":"\n<p>Udruga 106. brigade ZNG RH dana 20.10.2023. godine je sudjelovala u protokolu obilje\u017eavanja Ma\u0111arske revolucije i borbe za slobodu 1956. godine.<br>Na sredi\u0161njem osje\u010dkom trgu podignuta je ma\u0111arska zastava sa rupom u sredini, koja je bila simbol ustanka protiv komunizma i sovjetske vlasti.<\/p>\n\n\n\n<figure class=\"wp-block-gallery has-nested-images columns-default is-cropped wp-block-gallery-1 is-layout-flex wp-block-gallery-is-layout-flex\">\n<figure class=\"wp-block-image size-large\"><img loading=\"lazy\" decoding=\"async\" width=\"1024\" height=\"768\" data-id=\"2552\" src=\"https:\/\/udruga-106br.hr\/wp-content\/uploads\/2023\/10\/20231020_163715-1-1024x768.jpg\" alt=\"\" class=\"wp-image-2552\" srcset=\"https:\/\/udruga-106br.hr\/wp-content\/uploads\/2023\/10\/20231020_163715-1-1024x768.jpg 1024w, https:\/\/udruga-106br.hr\/wp-content\/uploads\/2023\/10\/20231020_163715-1-300x225.jpg 300w, https:\/\/udruga-106br.hr\/wp-content\/uploads\/2023\/10\/20231020_163715-1-768x576.jpg 768w, https:\/\/udruga-106br.hr\/wp-content\/uploads\/2023\/10\/20231020_163715-1-1536x1152.jpg 1536w, https:\/\/udruga-106br.hr\/wp-content\/uploads\/2023\/10\/20231020_163715-1-2048x1536.jpg 2048w\" sizes=\"auto, (max-width: 1024px) 100vw, 1024px\" \/><\/figure>\n\n\n\n<figure class=\"wp-block-image size-large\"><img loading=\"lazy\" decoding=\"async\" width=\"768\" height=\"1024\" data-id=\"2551\" src=\"https:\/\/udruga-106br.hr\/wp-content\/uploads\/2023\/10\/20231020_164436-1-768x1024.jpg\" alt=\"\" class=\"wp-image-2551\" srcset=\"https:\/\/udruga-106br.hr\/wp-content\/uploads\/2023\/10\/20231020_164436-1-768x1024.jpg 768w, https:\/\/udruga-106br.hr\/wp-content\/uploads\/2023\/10\/20231020_164436-1-225x300.jpg 225w, https:\/\/udruga-106br.hr\/wp-content\/uploads\/2023\/10\/20231020_164436-1-1152x1536.jpg 1152w, https:\/\/udruga-106br.hr\/wp-content\/uploads\/2023\/10\/20231020_164436-1-1536x2048.jpg 1536w, https:\/\/udruga-106br.hr\/wp-content\/uploads\/2023\/10\/20231020_164436-1-scaled.jpg 1920w\" sizes=\"auto, (max-width: 768px) 100vw, 768px\" \/><\/figure>\n<\/figure>\n\n\n\n<figure class=\"wp-block-image size-large\"><img loading=\"lazy\" decoding=\"async\" width=\"1024\" height=\"768\" src=\"https:\/\/udruga-106br.hr\/wp-content\/uploads\/2023\/10\/20231020_164614-1-1024x768.jpg\" alt=\"\" class=\"wp-image-2554\" srcset=\"https:\/\/udruga-106br.hr\/wp-content\/uploads\/2023\/10\/20231020_164614-1-1024x768.jpg 1024w, https:\/\/udruga-106br.hr\/wp-content\/uploads\/2023\/10\/20231020_164614-1-300x225.jpg 300w, https:\/\/udruga-106br.hr\/wp-content\/uploads\/2023\/10\/20231020_164614-1-768x576.jpg 768w, https:\/\/udruga-106br.hr\/wp-content\/uploads\/2023\/10\/20231020_164614-1-1536x1152.jpg 1536w, https:\/\/udruga-106br.hr\/wp-content\/uploads\/2023\/10\/20231020_164614-1-2048x1536.jpg 2048w\" sizes=\"auto, (max-width: 1024px) 100vw, 1024px\" \/><\/figure>\n\n\n\n<p>Nekada\u0161nja vila Pauline Hermann, danas poznata kao dvorac Ma\u010dkamama, slu\u017eila je kao privremeni dom za stotinjak ma\u0111arskih izbjeglica u tom vremenskom razdoblju. Na tom povijesnom mjestu, ispred spomen obilje\u017eja na samoj zgradi dvorca, polo\u017eeni su vijenci kako bi se odala po\u010dast svim poginulim Ma\u0111arima u okviru revolucionarnih doga\u0111anja.<\/p>\n\n\n\n<figure class=\"wp-block-image size-large\"><img loading=\"lazy\" decoding=\"async\" width=\"1024\" height=\"768\" src=\"https:\/\/udruga-106br.hr\/wp-content\/uploads\/2023\/10\/20231020_180057-1024x768.jpg\" alt=\"\" class=\"wp-image-2548\" srcset=\"https:\/\/udruga-106br.hr\/wp-content\/uploads\/2023\/10\/20231020_180057-1024x768.jpg 1024w, https:\/\/udruga-106br.hr\/wp-content\/uploads\/2023\/10\/20231020_180057-300x225.jpg 300w, https:\/\/udruga-106br.hr\/wp-content\/uploads\/2023\/10\/20231020_180057-768x576.jpg 768w, https:\/\/udruga-106br.hr\/wp-content\/uploads\/2023\/10\/20231020_180057-1536x1152.jpg 1536w, https:\/\/udruga-106br.hr\/wp-content\/uploads\/2023\/10\/20231020_180057-2048x1536.jpg 2048w\" sizes=\"auto, (max-width: 1024px) 100vw, 1024px\" \/><\/figure>\n\n\n\n<p>Bilo je to posebno iskustvo za nas, te smo s ponosom zapalili svije\u0107u kod spomen plo\u010de na vili Pauline Hermann.<\/p>\n\n\n\n<figure class=\"wp-block-gallery has-nested-images columns-default is-cropped wp-block-gallery-2 is-layout-flex wp-block-gallery-is-layout-flex\">\n<figure class=\"wp-block-image size-large\"><img loading=\"lazy\" decoding=\"async\" width=\"768\" height=\"1024\" data-id=\"2550\" src=\"https:\/\/udruga-106br.hr\/wp-content\/uploads\/2023\/10\/20231020_183450-768x1024.jpg\" alt=\"\" class=\"wp-image-2550\" srcset=\"https:\/\/udruga-106br.hr\/wp-content\/uploads\/2023\/10\/20231020_183450-768x1024.jpg 768w, https:\/\/udruga-106br.hr\/wp-content\/uploads\/2023\/10\/20231020_183450-225x300.jpg 225w, https:\/\/udruga-106br.hr\/wp-content\/uploads\/2023\/10\/20231020_183450-1152x1536.jpg 1152w, https:\/\/udruga-106br.hr\/wp-content\/uploads\/2023\/10\/20231020_183450-1536x2048.jpg 1536w, https:\/\/udruga-106br.hr\/wp-content\/uploads\/2023\/10\/20231020_183450-scaled.jpg 1920w\" sizes=\"auto, (max-width: 768px) 100vw, 768px\" \/><\/figure>\n\n\n\n<figure class=\"wp-block-image size-large\"><img loading=\"lazy\" decoding=\"async\" width=\"768\" height=\"1024\" data-id=\"2549\" src=\"https:\/\/udruga-106br.hr\/wp-content\/uploads\/2023\/10\/20231020_183456-768x1024.jpg\" alt=\"\" class=\"wp-image-2549\" srcset=\"https:\/\/udruga-106br.hr\/wp-content\/uploads\/2023\/10\/20231020_183456-768x1024.jpg 768w, https:\/\/udruga-106br.hr\/wp-content\/uploads\/2023\/10\/20231020_183456-225x300.jpg 225w, https:\/\/udruga-106br.hr\/wp-content\/uploads\/2023\/10\/20231020_183456-1152x1536.jpg 1152w, https:\/\/udruga-106br.hr\/wp-content\/uploads\/2023\/10\/20231020_183456-1536x2048.jpg 1536w, https:\/\/udruga-106br.hr\/wp-content\/uploads\/2023\/10\/20231020_183456-scaled.jpg 1920w\" sizes=\"auto, (max-width: 768px) 100vw, 768px\" \/><\/figure>\n<\/figure>\n\n\n\n<p>Ovo je doga\u0111anje bilo duboko simboli\u010dno, gdje smo zajedno s ostalim sudionicima odali po\u010dast hrabrim ljudima koji su se borili za svoja uvjerenja i slobodu. Sudjelovanje na ovom doga\u0111aju podsjetilo nas je na va\u017enost zajedni\u010dkog pam\u0107enja i po\u0161tovanja povijesti.<\/p>\n\n\n\n<p>Bila nam je \u010dast biti dio ove sve\u010danosti i doprinijeti obilje\u017eavanju ovog zna\u010dajnog trenutka u povijesti.<\/p>\n<!-- AddThis Advanced Settings generic via filter on the_content --><!-- AddThis Share Buttons generic via filter on the_content -->","protected":false},"excerpt":{"rendered":"<p>Udruga 106. brigade ZNG RH dana 20.10.2023. godine je sudjelovala u protokolu obilje\u017eavanja Ma\u0111arske revolucije i borbe za slobodu 1956. godine.Na sredi\u0161njem osje\u010dkom trgu podignuta je ma\u0111arska zastava sa rupom u sredini, koja je bila simbol ustanka protiv komunizma i sovjetske vlasti. Nekada\u0161nja vila Pauline Hermann, danas poznata kao dvorac Ma\u010dkamama, slu\u017eila je kao privremeni &hellip; <a href=\"https:\/\/udruga-106br.hr\/index.php\/obiljezavanje-madarske-revolucije-i-borbe-za-slobodu-1956-godine-20-10-2023\/\" class=\"more-link\">Nastavi \u010ditati <span class=\"screen-reader-text\">Obilje\u017eavanje ma\u0111arske revolucije i borbe za slobodu 1956. godine &#8211; 20.10.2023.<\/span><\/a><!-- AddThis Advanced Settings generic via filter on get_the_excerpt --><!-- AddThis Share Buttons generic via filter on get_the_excerpt --><\/p>\n","protected":false},"author":1,"featured_media":0,"comment_status":"closed","ping_status":"closed","sticky":false,"template":"","format":"standard","meta":{"footnotes":""},"categories":[32],"tags":[],"class_list":["post-2544","post","type-post","status-publish","format-standard","hentry","category-iz-zivota-udruge"],"_links":{"self":[{"href":"https:\/\/udruga-106br.hr\/index.php\/wp-json\/wp\/v2\/posts\/2544","targetHints":{"allow":["GET"]}}],"collection":[{"href":"https:\/\/udruga-106br.hr\/index.php\/wp-json\/wp\/v2\/posts"}],"about":[{"href":"https:\/\/udruga-106br.hr\/index.php\/wp-json\/wp\/v2\/types\/post"}],"author":[{"embeddable":true,"href":"https:\/\/udruga-106br.hr\/index.php\/wp-json\/wp\/v2\/users\/1"}],"replies":[{"embeddable":true,"href":"https:\/\/udruga-106br.hr\/index.php\/wp-json\/wp\/v2\/comments?post=2544"}],"version-history":[{"count":1,"href":"https:\/\/udruga-106br.hr\/index.php\/wp-json\/wp\/v2\/posts\/2544\/revisions"}],"predecessor-version":[{"id":2555,"href":"https:\/\/udruga-106br.hr\/index.php\/wp-json\/wp\/v2\/posts\/2544\/revisions\/2555"}],"wp:attachment":[{"href":"https:\/\/udruga-106br.hr\/index.php\/wp-json\/wp\/v2\/media?parent=2544"}],"wp:term":[{"taxonomy":"category","embeddable":true,"href":"https:\/\/udruga-106br.hr\/index.php\/wp-json\/wp\/v2\/categories?post=2544"},{"taxonomy":"post_tag","embeddable":true,"href":"https:\/\/udruga-106br.hr\/index.php\/wp-json\/wp\/v2\/tags?post=2544"}],"curies":[{"name":"wp","href":"https:\/\/api.w.org\/{rel}","templated":true}]}}