{"id":2556,"date":"2023-10-30T11:38:06","date_gmt":"2023-10-30T10:38:06","guid":{"rendered":"https:\/\/udruga-106br.hr\/?p=2556"},"modified":"2025-10-17T21:53:13","modified_gmt":"2025-10-17T19:53:13","slug":"sastanak-clanica-zajednice-udruga-postrojbi-zng-i-hv-u-karlovcu-28-10-2023","status":"publish","type":"post","link":"https:\/\/udruga-106br.hr\/index.php\/sastanak-clanica-zajednice-udruga-postrojbi-zng-i-hv-u-karlovcu-28-10-2023\/","title":{"rendered":"Sastanak \u010dlanica Zajednice udruga postrojbi ZNG i HV u Karlovcu &#8211; 28.10.2023."},"content":{"rendered":"\n<p>Dana 28.10.2023. godine odr\u017ean je sastanak \u010dlanica Zajednice udruga postrojbi ZNG i HV u Karlovcu. Doma\u0107ini su bili pripadnici 110. brigade ZNG RH u \u010dijoj organizaciji i prezentaciji mjesta smo u\u017eivali.<br>Prvo smo se sastali kod Muzeja Domovinskog rata Karlovac &#8211; Turanj gdje nas je do\u010dekao doma\u0107in. Saznali smo puno informacija o zna\u010daju i ulozi Turnja u Domovinskom ratu. Stru\u010dne osobe iz muzeja su nam objasnile \u0161iri kontekst obrane toga kraja, osnivanje ZNG RH i kasniji razvoj HV-a.<\/p>\n\n\n\n<figure class=\"wp-block-image size-large\"><img loading=\"lazy\" decoding=\"async\" width=\"1024\" height=\"576\" src=\"https:\/\/udruga-106br.hr\/wp-content\/uploads\/2023\/10\/viber_slika_2023-10-29_13-09-23-186-1024x576.jpg\" alt=\"\" class=\"wp-image-2560\" srcset=\"https:\/\/udruga-106br.hr\/wp-content\/uploads\/2023\/10\/viber_slika_2023-10-29_13-09-23-186-1024x576.jpg 1024w, https:\/\/udruga-106br.hr\/wp-content\/uploads\/2023\/10\/viber_slika_2023-10-29_13-09-23-186-300x169.jpg 300w, https:\/\/udruga-106br.hr\/wp-content\/uploads\/2023\/10\/viber_slika_2023-10-29_13-09-23-186-768x432.jpg 768w, https:\/\/udruga-106br.hr\/wp-content\/uploads\/2023\/10\/viber_slika_2023-10-29_13-09-23-186-1536x864.jpg 1536w, https:\/\/udruga-106br.hr\/wp-content\/uploads\/2023\/10\/viber_slika_2023-10-29_13-09-23-186.jpg 1600w\" sizes=\"auto, (max-width: 1024px) 100vw, 1024px\" \/><\/figure>\n\n\n\n<p><br>Sljede\u0107e smo oti\u0161li zapaliti svije\u0107e kod spomenika nakon \u010dega su nas stru\u010dne osobe vodile kroz muzej na otvorenom i unutar muzeja.<\/p>\n\n\n\n<figure class=\"wp-block-gallery has-nested-images columns-default is-cropped wp-block-gallery-1 is-layout-flex wp-block-gallery-is-layout-flex\">\n<figure class=\"wp-block-image size-large\"><img loading=\"lazy\" decoding=\"async\" width=\"1024\" height=\"576\" data-id=\"2559\" src=\"https:\/\/udruga-106br.hr\/wp-content\/uploads\/2023\/10\/viber_slika_2023-10-29_10-59-37-343-1024x576.jpg\" alt=\"\" class=\"wp-image-2559\" srcset=\"https:\/\/udruga-106br.hr\/wp-content\/uploads\/2023\/10\/viber_slika_2023-10-29_10-59-37-343-1024x576.jpg 1024w, https:\/\/udruga-106br.hr\/wp-content\/uploads\/2023\/10\/viber_slika_2023-10-29_10-59-37-343-300x169.jpg 300w, https:\/\/udruga-106br.hr\/wp-content\/uploads\/2023\/10\/viber_slika_2023-10-29_10-59-37-343-768x432.jpg 768w, https:\/\/udruga-106br.hr\/wp-content\/uploads\/2023\/10\/viber_slika_2023-10-29_10-59-37-343-1536x864.jpg 1536w, https:\/\/udruga-106br.hr\/wp-content\/uploads\/2023\/10\/viber_slika_2023-10-29_10-59-37-343.jpg 1600w\" sizes=\"auto, (max-width: 1024px) 100vw, 1024px\" \/><\/figure>\n\n\n\n<figure class=\"wp-block-image size-large\"><img loading=\"lazy\" decoding=\"async\" width=\"1024\" height=\"576\" data-id=\"2558\" src=\"https:\/\/udruga-106br.hr\/wp-content\/uploads\/2023\/10\/viber_slika_2023-10-29_10-59-37-797-1024x576.jpg\" alt=\"\" class=\"wp-image-2558\" srcset=\"https:\/\/udruga-106br.hr\/wp-content\/uploads\/2023\/10\/viber_slika_2023-10-29_10-59-37-797-1024x576.jpg 1024w, https:\/\/udruga-106br.hr\/wp-content\/uploads\/2023\/10\/viber_slika_2023-10-29_10-59-37-797-300x169.jpg 300w, https:\/\/udruga-106br.hr\/wp-content\/uploads\/2023\/10\/viber_slika_2023-10-29_10-59-37-797-768x432.jpg 768w, https:\/\/udruga-106br.hr\/wp-content\/uploads\/2023\/10\/viber_slika_2023-10-29_10-59-37-797-1536x864.jpg 1536w, https:\/\/udruga-106br.hr\/wp-content\/uploads\/2023\/10\/viber_slika_2023-10-29_10-59-37-797.jpg 1600w\" sizes=\"auto, (max-width: 1024px) 100vw, 1024px\" \/><\/figure>\n\n\n\n<figure class=\"wp-block-image size-large\"><img loading=\"lazy\" decoding=\"async\" width=\"1024\" height=\"576\" data-id=\"2557\" src=\"https:\/\/udruga-106br.hr\/wp-content\/uploads\/2023\/10\/viber_slika_2023-10-29_10-59-37-899-1024x576.jpg\" alt=\"\" class=\"wp-image-2557\" srcset=\"https:\/\/udruga-106br.hr\/wp-content\/uploads\/2023\/10\/viber_slika_2023-10-29_10-59-37-899-1024x576.jpg 1024w, https:\/\/udruga-106br.hr\/wp-content\/uploads\/2023\/10\/viber_slika_2023-10-29_10-59-37-899-300x169.jpg 300w, https:\/\/udruga-106br.hr\/wp-content\/uploads\/2023\/10\/viber_slika_2023-10-29_10-59-37-899-768x432.jpg 768w, https:\/\/udruga-106br.hr\/wp-content\/uploads\/2023\/10\/viber_slika_2023-10-29_10-59-37-899-1536x864.jpg 1536w, https:\/\/udruga-106br.hr\/wp-content\/uploads\/2023\/10\/viber_slika_2023-10-29_10-59-37-899.jpg 1600w\" sizes=\"auto, (max-width: 1024px) 100vw, 1024px\" \/><\/figure>\n<\/figure>\n\n\n\n<p><br>Rekli su nam \u0161ta se na tim lokacijama doga\u0111alo za vrijeme Domovinskog rata i kako je nastala ideja o osnutku muzeja te pomo\u0107i MHB-a za dovo\u0111enje u dana\u0161nje stanje.<\/p>\n\n\n\n<figure class=\"wp-block-gallery has-nested-images columns-default is-cropped wp-block-gallery-2 is-layout-flex wp-block-gallery-is-layout-flex\">\n<figure class=\"wp-block-image size-large\"><img loading=\"lazy\" decoding=\"async\" width=\"1024\" height=\"576\" data-id=\"2561\" src=\"https:\/\/udruga-106br.hr\/wp-content\/uploads\/2023\/10\/viber_slika_2023-10-29_10-59-36-692-1024x576.jpg\" alt=\"\" class=\"wp-image-2561\" srcset=\"https:\/\/udruga-106br.hr\/wp-content\/uploads\/2023\/10\/viber_slika_2023-10-29_10-59-36-692-1024x576.jpg 1024w, https:\/\/udruga-106br.hr\/wp-content\/uploads\/2023\/10\/viber_slika_2023-10-29_10-59-36-692-300x169.jpg 300w, https:\/\/udruga-106br.hr\/wp-content\/uploads\/2023\/10\/viber_slika_2023-10-29_10-59-36-692-768x432.jpg 768w, https:\/\/udruga-106br.hr\/wp-content\/uploads\/2023\/10\/viber_slika_2023-10-29_10-59-36-692-1536x864.jpg 1536w, https:\/\/udruga-106br.hr\/wp-content\/uploads\/2023\/10\/viber_slika_2023-10-29_10-59-36-692.jpg 1600w\" sizes=\"auto, (max-width: 1024px) 100vw, 1024px\" \/><\/figure>\n\n\n\n<figure class=\"wp-block-image size-large\"><img loading=\"lazy\" decoding=\"async\" width=\"1024\" height=\"576\" data-id=\"2562\" src=\"https:\/\/udruga-106br.hr\/wp-content\/uploads\/2023\/10\/viber_slika_2023-10-29_10-59-36-903-1024x576.jpg\" alt=\"\" class=\"wp-image-2562\" srcset=\"https:\/\/udruga-106br.hr\/wp-content\/uploads\/2023\/10\/viber_slika_2023-10-29_10-59-36-903-1024x576.jpg 1024w, https:\/\/udruga-106br.hr\/wp-content\/uploads\/2023\/10\/viber_slika_2023-10-29_10-59-36-903-300x169.jpg 300w, https:\/\/udruga-106br.hr\/wp-content\/uploads\/2023\/10\/viber_slika_2023-10-29_10-59-36-903-768x432.jpg 768w, https:\/\/udruga-106br.hr\/wp-content\/uploads\/2023\/10\/viber_slika_2023-10-29_10-59-36-903-1536x864.jpg 1536w, https:\/\/udruga-106br.hr\/wp-content\/uploads\/2023\/10\/viber_slika_2023-10-29_10-59-36-903.jpg 1600w\" sizes=\"auto, (max-width: 1024px) 100vw, 1024px\" \/><\/figure>\n\n\n\n<figure class=\"wp-block-image size-large\"><img loading=\"lazy\" decoding=\"async\" width=\"1024\" height=\"576\" data-id=\"2563\" src=\"https:\/\/udruga-106br.hr\/wp-content\/uploads\/2023\/10\/viber_slika_2023-10-29_10-59-37-162-1024x576.jpg\" alt=\"\" class=\"wp-image-2563\" srcset=\"https:\/\/udruga-106br.hr\/wp-content\/uploads\/2023\/10\/viber_slika_2023-10-29_10-59-37-162-1024x576.jpg 1024w, https:\/\/udruga-106br.hr\/wp-content\/uploads\/2023\/10\/viber_slika_2023-10-29_10-59-37-162-300x169.jpg 300w, https:\/\/udruga-106br.hr\/wp-content\/uploads\/2023\/10\/viber_slika_2023-10-29_10-59-37-162-768x432.jpg 768w, https:\/\/udruga-106br.hr\/wp-content\/uploads\/2023\/10\/viber_slika_2023-10-29_10-59-37-162-1536x864.jpg 1536w, https:\/\/udruga-106br.hr\/wp-content\/uploads\/2023\/10\/viber_slika_2023-10-29_10-59-37-162.jpg 1600w\" sizes=\"auto, (max-width: 1024px) 100vw, 1024px\" \/><\/figure>\n<\/figure>\n\n\n\n<p><br>Iza obilaska muzeja u konferencijskoj dvorani unutar muzeja smo odr\u017eali sastanak te razgovarali o osnutku ZNG RH iz policijskih postrojbi te kasnijem razvoju HV-a i domobranskih postrojbi.<\/p>\n\n\n\n<figure class=\"wp-block-gallery has-nested-images columns-default is-cropped wp-block-gallery-3 is-layout-flex wp-block-gallery-is-layout-flex\">\n<figure class=\"wp-block-image size-large\"><img loading=\"lazy\" decoding=\"async\" width=\"1024\" height=\"576\" data-id=\"2564\" src=\"https:\/\/udruga-106br.hr\/wp-content\/uploads\/2023\/10\/viber_slika_2023-10-29_10-59-38-106-1024x576.jpg\" alt=\"\" class=\"wp-image-2564\" srcset=\"https:\/\/udruga-106br.hr\/wp-content\/uploads\/2023\/10\/viber_slika_2023-10-29_10-59-38-106-1024x576.jpg 1024w, https:\/\/udruga-106br.hr\/wp-content\/uploads\/2023\/10\/viber_slika_2023-10-29_10-59-38-106-300x169.jpg 300w, https:\/\/udruga-106br.hr\/wp-content\/uploads\/2023\/10\/viber_slika_2023-10-29_10-59-38-106-768x432.jpg 768w, https:\/\/udruga-106br.hr\/wp-content\/uploads\/2023\/10\/viber_slika_2023-10-29_10-59-38-106-1536x864.jpg 1536w, https:\/\/udruga-106br.hr\/wp-content\/uploads\/2023\/10\/viber_slika_2023-10-29_10-59-38-106.jpg 1600w\" sizes=\"auto, (max-width: 1024px) 100vw, 1024px\" \/><\/figure>\n\n\n\n<figure class=\"wp-block-image size-large\"><img loading=\"lazy\" decoding=\"async\" width=\"1024\" height=\"576\" data-id=\"2565\" src=\"https:\/\/udruga-106br.hr\/wp-content\/uploads\/2023\/10\/viber_slika_2023-10-29_10-59-38-461-1024x576.jpg\" alt=\"\" class=\"wp-image-2565\" srcset=\"https:\/\/udruga-106br.hr\/wp-content\/uploads\/2023\/10\/viber_slika_2023-10-29_10-59-38-461-1024x576.jpg 1024w, https:\/\/udruga-106br.hr\/wp-content\/uploads\/2023\/10\/viber_slika_2023-10-29_10-59-38-461-300x169.jpg 300w, https:\/\/udruga-106br.hr\/wp-content\/uploads\/2023\/10\/viber_slika_2023-10-29_10-59-38-461-768x432.jpg 768w, https:\/\/udruga-106br.hr\/wp-content\/uploads\/2023\/10\/viber_slika_2023-10-29_10-59-38-461-1536x864.jpg 1536w, https:\/\/udruga-106br.hr\/wp-content\/uploads\/2023\/10\/viber_slika_2023-10-29_10-59-38-461.jpg 1600w\" sizes=\"auto, (max-width: 1024px) 100vw, 1024px\" \/><\/figure>\n\n\n\n<figure class=\"wp-block-image size-large\"><img loading=\"lazy\" decoding=\"async\" width=\"1024\" height=\"461\" data-id=\"2566\" src=\"https:\/\/udruga-106br.hr\/wp-content\/uploads\/2023\/10\/viber_slika_2023-10-30_10-12-13-917-1024x461.jpg\" alt=\"\" class=\"wp-image-2566\" srcset=\"https:\/\/udruga-106br.hr\/wp-content\/uploads\/2023\/10\/viber_slika_2023-10-30_10-12-13-917-1024x461.jpg 1024w, https:\/\/udruga-106br.hr\/wp-content\/uploads\/2023\/10\/viber_slika_2023-10-30_10-12-13-917-300x135.jpg 300w, https:\/\/udruga-106br.hr\/wp-content\/uploads\/2023\/10\/viber_slika_2023-10-30_10-12-13-917-768x346.jpg 768w, https:\/\/udruga-106br.hr\/wp-content\/uploads\/2023\/10\/viber_slika_2023-10-30_10-12-13-917-1536x692.jpg 1536w, https:\/\/udruga-106br.hr\/wp-content\/uploads\/2023\/10\/viber_slika_2023-10-30_10-12-13-917.jpg 1600w\" sizes=\"auto, (max-width: 1024px) 100vw, 1024px\" \/><\/figure>\n\n\n\n<figure class=\"wp-block-image size-large\"><img loading=\"lazy\" decoding=\"async\" width=\"1024\" height=\"461\" data-id=\"2567\" src=\"https:\/\/udruga-106br.hr\/wp-content\/uploads\/2023\/10\/viber_slika_2023-10-30_10-12-14-576-1024x461.jpg\" alt=\"\" class=\"wp-image-2567\" srcset=\"https:\/\/udruga-106br.hr\/wp-content\/uploads\/2023\/10\/viber_slika_2023-10-30_10-12-14-576-1024x461.jpg 1024w, https:\/\/udruga-106br.hr\/wp-content\/uploads\/2023\/10\/viber_slika_2023-10-30_10-12-14-576-300x135.jpg 300w, https:\/\/udruga-106br.hr\/wp-content\/uploads\/2023\/10\/viber_slika_2023-10-30_10-12-14-576-768x346.jpg 768w, https:\/\/udruga-106br.hr\/wp-content\/uploads\/2023\/10\/viber_slika_2023-10-30_10-12-14-576-1536x692.jpg 1536w, https:\/\/udruga-106br.hr\/wp-content\/uploads\/2023\/10\/viber_slika_2023-10-30_10-12-14-576.jpg 1600w\" sizes=\"auto, (max-width: 1024px) 100vw, 1024px\" \/><\/figure>\n<\/figure>\n\n\n\n<p><br>Razgovarali smo i o obrani Vukovara te o zna\u010dajnijim akcijama u Domovinskom ratu, obrana Karlovca i okolice, stradanju civila u tom dijelu boji\u0161ta, VRO ORKAN 91 i osloba\u0111anju Miljeva\u010dkih sela 1992. godine.<br>Obavili smo i radni sastanak te dalje na drugom mjestu u opu\u0161tenijoj atmosferi razra\u0111ivali daljnje aktivnosti i imali zajedni\u010dki objed.<\/p>\n\n\n\n<figure class=\"wp-block-gallery has-nested-images columns-default is-cropped wp-block-gallery-4 is-layout-flex wp-block-gallery-is-layout-flex\">\n<figure class=\"wp-block-image size-large\"><img loading=\"lazy\" decoding=\"async\" width=\"1024\" height=\"576\" data-id=\"2568\" src=\"https:\/\/udruga-106br.hr\/wp-content\/uploads\/2023\/10\/viber_slika_2023-10-29_13-09-23-376-1024x576.jpg\" alt=\"\" class=\"wp-image-2568\" srcset=\"https:\/\/udruga-106br.hr\/wp-content\/uploads\/2023\/10\/viber_slika_2023-10-29_13-09-23-376-1024x576.jpg 1024w, https:\/\/udruga-106br.hr\/wp-content\/uploads\/2023\/10\/viber_slika_2023-10-29_13-09-23-376-300x169.jpg 300w, https:\/\/udruga-106br.hr\/wp-content\/uploads\/2023\/10\/viber_slika_2023-10-29_13-09-23-376-768x432.jpg 768w, https:\/\/udruga-106br.hr\/wp-content\/uploads\/2023\/10\/viber_slika_2023-10-29_13-09-23-376-1536x864.jpg 1536w, https:\/\/udruga-106br.hr\/wp-content\/uploads\/2023\/10\/viber_slika_2023-10-29_13-09-23-376.jpg 1600w\" sizes=\"auto, (max-width: 1024px) 100vw, 1024px\" \/><\/figure>\n\n\n\n<figure class=\"wp-block-image size-large\"><img loading=\"lazy\" decoding=\"async\" width=\"1024\" height=\"576\" data-id=\"2569\" src=\"https:\/\/udruga-106br.hr\/wp-content\/uploads\/2023\/10\/viber_slika_2023-10-29_13-09-23-858-1024x576.jpg\" alt=\"\" class=\"wp-image-2569\" srcset=\"https:\/\/udruga-106br.hr\/wp-content\/uploads\/2023\/10\/viber_slika_2023-10-29_13-09-23-858-1024x576.jpg 1024w, https:\/\/udruga-106br.hr\/wp-content\/uploads\/2023\/10\/viber_slika_2023-10-29_13-09-23-858-300x169.jpg 300w, https:\/\/udruga-106br.hr\/wp-content\/uploads\/2023\/10\/viber_slika_2023-10-29_13-09-23-858-768x432.jpg 768w, https:\/\/udruga-106br.hr\/wp-content\/uploads\/2023\/10\/viber_slika_2023-10-29_13-09-23-858-1536x864.jpg 1536w, https:\/\/udruga-106br.hr\/wp-content\/uploads\/2023\/10\/viber_slika_2023-10-29_13-09-23-858.jpg 1600w\" sizes=\"auto, (max-width: 1024px) 100vw, 1024px\" \/><\/figure>\n<\/figure>\n\n\n\n<p><br>Uslijedio je povratak ku\u0107i u ve\u010dernjim satima.<\/p>\n<!-- AddThis Advanced Settings generic via filter on the_content --><!-- AddThis Share Buttons generic via filter on the_content -->","protected":false},"excerpt":{"rendered":"<p>Dana 28.10.2023. godine odr\u017ean je sastanak \u010dlanica Zajednice udruga postrojbi ZNG i HV u Karlovcu. Doma\u0107ini su bili pripadnici 110. brigade ZNG RH u \u010dijoj organizaciji i prezentaciji mjesta smo u\u017eivali.Prvo smo se sastali kod Muzeja Domovinskog rata Karlovac &#8211; Turanj gdje nas je do\u010dekao doma\u0107in. Saznali smo puno informacija o zna\u010daju i ulozi Turnja &hellip; <a href=\"https:\/\/udruga-106br.hr\/index.php\/sastanak-clanica-zajednice-udruga-postrojbi-zng-i-hv-u-karlovcu-28-10-2023\/\" class=\"more-link\">Nastavi \u010ditati <span class=\"screen-reader-text\">Sastanak \u010dlanica Zajednice udruga postrojbi ZNG i HV u Karlovcu &#8211; 28.10.2023.<\/span><\/a><!-- AddThis Advanced Settings generic via filter on get_the_excerpt --><!-- AddThis Share Buttons generic via filter on get_the_excerpt --><\/p>\n","protected":false},"author":1,"featured_media":0,"comment_status":"closed","ping_status":"closed","sticky":false,"template":"","format":"standard","meta":{"footnotes":""},"categories":[32],"tags":[],"class_list":["post-2556","post","type-post","status-publish","format-standard","hentry","category-iz-zivota-udruge"],"_links":{"self":[{"href":"https:\/\/udruga-106br.hr\/index.php\/wp-json\/wp\/v2\/posts\/2556","targetHints":{"allow":["GET"]}}],"collection":[{"href":"https:\/\/udruga-106br.hr\/index.php\/wp-json\/wp\/v2\/posts"}],"about":[{"href":"https:\/\/udruga-106br.hr\/index.php\/wp-json\/wp\/v2\/types\/post"}],"author":[{"embeddable":true,"href":"https:\/\/udruga-106br.hr\/index.php\/wp-json\/wp\/v2\/users\/1"}],"replies":[{"embeddable":true,"href":"https:\/\/udruga-106br.hr\/index.php\/wp-json\/wp\/v2\/comments?post=2556"}],"version-history":[{"count":2,"href":"https:\/\/udruga-106br.hr\/index.php\/wp-json\/wp\/v2\/posts\/2556\/revisions"}],"predecessor-version":[{"id":3466,"href":"https:\/\/udruga-106br.hr\/index.php\/wp-json\/wp\/v2\/posts\/2556\/revisions\/3466"}],"wp:attachment":[{"href":"https:\/\/udruga-106br.hr\/index.php\/wp-json\/wp\/v2\/media?parent=2556"}],"wp:term":[{"taxonomy":"category","embeddable":true,"href":"https:\/\/udruga-106br.hr\/index.php\/wp-json\/wp\/v2\/categories?post=2556"},{"taxonomy":"post_tag","embeddable":true,"href":"https:\/\/udruga-106br.hr\/index.php\/wp-json\/wp\/v2\/tags?post=2556"}],"curies":[{"name":"wp","href":"https:\/\/api.w.org\/{rel}","templated":true}]}}