{"id":2573,"date":"2023-10-31T23:11:49","date_gmt":"2023-10-31T22:11:49","guid":{"rendered":"https:\/\/udruga-106br.hr\/?p=2573"},"modified":"2025-10-17T21:53:13","modified_gmt":"2025-10-17T19:53:13","slug":"obiljezavanje-blagdana-svih-svetih-i-dusnog-dana-za-nestale-i-poginule-hrvatske-branitelje-te-civilne-zrtve-domovinskog-rata-31-10-2023","status":"publish","type":"post","link":"https:\/\/udruga-106br.hr\/index.php\/obiljezavanje-blagdana-svih-svetih-i-dusnog-dana-za-nestale-i-poginule-hrvatske-branitelje-te-civilne-zrtve-domovinskog-rata-31-10-2023\/","title":{"rendered":"Obilje\u017eavanje blagdana Svih svetih i\u00a0 Du\u0161nog dana za nestale i poginule hrvatske branitelje te civilne \u017ertve Domovinskog rata\u00a0&#8211; 31.10.2023."},"content":{"rendered":"\n<p>Dan Svih Svetih predstavlja prigodu u kojoj se s pijetetom prisje\u0107amo i odajemo du\u017enu po\u010dast na\u0161im voljenima koji su preminuli, no \u010dije nas uspomene ne napu\u0161taju, nego su trajno utemeljene u dubinama na\u0161ih srdaca.<\/p>\n\n\n\n<p>Danas, 31.10.2023. godine odajemo posebno duboko po\u0161tovanje hrabrim hrvatskim braniteljima \u010diji su \u017eivoti posve\u0107eni stvaranju neovisne Republike Hrvatske, ostavljaju\u0107i neizbrisiv trag hrabrosti i nevjerojatne predanosti na\u0161oj Domovini.<\/p>\n\n\n\n<figure class=\"wp-block-gallery has-nested-images columns-default is-cropped wp-block-gallery-1 is-layout-flex wp-block-gallery-is-layout-flex\">\n<figure class=\"wp-block-image size-large\"><img loading=\"lazy\" decoding=\"async\" width=\"768\" height=\"1024\" data-id=\"2581\" src=\"https:\/\/udruga-106br.hr\/wp-content\/uploads\/2023\/10\/20231031_093225-1-768x1024.jpg\" alt=\"\" class=\"wp-image-2581\" srcset=\"https:\/\/udruga-106br.hr\/wp-content\/uploads\/2023\/10\/20231031_093225-1-768x1024.jpg 768w, https:\/\/udruga-106br.hr\/wp-content\/uploads\/2023\/10\/20231031_093225-1-225x300.jpg 225w, https:\/\/udruga-106br.hr\/wp-content\/uploads\/2023\/10\/20231031_093225-1-1152x1536.jpg 1152w, https:\/\/udruga-106br.hr\/wp-content\/uploads\/2023\/10\/20231031_093225-1-1536x2048.jpg 1536w, https:\/\/udruga-106br.hr\/wp-content\/uploads\/2023\/10\/20231031_093225-1-scaled.jpg 1920w\" sizes=\"auto, (max-width: 768px) 100vw, 768px\" \/><\/figure>\n\n\n\n<figure class=\"wp-block-image size-large\"><img loading=\"lazy\" decoding=\"async\" width=\"1024\" height=\"768\" data-id=\"2580\" src=\"https:\/\/udruga-106br.hr\/wp-content\/uploads\/2023\/10\/20231031_095955-1-1024x768.jpg\" alt=\"\" class=\"wp-image-2580\" srcset=\"https:\/\/udruga-106br.hr\/wp-content\/uploads\/2023\/10\/20231031_095955-1-1024x768.jpg 1024w, https:\/\/udruga-106br.hr\/wp-content\/uploads\/2023\/10\/20231031_095955-1-300x225.jpg 300w, https:\/\/udruga-106br.hr\/wp-content\/uploads\/2023\/10\/20231031_095955-1-768x576.jpg 768w, https:\/\/udruga-106br.hr\/wp-content\/uploads\/2023\/10\/20231031_095955-1-1536x1152.jpg 1536w, https:\/\/udruga-106br.hr\/wp-content\/uploads\/2023\/10\/20231031_095955-1-2048x1536.jpg 2048w\" sizes=\"auto, (max-width: 1024px) 100vw, 1024px\" \/><\/figure>\n\n\n\n<figure class=\"wp-block-image size-large\"><img loading=\"lazy\" decoding=\"async\" width=\"1024\" height=\"768\" data-id=\"2579\" src=\"https:\/\/udruga-106br.hr\/wp-content\/uploads\/2023\/10\/20231031_100146-1-1024x768.jpg\" alt=\"\" class=\"wp-image-2579\" srcset=\"https:\/\/udruga-106br.hr\/wp-content\/uploads\/2023\/10\/20231031_100146-1-1024x768.jpg 1024w, https:\/\/udruga-106br.hr\/wp-content\/uploads\/2023\/10\/20231031_100146-1-300x225.jpg 300w, https:\/\/udruga-106br.hr\/wp-content\/uploads\/2023\/10\/20231031_100146-1-768x576.jpg 768w, https:\/\/udruga-106br.hr\/wp-content\/uploads\/2023\/10\/20231031_100146-1-1536x1152.jpg 1536w, https:\/\/udruga-106br.hr\/wp-content\/uploads\/2023\/10\/20231031_100146-1-2048x1536.jpg 2048w\" sizes=\"auto, (max-width: 1024px) 100vw, 1024px\" \/><\/figure>\n<\/figure>\n\n\n\n<figure class=\"wp-block-gallery has-nested-images columns-default is-cropped wp-block-gallery-2 is-layout-flex wp-block-gallery-is-layout-flex\">\n<figure class=\"wp-block-image size-large\"><img loading=\"lazy\" decoding=\"async\" width=\"1024\" height=\"768\" data-id=\"2584\" src=\"https:\/\/udruga-106br.hr\/wp-content\/uploads\/2023\/10\/20231031_100346-1024x768.jpg\" alt=\"\" class=\"wp-image-2584\" srcset=\"https:\/\/udruga-106br.hr\/wp-content\/uploads\/2023\/10\/20231031_100346-1024x768.jpg 1024w, https:\/\/udruga-106br.hr\/wp-content\/uploads\/2023\/10\/20231031_100346-300x225.jpg 300w, https:\/\/udruga-106br.hr\/wp-content\/uploads\/2023\/10\/20231031_100346-768x576.jpg 768w, https:\/\/udruga-106br.hr\/wp-content\/uploads\/2023\/10\/20231031_100346-1536x1152.jpg 1536w, https:\/\/udruga-106br.hr\/wp-content\/uploads\/2023\/10\/20231031_100346-2048x1536.jpg 2048w\" sizes=\"auto, (max-width: 1024px) 100vw, 1024px\" \/><\/figure>\n\n\n\n<figure class=\"wp-block-image size-large\"><img loading=\"lazy\" decoding=\"async\" width=\"768\" height=\"1024\" data-id=\"2585\" src=\"https:\/\/udruga-106br.hr\/wp-content\/uploads\/2023\/10\/20231031_101345-1-768x1024.jpg\" alt=\"\" class=\"wp-image-2585\" srcset=\"https:\/\/udruga-106br.hr\/wp-content\/uploads\/2023\/10\/20231031_101345-1-768x1024.jpg 768w, https:\/\/udruga-106br.hr\/wp-content\/uploads\/2023\/10\/20231031_101345-1-225x300.jpg 225w, https:\/\/udruga-106br.hr\/wp-content\/uploads\/2023\/10\/20231031_101345-1-1152x1536.jpg 1152w, https:\/\/udruga-106br.hr\/wp-content\/uploads\/2023\/10\/20231031_101345-1-1536x2048.jpg 1536w, https:\/\/udruga-106br.hr\/wp-content\/uploads\/2023\/10\/20231031_101345-1-scaled.jpg 1920w\" sizes=\"auto, (max-width: 768px) 100vw, 768px\" \/><\/figure>\n\n\n\n<figure class=\"wp-block-image size-large\"><img loading=\"lazy\" decoding=\"async\" width=\"1024\" height=\"768\" data-id=\"2582\" src=\"https:\/\/udruga-106br.hr\/wp-content\/uploads\/2023\/10\/20231031_110400-1-1024x768.jpg\" alt=\"\" class=\"wp-image-2582\" srcset=\"https:\/\/udruga-106br.hr\/wp-content\/uploads\/2023\/10\/20231031_110400-1-1024x768.jpg 1024w, https:\/\/udruga-106br.hr\/wp-content\/uploads\/2023\/10\/20231031_110400-1-300x225.jpg 300w, https:\/\/udruga-106br.hr\/wp-content\/uploads\/2023\/10\/20231031_110400-1-768x576.jpg 768w, https:\/\/udruga-106br.hr\/wp-content\/uploads\/2023\/10\/20231031_110400-1-1536x1152.jpg 1536w, https:\/\/udruga-106br.hr\/wp-content\/uploads\/2023\/10\/20231031_110400-1-2048x1536.jpg 2048w\" sizes=\"auto, (max-width: 1024px) 100vw, 1024px\" \/><\/figure>\n\n\n\n<figure class=\"wp-block-image size-large\"><img loading=\"lazy\" decoding=\"async\" width=\"768\" height=\"1024\" data-id=\"2583\" src=\"https:\/\/udruga-106br.hr\/wp-content\/uploads\/2023\/10\/20231031_110930-768x1024.jpg\" alt=\"\" class=\"wp-image-2583\" srcset=\"https:\/\/udruga-106br.hr\/wp-content\/uploads\/2023\/10\/20231031_110930-768x1024.jpg 768w, https:\/\/udruga-106br.hr\/wp-content\/uploads\/2023\/10\/20231031_110930-225x300.jpg 225w, https:\/\/udruga-106br.hr\/wp-content\/uploads\/2023\/10\/20231031_110930-1152x1536.jpg 1152w, https:\/\/udruga-106br.hr\/wp-content\/uploads\/2023\/10\/20231031_110930-1536x2048.jpg 1536w, https:\/\/udruga-106br.hr\/wp-content\/uploads\/2023\/10\/20231031_110930-scaled.jpg 1920w\" sizes=\"auto, (max-width: 768px) 100vw, 768px\" \/><\/figure>\n<\/figure>\n<!-- AddThis Advanced Settings generic via filter on the_content --><!-- AddThis Share Buttons generic via filter on the_content -->","protected":false},"excerpt":{"rendered":"<p>Dan Svih Svetih predstavlja prigodu u kojoj se s pijetetom prisje\u0107amo i odajemo du\u017enu po\u010dast na\u0161im voljenima koji su preminuli, no \u010dije nas uspomene ne napu\u0161taju, nego su trajno utemeljene u dubinama na\u0161ih srdaca. Danas, 31.10.2023. godine odajemo posebno duboko po\u0161tovanje hrabrim hrvatskim braniteljima \u010diji su \u017eivoti posve\u0107eni stvaranju neovisne Republike Hrvatske, ostavljaju\u0107i neizbrisiv trag &hellip; <a href=\"https:\/\/udruga-106br.hr\/index.php\/obiljezavanje-blagdana-svih-svetih-i-dusnog-dana-za-nestale-i-poginule-hrvatske-branitelje-te-civilne-zrtve-domovinskog-rata-31-10-2023\/\" class=\"more-link\">Nastavi \u010ditati <span class=\"screen-reader-text\">Obilje\u017eavanje blagdana Svih svetih i\u00a0 Du\u0161nog dana za nestale i poginule hrvatske branitelje te civilne \u017ertve Domovinskog rata\u00a0&#8211; 31.10.2023.<\/span><\/a><!-- AddThis Advanced Settings generic via filter on get_the_excerpt --><!-- AddThis Share Buttons generic via filter on get_the_excerpt --><\/p>\n","protected":false},"author":1,"featured_media":0,"comment_status":"closed","ping_status":"closed","sticky":false,"template":"","format":"standard","meta":{"footnotes":""},"categories":[32],"tags":[],"class_list":["post-2573","post","type-post","status-publish","format-standard","hentry","category-iz-zivota-udruge"],"_links":{"self":[{"href":"https:\/\/udruga-106br.hr\/index.php\/wp-json\/wp\/v2\/posts\/2573","targetHints":{"allow":["GET"]}}],"collection":[{"href":"https:\/\/udruga-106br.hr\/index.php\/wp-json\/wp\/v2\/posts"}],"about":[{"href":"https:\/\/udruga-106br.hr\/index.php\/wp-json\/wp\/v2\/types\/post"}],"author":[{"embeddable":true,"href":"https:\/\/udruga-106br.hr\/index.php\/wp-json\/wp\/v2\/users\/1"}],"replies":[{"embeddable":true,"href":"https:\/\/udruga-106br.hr\/index.php\/wp-json\/wp\/v2\/comments?post=2573"}],"version-history":[{"count":1,"href":"https:\/\/udruga-106br.hr\/index.php\/wp-json\/wp\/v2\/posts\/2573\/revisions"}],"predecessor-version":[{"id":2586,"href":"https:\/\/udruga-106br.hr\/index.php\/wp-json\/wp\/v2\/posts\/2573\/revisions\/2586"}],"wp:attachment":[{"href":"https:\/\/udruga-106br.hr\/index.php\/wp-json\/wp\/v2\/media?parent=2573"}],"wp:term":[{"taxonomy":"category","embeddable":true,"href":"https:\/\/udruga-106br.hr\/index.php\/wp-json\/wp\/v2\/categories?post=2573"},{"taxonomy":"post_tag","embeddable":true,"href":"https:\/\/udruga-106br.hr\/index.php\/wp-json\/wp\/v2\/tags?post=2573"}],"curies":[{"name":"wp","href":"https:\/\/api.w.org\/{rel}","templated":true}]}}