{"id":2588,"date":"2023-11-06T20:50:27","date_gmt":"2023-11-06T19:50:27","guid":{"rendered":"https:\/\/udruga-106br.hr\/?p=2588"},"modified":"2025-10-17T21:53:13","modified_gmt":"2025-10-17T19:53:13","slug":"jesenski-dio-braniteljske-lige-pikado-6-11-2023","status":"publish","type":"post","link":"https:\/\/udruga-106br.hr\/index.php\/jesenski-dio-braniteljske-lige-pikado-6-11-2023\/","title":{"rendered":"Jesenski dio Braniteljske lige &#8211; Pikado 6.11.2023."},"content":{"rendered":"\n<p>Nakon uspje\u0161no odr\u017eanog proljetnog dijela Braniteljske lige, ponosno najavljujemo po\u010detak jesenskog dijela natjecanja! &#x1f342;&#x1f3c6;<\/p>\n\n\n\n<p>U suradnji s Koordinacijom udruga branitelja i stradalnika DR OB\u017d, Udrugom dragovoljaca i veterana Domovinskog rata, podru\u017enicom OB\u017d i Udrugom specijalne policije Domovinskog rata Orao Osijek, prire\u0111ujemo niz sportskih doga\u0111anja koja \u0107e nas povezati i pru\u017eiti nam nezaboravne trenutke.<\/p>\n\n\n\n<figure class=\"wp-block-gallery has-nested-images columns-default is-cropped wp-block-gallery-1 is-layout-flex wp-block-gallery-is-layout-flex\">\n<figure class=\"wp-block-image size-large\"><img loading=\"lazy\" decoding=\"async\" width=\"1024\" height=\"768\" data-id=\"2592\" src=\"https:\/\/udruga-106br.hr\/wp-content\/uploads\/2023\/11\/viber_slika_2023-11-06_19-55-51-120-1024x768.jpg\" alt=\"\" class=\"wp-image-2592\" srcset=\"https:\/\/udruga-106br.hr\/wp-content\/uploads\/2023\/11\/viber_slika_2023-11-06_19-55-51-120-1024x768.jpg 1024w, https:\/\/udruga-106br.hr\/wp-content\/uploads\/2023\/11\/viber_slika_2023-11-06_19-55-51-120-300x225.jpg 300w, https:\/\/udruga-106br.hr\/wp-content\/uploads\/2023\/11\/viber_slika_2023-11-06_19-55-51-120-768x576.jpg 768w, https:\/\/udruga-106br.hr\/wp-content\/uploads\/2023\/11\/viber_slika_2023-11-06_19-55-51-120-1536x1152.jpg 1536w, https:\/\/udruga-106br.hr\/wp-content\/uploads\/2023\/11\/viber_slika_2023-11-06_19-55-51-120.jpg 1600w\" sizes=\"auto, (max-width: 1024px) 100vw, 1024px\" \/><\/figure>\n\n\n\n<figure class=\"wp-block-image size-large\"><img loading=\"lazy\" decoding=\"async\" width=\"768\" height=\"1024\" data-id=\"2591\" src=\"https:\/\/udruga-106br.hr\/wp-content\/uploads\/2023\/11\/viber_slika_2023-11-06_19-55-51-262-768x1024.jpg\" alt=\"\" class=\"wp-image-2591\" srcset=\"https:\/\/udruga-106br.hr\/wp-content\/uploads\/2023\/11\/viber_slika_2023-11-06_19-55-51-262-768x1024.jpg 768w, https:\/\/udruga-106br.hr\/wp-content\/uploads\/2023\/11\/viber_slika_2023-11-06_19-55-51-262-225x300.jpg 225w, https:\/\/udruga-106br.hr\/wp-content\/uploads\/2023\/11\/viber_slika_2023-11-06_19-55-51-262-1152x1536.jpg 1152w, https:\/\/udruga-106br.hr\/wp-content\/uploads\/2023\/11\/viber_slika_2023-11-06_19-55-51-262.jpg 1200w\" sizes=\"auto, (max-width: 768px) 100vw, 768px\" \/><\/figure>\n\n\n\n<figure class=\"wp-block-image size-large\"><img loading=\"lazy\" decoding=\"async\" width=\"768\" height=\"1024\" data-id=\"2589\" src=\"https:\/\/udruga-106br.hr\/wp-content\/uploads\/2023\/11\/viber_slika_2023-11-06_19-55-51-381-768x1024.jpg\" alt=\"\" class=\"wp-image-2589\" srcset=\"https:\/\/udruga-106br.hr\/wp-content\/uploads\/2023\/11\/viber_slika_2023-11-06_19-55-51-381-768x1024.jpg 768w, https:\/\/udruga-106br.hr\/wp-content\/uploads\/2023\/11\/viber_slika_2023-11-06_19-55-51-381-225x300.jpg 225w, https:\/\/udruga-106br.hr\/wp-content\/uploads\/2023\/11\/viber_slika_2023-11-06_19-55-51-381-1152x1536.jpg 1152w, https:\/\/udruga-106br.hr\/wp-content\/uploads\/2023\/11\/viber_slika_2023-11-06_19-55-51-381.jpg 1200w\" sizes=\"auto, (max-width: 768px) 100vw, 768px\" \/><\/figure>\n\n\n\n<figure class=\"wp-block-image size-large\"><img loading=\"lazy\" decoding=\"async\" width=\"768\" height=\"1024\" data-id=\"2590\" src=\"https:\/\/udruga-106br.hr\/wp-content\/uploads\/2023\/11\/viber_slika_2023-11-06_19-55-51-503-768x1024.jpg\" alt=\"\" class=\"wp-image-2590\" srcset=\"https:\/\/udruga-106br.hr\/wp-content\/uploads\/2023\/11\/viber_slika_2023-11-06_19-55-51-503-768x1024.jpg 768w, https:\/\/udruga-106br.hr\/wp-content\/uploads\/2023\/11\/viber_slika_2023-11-06_19-55-51-503-225x300.jpg 225w, https:\/\/udruga-106br.hr\/wp-content\/uploads\/2023\/11\/viber_slika_2023-11-06_19-55-51-503-1152x1536.jpg 1152w, https:\/\/udruga-106br.hr\/wp-content\/uploads\/2023\/11\/viber_slika_2023-11-06_19-55-51-503.jpg 1200w\" sizes=\"auto, (max-width: 768px) 100vw, 768px\" \/><\/figure>\n<\/figure>\n\n\n\n<p>Danas smo zapo\u010deli sa natjecanjem u pikadu te je krenulo napeto i uzbudljivo, a ve\u0107 sutra nas o\u010dekuje prvo kolo u beli. &#x1f3af;<\/p>\n\n\n\n<p>&#x1f4c5; Datum: Srijeda, 7.11.2023.<br>&#x1f554; Po\u010detak: 17:00 sati<br>&#x1f4cd; Lokacija: Veteranski centar Mursa<\/p>\n\n\n\n<p>O\u010dekuje nas puno uzbu\u0111enja i prijateljske atmosfere &#8211; do\u0111ite, pridru\u017eite nam se i podru\u017eimo se me\u0111usobno.<\/p>\n\n\n\n<p>A u igri i natjecanju neka najbolji pobijedi! &#x1f3c5;&#x1f4aa;<\/p>\n<!-- AddThis Advanced Settings generic via filter on the_content --><!-- AddThis Share Buttons generic via filter on the_content -->","protected":false},"excerpt":{"rendered":"<p>Nakon uspje\u0161no odr\u017eanog proljetnog dijela Braniteljske lige, ponosno najavljujemo po\u010detak jesenskog dijela natjecanja! &#x1f342;&#x1f3c6; U suradnji s Koordinacijom udruga branitelja i stradalnika DR OB\u017d, Udrugom dragovoljaca i veterana Domovinskog rata, podru\u017enicom OB\u017d i Udrugom specijalne policije Domovinskog rata Orao Osijek, prire\u0111ujemo niz sportskih doga\u0111anja koja \u0107e nas povezati i pru\u017eiti nam nezaboravne trenutke. Danas smo &hellip; <a href=\"https:\/\/udruga-106br.hr\/index.php\/jesenski-dio-braniteljske-lige-pikado-6-11-2023\/\" class=\"more-link\">Nastavi \u010ditati <span class=\"screen-reader-text\">Jesenski dio Braniteljske lige &#8211; Pikado 6.11.2023.<\/span><\/a><!-- AddThis Advanced Settings generic via filter on get_the_excerpt --><!-- AddThis Share Buttons generic via filter on get_the_excerpt --><\/p>\n","protected":false},"author":1,"featured_media":0,"comment_status":"closed","ping_status":"closed","sticky":false,"template":"","format":"standard","meta":{"footnotes":""},"categories":[32],"tags":[],"class_list":["post-2588","post","type-post","status-publish","format-standard","hentry","category-iz-zivota-udruge"],"_links":{"self":[{"href":"https:\/\/udruga-106br.hr\/index.php\/wp-json\/wp\/v2\/posts\/2588","targetHints":{"allow":["GET"]}}],"collection":[{"href":"https:\/\/udruga-106br.hr\/index.php\/wp-json\/wp\/v2\/posts"}],"about":[{"href":"https:\/\/udruga-106br.hr\/index.php\/wp-json\/wp\/v2\/types\/post"}],"author":[{"embeddable":true,"href":"https:\/\/udruga-106br.hr\/index.php\/wp-json\/wp\/v2\/users\/1"}],"replies":[{"embeddable":true,"href":"https:\/\/udruga-106br.hr\/index.php\/wp-json\/wp\/v2\/comments?post=2588"}],"version-history":[{"count":1,"href":"https:\/\/udruga-106br.hr\/index.php\/wp-json\/wp\/v2\/posts\/2588\/revisions"}],"predecessor-version":[{"id":2593,"href":"https:\/\/udruga-106br.hr\/index.php\/wp-json\/wp\/v2\/posts\/2588\/revisions\/2593"}],"wp:attachment":[{"href":"https:\/\/udruga-106br.hr\/index.php\/wp-json\/wp\/v2\/media?parent=2588"}],"wp:term":[{"taxonomy":"category","embeddable":true,"href":"https:\/\/udruga-106br.hr\/index.php\/wp-json\/wp\/v2\/categories?post=2588"},{"taxonomy":"post_tag","embeddable":true,"href":"https:\/\/udruga-106br.hr\/index.php\/wp-json\/wp\/v2\/tags?post=2588"}],"curies":[{"name":"wp","href":"https:\/\/api.w.org\/{rel}","templated":true}]}}