{"id":2607,"date":"2023-11-09T12:07:26","date_gmt":"2023-11-09T11:07:26","guid":{"rendered":"https:\/\/udruga-106br.hr\/?p=2607"},"modified":"2025-10-17T21:53:13","modified_gmt":"2025-10-17T19:53:13","slug":"braniteljska-liga-jesenski-dio-1-kolo-turnira-u-bocanju-8-11-2023","status":"publish","type":"post","link":"https:\/\/udruga-106br.hr\/index.php\/braniteljska-liga-jesenski-dio-1-kolo-turnira-u-bocanju-8-11-2023\/","title":{"rendered":"Braniteljska liga \u2013 jesenski dio \u2013 1. kolo turnira u bo\u0107anju \u2013 8.11.2023."},"content":{"rendered":"\n<p>Ju\u010der, 8.11. smo zapo\u010deli sa prvim kolom turnira u bo\u0107anju. &#x1f44f;&#x1f389;&#x1f4aa;<br>Sljede\u0107e kolo igra se 15.11. od 18 sati na terenima u Josipovcu.<\/p>\n\n\n\n<figure class=\"wp-block-gallery has-nested-images columns-default is-cropped wp-block-gallery-1 is-layout-flex wp-block-gallery-is-layout-flex\">\n<figure class=\"wp-block-image size-large\"><img loading=\"lazy\" decoding=\"async\" width=\"1024\" height=\"576\" data-id=\"2609\" src=\"https:\/\/udruga-106br.hr\/wp-content\/uploads\/2023\/11\/viber_slika_2023-11-09_11-41-59-886-1024x576.jpg\" alt=\"\" class=\"wp-image-2609\" srcset=\"https:\/\/udruga-106br.hr\/wp-content\/uploads\/2023\/11\/viber_slika_2023-11-09_11-41-59-886-1024x576.jpg 1024w, https:\/\/udruga-106br.hr\/wp-content\/uploads\/2023\/11\/viber_slika_2023-11-09_11-41-59-886-300x169.jpg 300w, https:\/\/udruga-106br.hr\/wp-content\/uploads\/2023\/11\/viber_slika_2023-11-09_11-41-59-886-768x432.jpg 768w, https:\/\/udruga-106br.hr\/wp-content\/uploads\/2023\/11\/viber_slika_2023-11-09_11-41-59-886-1536x864.jpg 1536w, https:\/\/udruga-106br.hr\/wp-content\/uploads\/2023\/11\/viber_slika_2023-11-09_11-41-59-886.jpg 1600w\" sizes=\"auto, (max-width: 1024px) 100vw, 1024px\" \/><\/figure>\n\n\n\n<figure class=\"wp-block-image size-large\"><img loading=\"lazy\" decoding=\"async\" width=\"1024\" height=\"576\" data-id=\"2610\" src=\"https:\/\/udruga-106br.hr\/wp-content\/uploads\/2023\/11\/viber_slika_2023-11-09_11-42-02-189-1024x576.jpg\" alt=\"\" class=\"wp-image-2610\" srcset=\"https:\/\/udruga-106br.hr\/wp-content\/uploads\/2023\/11\/viber_slika_2023-11-09_11-42-02-189-1024x576.jpg 1024w, https:\/\/udruga-106br.hr\/wp-content\/uploads\/2023\/11\/viber_slika_2023-11-09_11-42-02-189-300x169.jpg 300w, https:\/\/udruga-106br.hr\/wp-content\/uploads\/2023\/11\/viber_slika_2023-11-09_11-42-02-189-768x432.jpg 768w, https:\/\/udruga-106br.hr\/wp-content\/uploads\/2023\/11\/viber_slika_2023-11-09_11-42-02-189-1536x864.jpg 1536w, https:\/\/udruga-106br.hr\/wp-content\/uploads\/2023\/11\/viber_slika_2023-11-09_11-42-02-189.jpg 1600w\" sizes=\"auto, (max-width: 1024px) 100vw, 1024px\" \/><\/figure>\n\n\n\n<figure class=\"wp-block-image size-large\"><img loading=\"lazy\" decoding=\"async\" width=\"1024\" height=\"576\" data-id=\"2608\" src=\"https:\/\/udruga-106br.hr\/wp-content\/uploads\/2023\/11\/viber_slika_2023-11-09_11-42-04-703-1024x576.jpg\" alt=\"\" class=\"wp-image-2608\" srcset=\"https:\/\/udruga-106br.hr\/wp-content\/uploads\/2023\/11\/viber_slika_2023-11-09_11-42-04-703-1024x576.jpg 1024w, https:\/\/udruga-106br.hr\/wp-content\/uploads\/2023\/11\/viber_slika_2023-11-09_11-42-04-703-300x169.jpg 300w, https:\/\/udruga-106br.hr\/wp-content\/uploads\/2023\/11\/viber_slika_2023-11-09_11-42-04-703-768x432.jpg 768w, https:\/\/udruga-106br.hr\/wp-content\/uploads\/2023\/11\/viber_slika_2023-11-09_11-42-04-703-1536x864.jpg 1536w, https:\/\/udruga-106br.hr\/wp-content\/uploads\/2023\/11\/viber_slika_2023-11-09_11-42-04-703.jpg 1600w\" sizes=\"auto, (max-width: 1024px) 100vw, 1024px\" \/><\/figure>\n\n\n\n<figure class=\"wp-block-image size-large\"><img loading=\"lazy\" decoding=\"async\" width=\"1024\" height=\"576\" data-id=\"2611\" src=\"https:\/\/udruga-106br.hr\/wp-content\/uploads\/2023\/11\/viber_slika_2023-11-09_11-42-10-388-1024x576.jpg\" alt=\"\" class=\"wp-image-2611\" srcset=\"https:\/\/udruga-106br.hr\/wp-content\/uploads\/2023\/11\/viber_slika_2023-11-09_11-42-10-388-1024x576.jpg 1024w, https:\/\/udruga-106br.hr\/wp-content\/uploads\/2023\/11\/viber_slika_2023-11-09_11-42-10-388-300x169.jpg 300w, https:\/\/udruga-106br.hr\/wp-content\/uploads\/2023\/11\/viber_slika_2023-11-09_11-42-10-388-768x432.jpg 768w, https:\/\/udruga-106br.hr\/wp-content\/uploads\/2023\/11\/viber_slika_2023-11-09_11-42-10-388-1536x864.jpg 1536w, https:\/\/udruga-106br.hr\/wp-content\/uploads\/2023\/11\/viber_slika_2023-11-09_11-42-10-388.jpg 1600w\" sizes=\"auto, (max-width: 1024px) 100vw, 1024px\" \/><\/figure>\n\n\n\n<figure class=\"wp-block-image size-large\"><img loading=\"lazy\" decoding=\"async\" width=\"1024\" height=\"576\" data-id=\"2612\" src=\"https:\/\/udruga-106br.hr\/wp-content\/uploads\/2023\/11\/viber_slika_2023-11-09_11-42-12-416-1024x576.jpg\" alt=\"\" class=\"wp-image-2612\" srcset=\"https:\/\/udruga-106br.hr\/wp-content\/uploads\/2023\/11\/viber_slika_2023-11-09_11-42-12-416-1024x576.jpg 1024w, https:\/\/udruga-106br.hr\/wp-content\/uploads\/2023\/11\/viber_slika_2023-11-09_11-42-12-416-300x169.jpg 300w, https:\/\/udruga-106br.hr\/wp-content\/uploads\/2023\/11\/viber_slika_2023-11-09_11-42-12-416-768x432.jpg 768w, https:\/\/udruga-106br.hr\/wp-content\/uploads\/2023\/11\/viber_slika_2023-11-09_11-42-12-416-1536x864.jpg 1536w, https:\/\/udruga-106br.hr\/wp-content\/uploads\/2023\/11\/viber_slika_2023-11-09_11-42-12-416.jpg 1600w\" sizes=\"auto, (max-width: 1024px) 100vw, 1024px\" \/><\/figure>\n<\/figure>\n\n\n\n<p>Nadamo se da \u0107ete u\u017eivati u ovom na\u0161em turniru i da \u0107emo zajedno u\u017eivati u nastavku ove sportske avanture! Sretno svima! &#x1f3c6;<\/p>\n\n\n\n<p>Hvala svima koji sudjelujete i podr\u017eavate ovo natjecanje. Veselimo se sljede\u0107em kolu i novim izazovima! &#x1f4aa;&#x1f389;<\/p>\n\n\n\n<p>Uz to, danas, 9.11. nastavljamo s tre\u0107im i \u010detvrtim kolom u belotu u Veteranskom centru Mursa s po\u010detkom u 17 sati.<br>Vidimo se! Sretno svima! &#x1f0cf;&#x1f4aa;&#x1f3c6;<\/p>\n<!-- AddThis Advanced Settings generic via filter on the_content --><!-- AddThis Share Buttons generic via filter on the_content -->","protected":false},"excerpt":{"rendered":"<p>Ju\u010der, 8.11. smo zapo\u010deli sa prvim kolom turnira u bo\u0107anju. &#x1f44f;&#x1f389;&#x1f4aa;Sljede\u0107e kolo igra se 15.11. od 18 sati na terenima u Josipovcu. Nadamo se da \u0107ete u\u017eivati u ovom na\u0161em turniru i da \u0107emo zajedno u\u017eivati u nastavku ove sportske avanture! Sretno svima! &#x1f3c6; Hvala svima koji sudjelujete i podr\u017eavate ovo natjecanje. Veselimo se sljede\u0107em &hellip; <a href=\"https:\/\/udruga-106br.hr\/index.php\/braniteljska-liga-jesenski-dio-1-kolo-turnira-u-bocanju-8-11-2023\/\" class=\"more-link\">Nastavi \u010ditati <span class=\"screen-reader-text\">Braniteljska liga \u2013 jesenski dio \u2013 1. kolo turnira u bo\u0107anju \u2013 8.11.2023.<\/span><\/a><!-- AddThis Advanced Settings generic via filter on get_the_excerpt --><!-- AddThis Share Buttons generic via filter on get_the_excerpt --><\/p>\n","protected":false},"author":1,"featured_media":0,"comment_status":"closed","ping_status":"closed","sticky":false,"template":"","format":"standard","meta":{"footnotes":""},"categories":[32],"tags":[],"class_list":["post-2607","post","type-post","status-publish","format-standard","hentry","category-iz-zivota-udruge"],"_links":{"self":[{"href":"https:\/\/udruga-106br.hr\/index.php\/wp-json\/wp\/v2\/posts\/2607","targetHints":{"allow":["GET"]}}],"collection":[{"href":"https:\/\/udruga-106br.hr\/index.php\/wp-json\/wp\/v2\/posts"}],"about":[{"href":"https:\/\/udruga-106br.hr\/index.php\/wp-json\/wp\/v2\/types\/post"}],"author":[{"embeddable":true,"href":"https:\/\/udruga-106br.hr\/index.php\/wp-json\/wp\/v2\/users\/1"}],"replies":[{"embeddable":true,"href":"https:\/\/udruga-106br.hr\/index.php\/wp-json\/wp\/v2\/comments?post=2607"}],"version-history":[{"count":1,"href":"https:\/\/udruga-106br.hr\/index.php\/wp-json\/wp\/v2\/posts\/2607\/revisions"}],"predecessor-version":[{"id":2613,"href":"https:\/\/udruga-106br.hr\/index.php\/wp-json\/wp\/v2\/posts\/2607\/revisions\/2613"}],"wp:attachment":[{"href":"https:\/\/udruga-106br.hr\/index.php\/wp-json\/wp\/v2\/media?parent=2607"}],"wp:term":[{"taxonomy":"category","embeddable":true,"href":"https:\/\/udruga-106br.hr\/index.php\/wp-json\/wp\/v2\/categories?post=2607"},{"taxonomy":"post_tag","embeddable":true,"href":"https:\/\/udruga-106br.hr\/index.php\/wp-json\/wp\/v2\/tags?post=2607"}],"curies":[{"name":"wp","href":"https:\/\/api.w.org\/{rel}","templated":true}]}}