{"id":2622,"date":"2023-11-13T14:05:20","date_gmt":"2023-11-13T13:05:20","guid":{"rendered":"https:\/\/udruga-106br.hr\/?p=2622"},"modified":"2025-10-17T21:53:13","modified_gmt":"2025-10-17T19:53:13","slug":"popularno-znanstvena-tribina-ratni-zarobljenici-u-domovinskom-ratu-16-11-2023-11h","status":"publish","type":"post","link":"https:\/\/udruga-106br.hr\/index.php\/popularno-znanstvena-tribina-ratni-zarobljenici-u-domovinskom-ratu-16-11-2023-11h\/","title":{"rendered":"Popularno-znanstvena tribina &#8221;Ratni zarobljenici u Domovinskom ratu&#8221; &#8211; 16.11.2023., 11h"},"content":{"rendered":"\n<p>&#x1f4e2; POZIV NA TRIBINU!<\/p>\n\n\n\n<p>Dragi \u010dlanovi udruge 106. brigade ZNG RH, na\u0161i prijatelji i pratitelji,<\/p>\n\n\n\n<p>\u017eelimo vas pozvati na tribinu koju organizira Hrvatsko dru\u0161tvo logora\u0161a srpskih koncentracijskih logora Osje\u010dko-baranjske \u017eupanije.<\/p>\n\n\n\n<p>Ova va\u017ena manifestacija &#8211; popularno-znanstvena tribina &#8221;Ratni zarobljenici u Domovinskom ratu&#8221; ima za cilj poticanje dijaloga, sje\u0107anja i solidarnosti te pru\u017eiti uvid u iskustva ratnih zarobljenika tijekom Domovinskog rata te potaknuti dijalog o posljedicama rata na pojedince i dru\u0161tvo.<\/p>\n\n\n\n<p>&#x1f5d3; Datum: 16.11.2023.<br>&#x1f555; Vrijeme: 11.00 sati<br>&#x1f4cd; Mjesto: HNK Osijek<\/p>\n\n\n\n<p>&#x1f91d; Va\u017eno je zajedno se prisjetiti i podr\u017eati jedni druge. Vidimo se na tribini!<\/p>\n\n\n\n<figure class=\"wp-block-image size-large\"><img loading=\"lazy\" decoding=\"async\" width=\"924\" height=\"1024\" src=\"https:\/\/udruga-106br.hr\/wp-content\/uploads\/2023\/11\/POZIVNICA-TRIBINA-924x1024.png\" alt=\"\" class=\"wp-image-2623\" srcset=\"https:\/\/udruga-106br.hr\/wp-content\/uploads\/2023\/11\/POZIVNICA-TRIBINA-924x1024.png 924w, https:\/\/udruga-106br.hr\/wp-content\/uploads\/2023\/11\/POZIVNICA-TRIBINA-271x300.png 271w, https:\/\/udruga-106br.hr\/wp-content\/uploads\/2023\/11\/POZIVNICA-TRIBINA-768x851.png 768w, https:\/\/udruga-106br.hr\/wp-content\/uploads\/2023\/11\/POZIVNICA-TRIBINA-1387x1536.png 1387w, https:\/\/udruga-106br.hr\/wp-content\/uploads\/2023\/11\/POZIVNICA-TRIBINA.png 1503w\" sizes=\"auto, (max-width: 924px) 100vw, 924px\" \/><\/figure>\n<!-- AddThis Advanced Settings generic via filter on the_content --><!-- AddThis Share Buttons generic via filter on the_content -->","protected":false},"excerpt":{"rendered":"<p>&#x1f4e2; POZIV NA TRIBINU! Dragi \u010dlanovi udruge 106. brigade ZNG RH, na\u0161i prijatelji i pratitelji, \u017eelimo vas pozvati na tribinu koju organizira Hrvatsko dru\u0161tvo logora\u0161a srpskih koncentracijskih logora Osje\u010dko-baranjske \u017eupanije. Ova va\u017ena manifestacija &#8211; popularno-znanstvena tribina &#8221;Ratni zarobljenici u Domovinskom ratu&#8221; ima za cilj poticanje dijaloga, sje\u0107anja i solidarnosti te pru\u017eiti uvid u iskustva ratnih &hellip; <a href=\"https:\/\/udruga-106br.hr\/index.php\/popularno-znanstvena-tribina-ratni-zarobljenici-u-domovinskom-ratu-16-11-2023-11h\/\" class=\"more-link\">Nastavi \u010ditati <span class=\"screen-reader-text\">Popularno-znanstvena tribina &#8221;Ratni zarobljenici u Domovinskom ratu&#8221; &#8211; 16.11.2023., 11h<\/span><\/a><!-- AddThis Advanced Settings generic via filter on get_the_excerpt --><!-- AddThis Share Buttons generic via filter on get_the_excerpt --><\/p>\n","protected":false},"author":1,"featured_media":0,"comment_status":"closed","ping_status":"closed","sticky":false,"template":"","format":"standard","meta":{"footnotes":""},"categories":[32],"tags":[],"class_list":["post-2622","post","type-post","status-publish","format-standard","hentry","category-iz-zivota-udruge"],"_links":{"self":[{"href":"https:\/\/udruga-106br.hr\/index.php\/wp-json\/wp\/v2\/posts\/2622","targetHints":{"allow":["GET"]}}],"collection":[{"href":"https:\/\/udruga-106br.hr\/index.php\/wp-json\/wp\/v2\/posts"}],"about":[{"href":"https:\/\/udruga-106br.hr\/index.php\/wp-json\/wp\/v2\/types\/post"}],"author":[{"embeddable":true,"href":"https:\/\/udruga-106br.hr\/index.php\/wp-json\/wp\/v2\/users\/1"}],"replies":[{"embeddable":true,"href":"https:\/\/udruga-106br.hr\/index.php\/wp-json\/wp\/v2\/comments?post=2622"}],"version-history":[{"count":1,"href":"https:\/\/udruga-106br.hr\/index.php\/wp-json\/wp\/v2\/posts\/2622\/revisions"}],"predecessor-version":[{"id":2624,"href":"https:\/\/udruga-106br.hr\/index.php\/wp-json\/wp\/v2\/posts\/2622\/revisions\/2624"}],"wp:attachment":[{"href":"https:\/\/udruga-106br.hr\/index.php\/wp-json\/wp\/v2\/media?parent=2622"}],"wp:term":[{"taxonomy":"category","embeddable":true,"href":"https:\/\/udruga-106br.hr\/index.php\/wp-json\/wp\/v2\/categories?post=2622"},{"taxonomy":"post_tag","embeddable":true,"href":"https:\/\/udruga-106br.hr\/index.php\/wp-json\/wp\/v2\/tags?post=2622"}],"curies":[{"name":"wp","href":"https:\/\/api.w.org\/{rel}","templated":true}]}}