{"id":2627,"date":"2023-11-14T23:07:06","date_gmt":"2023-11-14T22:07:06","guid":{"rendered":"https:\/\/udruga-106br.hr\/?p=2627"},"modified":"2025-10-17T21:53:13","modified_gmt":"2025-10-17T19:53:13","slug":"otvoren-cetvrti-i-najveci-veteranski-centar-u-hrvatskoj-13-11-2023-daruvar","status":"publish","type":"post","link":"https:\/\/udruga-106br.hr\/index.php\/otvoren-cetvrti-i-najveci-veteranski-centar-u-hrvatskoj-13-11-2023-daruvar\/","title":{"rendered":"Otvoren \u010detvrti i najve\u0107i Veteranski centar u Hrvatskoj &#8211;  13.11.2023., Daruvar"},"content":{"rendered":"\n<p>Dana 13.11.2023. predstavnici udruge 106. brigade ZNG RH prisustvovali su sve\u010danom otvorenju najnovijeg aduta u brizi za na\u0161e branitelje &#8211; \u010detvrtog i najve\u0107eg Veteranskog centra u Hrvatskoj, smje\u0161tenog u Daruvaru. &#x1f389;<\/p>\n\n\n\n<p>Ova izvanredna sve\u010danost, odr\u017eana u ponedjeljak u nazo\u010dnosti visokih dr\u017eavnih du\u017enosnika, ozna\u010dava zna\u010dajan korak prema pru\u017eanju vrhunske skrbi na\u0161im herojima.<\/p>\n\n\n\n<p>Veteranski centar prostire se na impresivnih deset tisu\u0107a \u010detvornih metara, tik uz Daruvarske toplice, a njegova ukupna vrijednost dose\u017ee 14 milijuna eura. Sa 200 le\u017eajeva, centar \u0107e svake godine primiti preko tri tisu\u0107e branitelja, \u010dlanova njihovih obitelji i drugih stradalnika Domovinskog rata, nude\u0107i im osim vrhunske medicinske skrbi i va\u017enu psihosocijalnu podr\u0161ku.<\/p>\n\n\n\n<figure class=\"wp-block-image size-large\"><img loading=\"lazy\" decoding=\"async\" width=\"1024\" height=\"576\" src=\"https:\/\/udruga-106br.hr\/wp-content\/uploads\/2023\/11\/viber_slika_2023-11-13_19-43-10-321-1024x576.jpg\" alt=\"\" class=\"wp-image-2628\" srcset=\"https:\/\/udruga-106br.hr\/wp-content\/uploads\/2023\/11\/viber_slika_2023-11-13_19-43-10-321-1024x576.jpg 1024w, https:\/\/udruga-106br.hr\/wp-content\/uploads\/2023\/11\/viber_slika_2023-11-13_19-43-10-321-300x169.jpg 300w, https:\/\/udruga-106br.hr\/wp-content\/uploads\/2023\/11\/viber_slika_2023-11-13_19-43-10-321-768x432.jpg 768w, https:\/\/udruga-106br.hr\/wp-content\/uploads\/2023\/11\/viber_slika_2023-11-13_19-43-10-321-1536x864.jpg 1536w, https:\/\/udruga-106br.hr\/wp-content\/uploads\/2023\/11\/viber_slika_2023-11-13_19-43-10-321.jpg 1600w\" sizes=\"auto, (max-width: 1024px) 100vw, 1024px\" \/><\/figure>\n\n\n\n<p>Sve\u010danosti su prisustvovali ugledni gosti me\u0111u kojima su predsjednik Vlade Andrej Plenkovi\u0107, predsjednik Hrvatskog Sabora Gordan Jandrokovi\u0107, potpredsjednik Vlade i ministar hrvatskih branitelja Tomo Medved, ministar regionalnog razvoja i EU fondova \u0160ime Erli\u0107, saborski zastupnici Vladimir Bilek i Miro Totgergeli, \u017eupan bjelovarsko-bilogorski Marko Maru\u0161i\u0107, daruvarski gradona\u010delnik Damir Lneni\u010dek, biskup po\u017ee\u0161ko-slavonski Antun \u0160kvor\u010devi\u0107, te mnogi drugi uglednici. Tako\u0111er, prisustvovali su branitelji, \u010dlanovi obitelji poginulih branitelja te predstavnici udruga iz Domovinskog rata.<\/p>\n\n\n\n<figure class=\"wp-block-gallery has-nested-images columns-default is-cropped wp-block-gallery-1 is-layout-flex wp-block-gallery-is-layout-flex\">\n<figure class=\"wp-block-image size-large\"><img loading=\"lazy\" decoding=\"async\" width=\"1024\" height=\"576\" data-id=\"2629\" src=\"https:\/\/udruga-106br.hr\/wp-content\/uploads\/2023\/11\/viber_slika_2023-11-13_19-43-08-124-1024x576.jpg\" alt=\"\" class=\"wp-image-2629\" srcset=\"https:\/\/udruga-106br.hr\/wp-content\/uploads\/2023\/11\/viber_slika_2023-11-13_19-43-08-124-1024x576.jpg 1024w, https:\/\/udruga-106br.hr\/wp-content\/uploads\/2023\/11\/viber_slika_2023-11-13_19-43-08-124-300x169.jpg 300w, https:\/\/udruga-106br.hr\/wp-content\/uploads\/2023\/11\/viber_slika_2023-11-13_19-43-08-124-768x432.jpg 768w, https:\/\/udruga-106br.hr\/wp-content\/uploads\/2023\/11\/viber_slika_2023-11-13_19-43-08-124-1536x864.jpg 1536w, https:\/\/udruga-106br.hr\/wp-content\/uploads\/2023\/11\/viber_slika_2023-11-13_19-43-08-124.jpg 1600w\" sizes=\"auto, (max-width: 1024px) 100vw, 1024px\" \/><\/figure>\n\n\n\n<figure class=\"wp-block-image size-large\"><img loading=\"lazy\" decoding=\"async\" width=\"1024\" height=\"576\" data-id=\"2630\" src=\"https:\/\/udruga-106br.hr\/wp-content\/uploads\/2023\/11\/viber_slika_2023-11-13_19-43-08-300-1024x576.jpg\" alt=\"\" class=\"wp-image-2630\" srcset=\"https:\/\/udruga-106br.hr\/wp-content\/uploads\/2023\/11\/viber_slika_2023-11-13_19-43-08-300-1024x576.jpg 1024w, https:\/\/udruga-106br.hr\/wp-content\/uploads\/2023\/11\/viber_slika_2023-11-13_19-43-08-300-300x169.jpg 300w, https:\/\/udruga-106br.hr\/wp-content\/uploads\/2023\/11\/viber_slika_2023-11-13_19-43-08-300-768x432.jpg 768w, https:\/\/udruga-106br.hr\/wp-content\/uploads\/2023\/11\/viber_slika_2023-11-13_19-43-08-300-1536x864.jpg 1536w, https:\/\/udruga-106br.hr\/wp-content\/uploads\/2023\/11\/viber_slika_2023-11-13_19-43-08-300.jpg 1600w\" sizes=\"auto, (max-width: 1024px) 100vw, 1024px\" \/><\/figure>\n\n\n\n<figure class=\"wp-block-image size-large\"><img loading=\"lazy\" decoding=\"async\" width=\"1024\" height=\"576\" data-id=\"2631\" src=\"https:\/\/udruga-106br.hr\/wp-content\/uploads\/2023\/11\/viber_slika_2023-11-13_19-43-08-821-1024x576.jpg\" alt=\"\" class=\"wp-image-2631\" srcset=\"https:\/\/udruga-106br.hr\/wp-content\/uploads\/2023\/11\/viber_slika_2023-11-13_19-43-08-821-1024x576.jpg 1024w, https:\/\/udruga-106br.hr\/wp-content\/uploads\/2023\/11\/viber_slika_2023-11-13_19-43-08-821-300x169.jpg 300w, https:\/\/udruga-106br.hr\/wp-content\/uploads\/2023\/11\/viber_slika_2023-11-13_19-43-08-821-768x432.jpg 768w, https:\/\/udruga-106br.hr\/wp-content\/uploads\/2023\/11\/viber_slika_2023-11-13_19-43-08-821-1536x864.jpg 1536w, https:\/\/udruga-106br.hr\/wp-content\/uploads\/2023\/11\/viber_slika_2023-11-13_19-43-08-821.jpg 1600w\" sizes=\"auto, (max-width: 1024px) 100vw, 1024px\" \/><\/figure>\n\n\n\n<figure class=\"wp-block-image size-large\"><img loading=\"lazy\" decoding=\"async\" width=\"1024\" height=\"576\" data-id=\"2632\" src=\"https:\/\/udruga-106br.hr\/wp-content\/uploads\/2023\/11\/viber_slika_2023-11-13_19-43-08-943-1024x576.jpg\" alt=\"\" class=\"wp-image-2632\" srcset=\"https:\/\/udruga-106br.hr\/wp-content\/uploads\/2023\/11\/viber_slika_2023-11-13_19-43-08-943-1024x576.jpg 1024w, https:\/\/udruga-106br.hr\/wp-content\/uploads\/2023\/11\/viber_slika_2023-11-13_19-43-08-943-300x169.jpg 300w, https:\/\/udruga-106br.hr\/wp-content\/uploads\/2023\/11\/viber_slika_2023-11-13_19-43-08-943-768x432.jpg 768w, https:\/\/udruga-106br.hr\/wp-content\/uploads\/2023\/11\/viber_slika_2023-11-13_19-43-08-943-1536x864.jpg 1536w, https:\/\/udruga-106br.hr\/wp-content\/uploads\/2023\/11\/viber_slika_2023-11-13_19-43-08-943.jpg 1600w\" sizes=\"auto, (max-width: 1024px) 100vw, 1024px\" \/><\/figure>\n<\/figure>\n\n\n\n<p>Va\u017eno je naglasiti da Veteranski centar nije samo mjesto skrbi, ve\u0107 i sredi\u0161te razvoja. Tamo \u0107e biti mogu\u0107e dobiti savjetodavnu pomo\u0107, odr\u017eavati edukacije, radionice, seminare i treninzima ja\u010dati potencijale korisnika za zapo\u0161ljavanje, poduzetni\u0161tvo te aktivno uklju\u010divanje u rad zadruga hrvatskih branitelja, kao va\u017ean dio radne terapije. Osim toga, otvaranjem Veteranskog centra u Daruvaru stvorit \u0107e se 50 novih radnih mjesta, \u010dime \u0107e se pridonijeti lokalnom razvoju i zapo\u0161ljavanju. Ovaj projekt ne samo da pru\u017ea podr\u0161ku na\u0161im herojima, ve\u0107 i gradi mostove prema odr\u017eivom razvoju zajednice. &#x1f44f;<\/p>\n\n\n\n<p><\/p>\n<!-- AddThis Advanced Settings generic via filter on the_content --><!-- AddThis Share Buttons generic via filter on the_content -->","protected":false},"excerpt":{"rendered":"<p>Dana 13.11.2023. predstavnici udruge 106. brigade ZNG RH prisustvovali su sve\u010danom otvorenju najnovijeg aduta u brizi za na\u0161e branitelje &#8211; \u010detvrtog i najve\u0107eg Veteranskog centra u Hrvatskoj, smje\u0161tenog u Daruvaru. &#x1f389; Ova izvanredna sve\u010danost, odr\u017eana u ponedjeljak u nazo\u010dnosti visokih dr\u017eavnih du\u017enosnika, ozna\u010dava zna\u010dajan korak prema pru\u017eanju vrhunske skrbi na\u0161im herojima. Veteranski centar prostire se &hellip; <a href=\"https:\/\/udruga-106br.hr\/index.php\/otvoren-cetvrti-i-najveci-veteranski-centar-u-hrvatskoj-13-11-2023-daruvar\/\" class=\"more-link\">Nastavi \u010ditati <span class=\"screen-reader-text\">Otvoren \u010detvrti i najve\u0107i Veteranski centar u Hrvatskoj &#8211;  13.11.2023., Daruvar<\/span><\/a><!-- AddThis Advanced Settings generic via filter on get_the_excerpt --><!-- AddThis Share Buttons generic via filter on get_the_excerpt --><\/p>\n","protected":false},"author":1,"featured_media":0,"comment_status":"closed","ping_status":"","sticky":false,"template":"","format":"standard","meta":{"footnotes":""},"categories":[32],"tags":[],"class_list":["post-2627","post","type-post","status-publish","format-standard","hentry","category-iz-zivota-udruge"],"_links":{"self":[{"href":"https:\/\/udruga-106br.hr\/index.php\/wp-json\/wp\/v2\/posts\/2627","targetHints":{"allow":["GET"]}}],"collection":[{"href":"https:\/\/udruga-106br.hr\/index.php\/wp-json\/wp\/v2\/posts"}],"about":[{"href":"https:\/\/udruga-106br.hr\/index.php\/wp-json\/wp\/v2\/types\/post"}],"author":[{"embeddable":true,"href":"https:\/\/udruga-106br.hr\/index.php\/wp-json\/wp\/v2\/users\/1"}],"replies":[{"embeddable":true,"href":"https:\/\/udruga-106br.hr\/index.php\/wp-json\/wp\/v2\/comments?post=2627"}],"version-history":[{"count":1,"href":"https:\/\/udruga-106br.hr\/index.php\/wp-json\/wp\/v2\/posts\/2627\/revisions"}],"predecessor-version":[{"id":2633,"href":"https:\/\/udruga-106br.hr\/index.php\/wp-json\/wp\/v2\/posts\/2627\/revisions\/2633"}],"wp:attachment":[{"href":"https:\/\/udruga-106br.hr\/index.php\/wp-json\/wp\/v2\/media?parent=2627"}],"wp:term":[{"taxonomy":"category","embeddable":true,"href":"https:\/\/udruga-106br.hr\/index.php\/wp-json\/wp\/v2\/categories?post=2627"},{"taxonomy":"post_tag","embeddable":true,"href":"https:\/\/udruga-106br.hr\/index.php\/wp-json\/wp\/v2\/tags?post=2627"}],"curies":[{"name":"wp","href":"https:\/\/api.w.org\/{rel}","templated":true}]}}