{"id":2643,"date":"2023-11-15T09:59:14","date_gmt":"2023-11-15T08:59:14","guid":{"rendered":"https:\/\/udruga-106br.hr\/?p=2643"},"modified":"2025-10-17T21:53:13","modified_gmt":"2025-10-17T19:53:13","slug":"20-obljetnica-memorijalnog-hodocasca-osijek-vukovar-i-premijeru-dokumentarnog-filma-svetac-17-11-2023-18-sati","status":"publish","type":"post","link":"https:\/\/udruga-106br.hr\/index.php\/20-obljetnica-memorijalnog-hodocasca-osijek-vukovar-i-premijeru-dokumentarnog-filma-svetac-17-11-2023-18-sati\/","title":{"rendered":"20. obljetnica MEMORIJALNOG HODO\u010cA\u0160\u0106A OSIJEK &#8211; VUKOVAR i premijeru dokumentarnog filma &#8220;SVETAC&#8221; 17.11.2023., 18 sati"},"content":{"rendered":"\n<p>Dragi \u010dlanovi Udruge 106. brigade ZNG RH te na\u0161i vjerni pratitelji i prijatelji,<\/p>\n\n\n\n<p>proslje\u0111ujemo vam poziv na Sve\u010danu AKADEMIJU povodom 20. obljetnice MEMORIJALNOG HODO\u010cA\u0160\u0106A OSIJEK &#8211; VUKOVAR i premijeru dokumentarnog filma &#8220;SVETAC&#8221;.<\/p>\n\n\n\n<p>Organizator ovog doga\u0111aja je UHDDR Osijek, Ogranak J.J. Strossmayer.<\/p>\n\n\n\n<p>&#x1f4c5; Datum: Petak, 17.11.2023.<br>&#x1f555; Vrijeme: 18:00 sati<br>&#x1f4cd; Mjesto: Vikarijat \u0110akova\u010dko-osje\u010dke Nadbiskupije, ulica J.J. Strossmayera 58<\/p>\n\n\n\n<p>Program \u0107e se odvijati pod pokroviteljstvom i suorganizacijom sljede\u0107ih institucija:<br>\u00b7 HVIDRA Osijek,<br>\u00b7 Udruga hrvatskih branitelja LU\u010cONO\u0160E DOMOVINSKOG RATA.<\/p>\n<!-- AddThis Advanced Settings generic via filter on the_content --><!-- AddThis Share Buttons generic via filter on the_content -->","protected":false},"excerpt":{"rendered":"<p>Dragi \u010dlanovi Udruge 106. brigade ZNG RH te na\u0161i vjerni pratitelji i prijatelji, proslje\u0111ujemo vam poziv na Sve\u010danu AKADEMIJU povodom 20. obljetnice MEMORIJALNOG HODO\u010cA\u0160\u0106A OSIJEK &#8211; VUKOVAR i premijeru dokumentarnog filma &#8220;SVETAC&#8221;. Organizator ovog doga\u0111aja je UHDDR Osijek, Ogranak J.J. Strossmayer. &#x1f4c5; Datum: Petak, 17.11.2023.&#x1f555; Vrijeme: 18:00 sati&#x1f4cd; Mjesto: Vikarijat \u0110akova\u010dko-osje\u010dke Nadbiskupije, ulica J.J. Strossmayera &hellip; <a href=\"https:\/\/udruga-106br.hr\/index.php\/20-obljetnica-memorijalnog-hodocasca-osijek-vukovar-i-premijeru-dokumentarnog-filma-svetac-17-11-2023-18-sati\/\" class=\"more-link\">Nastavi \u010ditati <span class=\"screen-reader-text\">20. obljetnica MEMORIJALNOG HODO\u010cA\u0160\u0106A OSIJEK &#8211; VUKOVAR i premijeru dokumentarnog filma &#8220;SVETAC&#8221; 17.11.2023., 18 sati<\/span><\/a><!-- AddThis Advanced Settings generic via filter on get_the_excerpt --><!-- AddThis Share Buttons generic via filter on get_the_excerpt --><\/p>\n","protected":false},"author":1,"featured_media":0,"comment_status":"closed","ping_status":"closed","sticky":false,"template":"","format":"standard","meta":{"footnotes":""},"categories":[32],"tags":[],"class_list":["post-2643","post","type-post","status-publish","format-standard","hentry","category-iz-zivota-udruge"],"_links":{"self":[{"href":"https:\/\/udruga-106br.hr\/index.php\/wp-json\/wp\/v2\/posts\/2643","targetHints":{"allow":["GET"]}}],"collection":[{"href":"https:\/\/udruga-106br.hr\/index.php\/wp-json\/wp\/v2\/posts"}],"about":[{"href":"https:\/\/udruga-106br.hr\/index.php\/wp-json\/wp\/v2\/types\/post"}],"author":[{"embeddable":true,"href":"https:\/\/udruga-106br.hr\/index.php\/wp-json\/wp\/v2\/users\/1"}],"replies":[{"embeddable":true,"href":"https:\/\/udruga-106br.hr\/index.php\/wp-json\/wp\/v2\/comments?post=2643"}],"version-history":[{"count":1,"href":"https:\/\/udruga-106br.hr\/index.php\/wp-json\/wp\/v2\/posts\/2643\/revisions"}],"predecessor-version":[{"id":2644,"href":"https:\/\/udruga-106br.hr\/index.php\/wp-json\/wp\/v2\/posts\/2643\/revisions\/2644"}],"wp:attachment":[{"href":"https:\/\/udruga-106br.hr\/index.php\/wp-json\/wp\/v2\/media?parent=2643"}],"wp:term":[{"taxonomy":"category","embeddable":true,"href":"https:\/\/udruga-106br.hr\/index.php\/wp-json\/wp\/v2\/categories?post=2643"},{"taxonomy":"post_tag","embeddable":true,"href":"https:\/\/udruga-106br.hr\/index.php\/wp-json\/wp\/v2\/tags?post=2643"}],"curies":[{"name":"wp","href":"https:\/\/api.w.org\/{rel}","templated":true}]}}