{"id":2645,"date":"2023-11-16T09:58:46","date_gmt":"2023-11-16T08:58:46","guid":{"rendered":"https:\/\/udruga-106br.hr\/?p=2645"},"modified":"2025-10-17T21:53:13","modified_gmt":"2025-10-17T19:53:13","slug":"program-uoci-dana-sjecanja-na-zrtve-domovinskog-rata-i-dana-sjecanja-na-zrtvu-vukovara-i-skabrnje-17-11-2023","status":"publish","type":"post","link":"https:\/\/udruga-106br.hr\/index.php\/program-uoci-dana-sjecanja-na-zrtve-domovinskog-rata-i-dana-sjecanja-na-zrtvu-vukovara-i-skabrnje-17-11-2023\/","title":{"rendered":"Program uo\u010di Dana sje\u0107anja na \u017ertve Domovinskog rata i Dana sje\u0107anja na \u017ertvu Vukovara i \u0160kabrnje &#8211; 17.11.2023."},"content":{"rendered":"\n<p>Dragi \u010dlanovi udruge, na\u0161i vjerni pratitelji i prijatelji,<\/p>\n\n\n\n<p>\u017eelimo vas pozvati da se pridru\u017eite u zajedni\u0161tvu s izaslanstvom Grada Osijeka u odavanju po\u010dasti \u017ertvama Domovinskog rata i sje\u0107anju na Vukovar i \u0160kabrnju.<\/p>\n\n\n\n<p>&#x1f4c5; Datum: 17. studenoga 2023., petak<br>&#x23f0; Vrijeme: 09:30 sati<br>&#x1f4cd; Mjesto: Kapelica Kraljice Mira <\/p>\n\n\n\n<p>Pridru\u017eite nam se u 09:30 sati kod kapelice Kraljice Mira, gdje \u0107emo polo\u017eiti vijence i zapaliti svije\u0107e, zajedno sa hrvatskim braniteljima, braniteljskim udrugama te zainteresiranim gra\u0111anima.<\/p>\n\n\n\n<p>&#x23f0; Vrijeme: 18:00 sati<br>&#x1f4cd; Mjesto: Vukovarska ulica te kri\u017eanje Vukovarske i Trpimirove ulice<\/p>\n\n\n\n<p>Istoga dana, u 18:00 sati, u\u010denici osnovnih i srednjih \u0161kola osvijetlit \u0107e Vukovarsku ulicu svije\u0107ama, te vas pozivamo da im se pridru\u017eite u iskazivanju po\u0161tovanja prema \u017ertvama na\u0161eg Domovinskog rata, uz izaslanstvo Osje\u010dko-baranjske \u017eupanije u zajedni\u010dkom paljenju svije\u0107a na kri\u017eanju Vukovarske i Trpimirove ulice.<\/p>\n\n\n\n<p>&#x1f56f;&#xfe0f; Neka svjetlost svije\u0107a bude simbol na\u0161e vje\u010dne zahvalnosti. &#x1f1ed;&#x1f1f7;<\/p>\n<!-- AddThis Advanced Settings generic via filter on the_content --><!-- AddThis Share Buttons generic via filter on the_content -->","protected":false},"excerpt":{"rendered":"<p>Dragi \u010dlanovi udruge, na\u0161i vjerni pratitelji i prijatelji, \u017eelimo vas pozvati da se pridru\u017eite u zajedni\u0161tvu s izaslanstvom Grada Osijeka u odavanju po\u010dasti \u017ertvama Domovinskog rata i sje\u0107anju na Vukovar i \u0160kabrnju. &#x1f4c5; Datum: 17. studenoga 2023., petak&#x23f0; Vrijeme: 09:30 sati&#x1f4cd; Mjesto: Kapelica Kraljice Mira Pridru\u017eite nam se u 09:30 sati kod kapelice Kraljice Mira, &hellip; <a href=\"https:\/\/udruga-106br.hr\/index.php\/program-uoci-dana-sjecanja-na-zrtve-domovinskog-rata-i-dana-sjecanja-na-zrtvu-vukovara-i-skabrnje-17-11-2023\/\" class=\"more-link\">Nastavi \u010ditati <span class=\"screen-reader-text\">Program uo\u010di Dana sje\u0107anja na \u017ertve Domovinskog rata i Dana sje\u0107anja na \u017ertvu Vukovara i \u0160kabrnje &#8211; 17.11.2023.<\/span><\/a><!-- AddThis Advanced Settings generic via filter on get_the_excerpt --><!-- AddThis Share Buttons generic via filter on get_the_excerpt --><\/p>\n","protected":false},"author":1,"featured_media":0,"comment_status":"closed","ping_status":"closed","sticky":false,"template":"","format":"standard","meta":{"footnotes":""},"categories":[32],"tags":[],"class_list":["post-2645","post","type-post","status-publish","format-standard","hentry","category-iz-zivota-udruge"],"_links":{"self":[{"href":"https:\/\/udruga-106br.hr\/index.php\/wp-json\/wp\/v2\/posts\/2645","targetHints":{"allow":["GET"]}}],"collection":[{"href":"https:\/\/udruga-106br.hr\/index.php\/wp-json\/wp\/v2\/posts"}],"about":[{"href":"https:\/\/udruga-106br.hr\/index.php\/wp-json\/wp\/v2\/types\/post"}],"author":[{"embeddable":true,"href":"https:\/\/udruga-106br.hr\/index.php\/wp-json\/wp\/v2\/users\/1"}],"replies":[{"embeddable":true,"href":"https:\/\/udruga-106br.hr\/index.php\/wp-json\/wp\/v2\/comments?post=2645"}],"version-history":[{"count":1,"href":"https:\/\/udruga-106br.hr\/index.php\/wp-json\/wp\/v2\/posts\/2645\/revisions"}],"predecessor-version":[{"id":2646,"href":"https:\/\/udruga-106br.hr\/index.php\/wp-json\/wp\/v2\/posts\/2645\/revisions\/2646"}],"wp:attachment":[{"href":"https:\/\/udruga-106br.hr\/index.php\/wp-json\/wp\/v2\/media?parent=2645"}],"wp:term":[{"taxonomy":"category","embeddable":true,"href":"https:\/\/udruga-106br.hr\/index.php\/wp-json\/wp\/v2\/categories?post=2645"},{"taxonomy":"post_tag","embeddable":true,"href":"https:\/\/udruga-106br.hr\/index.php\/wp-json\/wp\/v2\/tags?post=2645"}],"curies":[{"name":"wp","href":"https:\/\/api.w.org\/{rel}","templated":true}]}}