{"id":2666,"date":"2023-11-20T13:05:49","date_gmt":"2023-11-20T12:05:49","guid":{"rendered":"https:\/\/udruga-106br.hr\/?p=2666"},"modified":"2025-10-17T21:52:58","modified_gmt":"2025-10-17T19:52:58","slug":"20-11-2023-32-godisnjica-stradavanja-mjestana-ernestinova","status":"publish","type":"post","link":"https:\/\/udruga-106br.hr\/index.php\/20-11-2023-32-godisnjica-stradavanja-mjestana-ernestinova\/","title":{"rendered":"20.11.2023. &#8211; 32. godi\u0161njica stradavanja mje\u0161tana Ernestinova"},"content":{"rendered":"\n<p>U okviru obilje\u017eavanja \u201eSpomendana 20. studenoga \u2013 Ernestinovo\u201c, odnosno obilje\u017eavanja 32. godi\u0161njice stradavanja mje\u0161tana Ernestinova prisje\u0107amo se i odajemo po\u010dast hrabrim mje\u0161tanima Ernestinova koji su stradali u njegovoj obrani. Danas, na 32. godi\u0161njicu tragi\u010dnih doga\u0111aja, stojimo zajedno kako bismo se sjetili 41 stradalog branitelja i civila, od kojih se jo\u0161 uvijek \u0161est hrabrih pojedinaca vode kao nestali.<\/p>\n\n\n\n<p>Centralna aktivnost odr\u017eana je u 10:30 sati, u ernstinova\u010dkom parku kod spomen obilje\u017eja poginulim braniteljima i civilima, kao i kod spomen obilje\u017eja mjesta masovne grobnice.<\/p>\n\n\n\n<p>Nakon polaganja vijenaca i paljenja svije\u0107a, odr\u017eana je sve\u010dana Sveta misa u ernestinova\u010dkoj crkvi u 11:00 sati.<\/p>\n\n\n\n<p>Neka njihova hrabrost i \u017ertva nikada ne budu zaboravljene. &#x1f64f;<\/p>\n\n\n\n<figure class=\"wp-block-gallery has-nested-images columns-default is-cropped wp-block-gallery-1 is-layout-flex wp-block-gallery-is-layout-flex\">\n<figure class=\"wp-block-image size-large\"><img loading=\"lazy\" decoding=\"async\" width=\"1024\" height=\"768\" data-id=\"2671\" src=\"https:\/\/udruga-106br.hr\/wp-content\/uploads\/2023\/11\/viber_slika_2023-11-20_11-59-47-941-1024x768.jpg\" alt=\"\" class=\"wp-image-2671\" srcset=\"https:\/\/udruga-106br.hr\/wp-content\/uploads\/2023\/11\/viber_slika_2023-11-20_11-59-47-941-1024x768.jpg 1024w, https:\/\/udruga-106br.hr\/wp-content\/uploads\/2023\/11\/viber_slika_2023-11-20_11-59-47-941-300x225.jpg 300w, https:\/\/udruga-106br.hr\/wp-content\/uploads\/2023\/11\/viber_slika_2023-11-20_11-59-47-941-768x576.jpg 768w, https:\/\/udruga-106br.hr\/wp-content\/uploads\/2023\/11\/viber_slika_2023-11-20_11-59-47-941-1536x1152.jpg 1536w, https:\/\/udruga-106br.hr\/wp-content\/uploads\/2023\/11\/viber_slika_2023-11-20_11-59-47-941.jpg 1600w\" sizes=\"auto, (max-width: 1024px) 100vw, 1024px\" \/><\/figure>\n\n\n\n<figure class=\"wp-block-image size-large\"><img loading=\"lazy\" decoding=\"async\" width=\"768\" height=\"1024\" data-id=\"2672\" src=\"https:\/\/udruga-106br.hr\/wp-content\/uploads\/2023\/11\/viber_slika_2023-11-20_11-59-48-318-768x1024.jpg\" alt=\"\" class=\"wp-image-2672\" srcset=\"https:\/\/udruga-106br.hr\/wp-content\/uploads\/2023\/11\/viber_slika_2023-11-20_11-59-48-318-768x1024.jpg 768w, https:\/\/udruga-106br.hr\/wp-content\/uploads\/2023\/11\/viber_slika_2023-11-20_11-59-48-318-225x300.jpg 225w, https:\/\/udruga-106br.hr\/wp-content\/uploads\/2023\/11\/viber_slika_2023-11-20_11-59-48-318-1152x1536.jpg 1152w, https:\/\/udruga-106br.hr\/wp-content\/uploads\/2023\/11\/viber_slika_2023-11-20_11-59-48-318.jpg 1200w\" sizes=\"auto, (max-width: 768px) 100vw, 768px\" \/><\/figure>\n\n\n\n<figure class=\"wp-block-image size-large\"><img loading=\"lazy\" decoding=\"async\" width=\"768\" height=\"1024\" data-id=\"2667\" src=\"https:\/\/udruga-106br.hr\/wp-content\/uploads\/2023\/11\/viber_slika_2023-11-20_11-59-49-250-768x1024.jpg\" alt=\"\" class=\"wp-image-2667\" srcset=\"https:\/\/udruga-106br.hr\/wp-content\/uploads\/2023\/11\/viber_slika_2023-11-20_11-59-49-250-768x1024.jpg 768w, https:\/\/udruga-106br.hr\/wp-content\/uploads\/2023\/11\/viber_slika_2023-11-20_11-59-49-250-225x300.jpg 225w, https:\/\/udruga-106br.hr\/wp-content\/uploads\/2023\/11\/viber_slika_2023-11-20_11-59-49-250-1152x1536.jpg 1152w, https:\/\/udruga-106br.hr\/wp-content\/uploads\/2023\/11\/viber_slika_2023-11-20_11-59-49-250.jpg 1200w\" sizes=\"auto, (max-width: 768px) 100vw, 768px\" \/><\/figure>\n\n\n\n<figure class=\"wp-block-image size-large\"><img loading=\"lazy\" decoding=\"async\" width=\"1024\" height=\"768\" data-id=\"2668\" src=\"https:\/\/udruga-106br.hr\/wp-content\/uploads\/2023\/11\/viber_slika_2023-11-20_12-00-07-634-1024x768.jpg\" alt=\"\" class=\"wp-image-2668\" srcset=\"https:\/\/udruga-106br.hr\/wp-content\/uploads\/2023\/11\/viber_slika_2023-11-20_12-00-07-634-1024x768.jpg 1024w, https:\/\/udruga-106br.hr\/wp-content\/uploads\/2023\/11\/viber_slika_2023-11-20_12-00-07-634-300x225.jpg 300w, https:\/\/udruga-106br.hr\/wp-content\/uploads\/2023\/11\/viber_slika_2023-11-20_12-00-07-634-768x576.jpg 768w, https:\/\/udruga-106br.hr\/wp-content\/uploads\/2023\/11\/viber_slika_2023-11-20_12-00-07-634-1536x1152.jpg 1536w, https:\/\/udruga-106br.hr\/wp-content\/uploads\/2023\/11\/viber_slika_2023-11-20_12-00-07-634.jpg 1600w\" sizes=\"auto, (max-width: 1024px) 100vw, 1024px\" \/><\/figure>\n\n\n\n<figure class=\"wp-block-image size-large\"><img loading=\"lazy\" decoding=\"async\" width=\"768\" height=\"1024\" data-id=\"2669\" src=\"https:\/\/udruga-106br.hr\/wp-content\/uploads\/2023\/11\/viber_slika_2023-11-20_12-00-07-822-768x1024.jpg\" alt=\"\" class=\"wp-image-2669\" srcset=\"https:\/\/udruga-106br.hr\/wp-content\/uploads\/2023\/11\/viber_slika_2023-11-20_12-00-07-822-768x1024.jpg 768w, https:\/\/udruga-106br.hr\/wp-content\/uploads\/2023\/11\/viber_slika_2023-11-20_12-00-07-822-225x300.jpg 225w, https:\/\/udruga-106br.hr\/wp-content\/uploads\/2023\/11\/viber_slika_2023-11-20_12-00-07-822-1152x1536.jpg 1152w, https:\/\/udruga-106br.hr\/wp-content\/uploads\/2023\/11\/viber_slika_2023-11-20_12-00-07-822.jpg 1200w\" sizes=\"auto, (max-width: 768px) 100vw, 768px\" \/><\/figure>\n\n\n\n<figure class=\"wp-block-image size-large\"><img loading=\"lazy\" decoding=\"async\" width=\"1024\" height=\"768\" data-id=\"2670\" src=\"https:\/\/udruga-106br.hr\/wp-content\/uploads\/2023\/11\/viber_slika_2023-11-20_12-00-07-904-1024x768.jpg\" alt=\"\" class=\"wp-image-2670\" srcset=\"https:\/\/udruga-106br.hr\/wp-content\/uploads\/2023\/11\/viber_slika_2023-11-20_12-00-07-904-1024x768.jpg 1024w, https:\/\/udruga-106br.hr\/wp-content\/uploads\/2023\/11\/viber_slika_2023-11-20_12-00-07-904-300x225.jpg 300w, https:\/\/udruga-106br.hr\/wp-content\/uploads\/2023\/11\/viber_slika_2023-11-20_12-00-07-904-768x576.jpg 768w, https:\/\/udruga-106br.hr\/wp-content\/uploads\/2023\/11\/viber_slika_2023-11-20_12-00-07-904-1536x1152.jpg 1536w, https:\/\/udruga-106br.hr\/wp-content\/uploads\/2023\/11\/viber_slika_2023-11-20_12-00-07-904.jpg 1600w\" sizes=\"auto, (max-width: 1024px) 100vw, 1024px\" \/><\/figure>\n<\/figure>\n<!-- AddThis Advanced Settings generic via filter on the_content --><!-- AddThis Share Buttons generic via filter on the_content -->","protected":false},"excerpt":{"rendered":"<p>U okviru obilje\u017eavanja \u201eSpomendana 20. studenoga \u2013 Ernestinovo\u201c, odnosno obilje\u017eavanja 32. godi\u0161njice stradavanja mje\u0161tana Ernestinova prisje\u0107amo se i odajemo po\u010dast hrabrim mje\u0161tanima Ernestinova koji su stradali u njegovoj obrani. Danas, na 32. godi\u0161njicu tragi\u010dnih doga\u0111aja, stojimo zajedno kako bismo se sjetili 41 stradalog branitelja i civila, od kojih se jo\u0161 uvijek \u0161est hrabrih pojedinaca vode &hellip; <a href=\"https:\/\/udruga-106br.hr\/index.php\/20-11-2023-32-godisnjica-stradavanja-mjestana-ernestinova\/\" class=\"more-link\">Nastavi \u010ditati <span class=\"screen-reader-text\">20.11.2023. &#8211; 32. godi\u0161njica stradavanja mje\u0161tana Ernestinova<\/span><\/a><!-- AddThis Advanced Settings generic via filter on get_the_excerpt --><!-- AddThis Share Buttons generic via filter on get_the_excerpt --><\/p>\n","protected":false},"author":1,"featured_media":0,"comment_status":"closed","ping_status":"closed","sticky":false,"template":"","format":"standard","meta":{"footnotes":""},"categories":[32],"tags":[],"class_list":["post-2666","post","type-post","status-publish","format-standard","hentry","category-iz-zivota-udruge"],"_links":{"self":[{"href":"https:\/\/udruga-106br.hr\/index.php\/wp-json\/wp\/v2\/posts\/2666","targetHints":{"allow":["GET"]}}],"collection":[{"href":"https:\/\/udruga-106br.hr\/index.php\/wp-json\/wp\/v2\/posts"}],"about":[{"href":"https:\/\/udruga-106br.hr\/index.php\/wp-json\/wp\/v2\/types\/post"}],"author":[{"embeddable":true,"href":"https:\/\/udruga-106br.hr\/index.php\/wp-json\/wp\/v2\/users\/1"}],"replies":[{"embeddable":true,"href":"https:\/\/udruga-106br.hr\/index.php\/wp-json\/wp\/v2\/comments?post=2666"}],"version-history":[{"count":1,"href":"https:\/\/udruga-106br.hr\/index.php\/wp-json\/wp\/v2\/posts\/2666\/revisions"}],"predecessor-version":[{"id":2673,"href":"https:\/\/udruga-106br.hr\/index.php\/wp-json\/wp\/v2\/posts\/2666\/revisions\/2673"}],"wp:attachment":[{"href":"https:\/\/udruga-106br.hr\/index.php\/wp-json\/wp\/v2\/media?parent=2666"}],"wp:term":[{"taxonomy":"category","embeddable":true,"href":"https:\/\/udruga-106br.hr\/index.php\/wp-json\/wp\/v2\/categories?post=2666"},{"taxonomy":"post_tag","embeddable":true,"href":"https:\/\/udruga-106br.hr\/index.php\/wp-json\/wp\/v2\/tags?post=2666"}],"curies":[{"name":"wp","href":"https:\/\/api.w.org\/{rel}","templated":true}]}}