{"id":2674,"date":"2023-11-21T10:21:46","date_gmt":"2023-11-21T09:21:46","guid":{"rendered":"https:\/\/udruga-106br.hr\/?p=2674"},"modified":"2025-10-17T21:52:58","modified_gmt":"2025-10-17T19:52:58","slug":"20-11-2023-obiljezavanje-stradanja-mjestana-i-hrvatskih-branitelja-u-ivanovcu","status":"publish","type":"post","link":"https:\/\/udruga-106br.hr\/index.php\/20-11-2023-obiljezavanje-stradanja-mjestana-i-hrvatskih-branitelja-u-ivanovcu\/","title":{"rendered":"20.11.2023. obilje\u017eavanje stradanja mje\u0161tana i hrvatskih branitelja u Ivanovcu"},"content":{"rendered":"\n<p>\u010clanovi udruge 106. brigade ZNG RH s ponosom su sudjelovali na sve\u010danom obilje\u017eavanju stradanja mje\u0161tana i hrvatskih branitelja u Ivanovcu, koje se odr\u017ealo dana 20.11.2023. godine. U skladu s dubokim po\u0161tovanjem prema \u017ertvama i njihovim obiteljima, \u010dlanovi Udruge zapalili su svije\u0107u ispred spomen-obilje\u017eja, odaju\u0107i po\u010dast onima koji su neizbrisivo ostavili svoj trag u povijesti na\u0161eg zajedni\u0161tva. &#x1f64f;<\/p>\n\n\n\n<p>Ponosno nastavljamo s predano\u0161\u0107u prema vrijednostima zajednice te se zahvaljujemo svim sudionicima koji su doprinijeli o\u010duvanju spomena na hrabre mje\u0161tane i hrvatske branitelje. &#x2764;&#xfe0f;<\/p>\n\n\n\n<figure class=\"wp-block-gallery has-nested-images columns-default is-cropped wp-block-gallery-1 is-layout-flex wp-block-gallery-is-layout-flex\">\n<figure class=\"wp-block-image size-large\"><img loading=\"lazy\" decoding=\"async\" width=\"1024\" height=\"768\" data-id=\"2679\" src=\"https:\/\/udruga-106br.hr\/wp-content\/uploads\/2023\/11\/viber_slika_2023-11-21_10-04-37-661-1024x768.jpg\" alt=\"\" class=\"wp-image-2679\" srcset=\"https:\/\/udruga-106br.hr\/wp-content\/uploads\/2023\/11\/viber_slika_2023-11-21_10-04-37-661-1024x768.jpg 1024w, https:\/\/udruga-106br.hr\/wp-content\/uploads\/2023\/11\/viber_slika_2023-11-21_10-04-37-661-300x225.jpg 300w, https:\/\/udruga-106br.hr\/wp-content\/uploads\/2023\/11\/viber_slika_2023-11-21_10-04-37-661-768x576.jpg 768w, https:\/\/udruga-106br.hr\/wp-content\/uploads\/2023\/11\/viber_slika_2023-11-21_10-04-37-661-1536x1152.jpg 1536w, https:\/\/udruga-106br.hr\/wp-content\/uploads\/2023\/11\/viber_slika_2023-11-21_10-04-37-661.jpg 1600w\" sizes=\"auto, (max-width: 1024px) 100vw, 1024px\" \/><\/figure>\n\n\n\n<figure class=\"wp-block-image size-large\"><img loading=\"lazy\" decoding=\"async\" width=\"1024\" height=\"768\" data-id=\"2675\" src=\"https:\/\/udruga-106br.hr\/wp-content\/uploads\/2023\/11\/viber_slika_2023-11-21_10-05-04-552-1024x768.jpg\" alt=\"\" class=\"wp-image-2675\" srcset=\"https:\/\/udruga-106br.hr\/wp-content\/uploads\/2023\/11\/viber_slika_2023-11-21_10-05-04-552-1024x768.jpg 1024w, https:\/\/udruga-106br.hr\/wp-content\/uploads\/2023\/11\/viber_slika_2023-11-21_10-05-04-552-300x225.jpg 300w, https:\/\/udruga-106br.hr\/wp-content\/uploads\/2023\/11\/viber_slika_2023-11-21_10-05-04-552-768x576.jpg 768w, https:\/\/udruga-106br.hr\/wp-content\/uploads\/2023\/11\/viber_slika_2023-11-21_10-05-04-552-1536x1152.jpg 1536w, https:\/\/udruga-106br.hr\/wp-content\/uploads\/2023\/11\/viber_slika_2023-11-21_10-05-04-552.jpg 1600w\" sizes=\"auto, (max-width: 1024px) 100vw, 1024px\" \/><\/figure>\n\n\n\n<figure class=\"wp-block-image size-large\"><img loading=\"lazy\" decoding=\"async\" width=\"1024\" height=\"768\" data-id=\"2676\" src=\"https:\/\/udruga-106br.hr\/wp-content\/uploads\/2023\/11\/viber_slika_2023-11-21_10-05-49-600-1024x768.jpg\" alt=\"\" class=\"wp-image-2676\" srcset=\"https:\/\/udruga-106br.hr\/wp-content\/uploads\/2023\/11\/viber_slika_2023-11-21_10-05-49-600-1024x768.jpg 1024w, https:\/\/udruga-106br.hr\/wp-content\/uploads\/2023\/11\/viber_slika_2023-11-21_10-05-49-600-300x225.jpg 300w, https:\/\/udruga-106br.hr\/wp-content\/uploads\/2023\/11\/viber_slika_2023-11-21_10-05-49-600-768x576.jpg 768w, https:\/\/udruga-106br.hr\/wp-content\/uploads\/2023\/11\/viber_slika_2023-11-21_10-05-49-600-1536x1152.jpg 1536w, https:\/\/udruga-106br.hr\/wp-content\/uploads\/2023\/11\/viber_slika_2023-11-21_10-05-49-600.jpg 1600w\" sizes=\"auto, (max-width: 1024px) 100vw, 1024px\" \/><\/figure>\n\n\n\n<figure class=\"wp-block-image size-large\"><img loading=\"lazy\" decoding=\"async\" width=\"768\" height=\"1024\" data-id=\"2681\" src=\"https:\/\/udruga-106br.hr\/wp-content\/uploads\/2023\/11\/viber_slika_2023-11-21_10-05-49-907-768x1024.jpg\" alt=\"\" class=\"wp-image-2681\" srcset=\"https:\/\/udruga-106br.hr\/wp-content\/uploads\/2023\/11\/viber_slika_2023-11-21_10-05-49-907-768x1024.jpg 768w, https:\/\/udruga-106br.hr\/wp-content\/uploads\/2023\/11\/viber_slika_2023-11-21_10-05-49-907-225x300.jpg 225w, https:\/\/udruga-106br.hr\/wp-content\/uploads\/2023\/11\/viber_slika_2023-11-21_10-05-49-907-1152x1536.jpg 1152w, https:\/\/udruga-106br.hr\/wp-content\/uploads\/2023\/11\/viber_slika_2023-11-21_10-05-49-907.jpg 1200w\" sizes=\"auto, (max-width: 768px) 100vw, 768px\" \/><\/figure>\n\n\n\n<figure class=\"wp-block-image size-large\"><img loading=\"lazy\" decoding=\"async\" width=\"1024\" height=\"768\" data-id=\"2680\" src=\"https:\/\/udruga-106br.hr\/wp-content\/uploads\/2023\/11\/viber_slika_2023-11-21_10-05-50-160-1024x768.jpg\" alt=\"\" class=\"wp-image-2680\" srcset=\"https:\/\/udruga-106br.hr\/wp-content\/uploads\/2023\/11\/viber_slika_2023-11-21_10-05-50-160-1024x768.jpg 1024w, https:\/\/udruga-106br.hr\/wp-content\/uploads\/2023\/11\/viber_slika_2023-11-21_10-05-50-160-300x225.jpg 300w, https:\/\/udruga-106br.hr\/wp-content\/uploads\/2023\/11\/viber_slika_2023-11-21_10-05-50-160-768x576.jpg 768w, https:\/\/udruga-106br.hr\/wp-content\/uploads\/2023\/11\/viber_slika_2023-11-21_10-05-50-160-1536x1152.jpg 1536w, https:\/\/udruga-106br.hr\/wp-content\/uploads\/2023\/11\/viber_slika_2023-11-21_10-05-50-160.jpg 1600w\" sizes=\"auto, (max-width: 1024px) 100vw, 1024px\" \/><\/figure>\n\n\n\n<figure class=\"wp-block-image size-large\"><img loading=\"lazy\" decoding=\"async\" width=\"1024\" height=\"768\" data-id=\"2678\" src=\"https:\/\/udruga-106br.hr\/wp-content\/uploads\/2023\/11\/viber_slika_2023-11-21_10-05-50-389-1024x768.jpg\" alt=\"\" class=\"wp-image-2678\" srcset=\"https:\/\/udruga-106br.hr\/wp-content\/uploads\/2023\/11\/viber_slika_2023-11-21_10-05-50-389-1024x768.jpg 1024w, https:\/\/udruga-106br.hr\/wp-content\/uploads\/2023\/11\/viber_slika_2023-11-21_10-05-50-389-300x225.jpg 300w, https:\/\/udruga-106br.hr\/wp-content\/uploads\/2023\/11\/viber_slika_2023-11-21_10-05-50-389-768x576.jpg 768w, https:\/\/udruga-106br.hr\/wp-content\/uploads\/2023\/11\/viber_slika_2023-11-21_10-05-50-389-1536x1152.jpg 1536w, https:\/\/udruga-106br.hr\/wp-content\/uploads\/2023\/11\/viber_slika_2023-11-21_10-05-50-389.jpg 1600w\" sizes=\"auto, (max-width: 1024px) 100vw, 1024px\" \/><\/figure>\n\n\n\n<figure class=\"wp-block-image size-large\"><img loading=\"lazy\" decoding=\"async\" width=\"768\" height=\"1024\" data-id=\"2677\" src=\"https:\/\/udruga-106br.hr\/wp-content\/uploads\/2023\/11\/viber_slika_2023-11-21_10-05-50-656-768x1024.jpg\" alt=\"\" class=\"wp-image-2677\" srcset=\"https:\/\/udruga-106br.hr\/wp-content\/uploads\/2023\/11\/viber_slika_2023-11-21_10-05-50-656-768x1024.jpg 768w, https:\/\/udruga-106br.hr\/wp-content\/uploads\/2023\/11\/viber_slika_2023-11-21_10-05-50-656-225x300.jpg 225w, https:\/\/udruga-106br.hr\/wp-content\/uploads\/2023\/11\/viber_slika_2023-11-21_10-05-50-656-1152x1536.jpg 1152w, https:\/\/udruga-106br.hr\/wp-content\/uploads\/2023\/11\/viber_slika_2023-11-21_10-05-50-656.jpg 1200w\" sizes=\"auto, (max-width: 768px) 100vw, 768px\" \/><\/figure>\n<\/figure>\n<!-- AddThis Advanced Settings generic via filter on the_content --><!-- AddThis Share Buttons generic via filter on the_content -->","protected":false},"excerpt":{"rendered":"<p>\u010clanovi udruge 106. brigade ZNG RH s ponosom su sudjelovali na sve\u010danom obilje\u017eavanju stradanja mje\u0161tana i hrvatskih branitelja u Ivanovcu, koje se odr\u017ealo dana 20.11.2023. godine. U skladu s dubokim po\u0161tovanjem prema \u017ertvama i njihovim obiteljima, \u010dlanovi Udruge zapalili su svije\u0107u ispred spomen-obilje\u017eja, odaju\u0107i po\u010dast onima koji su neizbrisivo ostavili svoj trag u povijesti na\u0161eg &hellip; <a href=\"https:\/\/udruga-106br.hr\/index.php\/20-11-2023-obiljezavanje-stradanja-mjestana-i-hrvatskih-branitelja-u-ivanovcu\/\" class=\"more-link\">Nastavi \u010ditati <span class=\"screen-reader-text\">20.11.2023. obilje\u017eavanje stradanja mje\u0161tana i hrvatskih branitelja u Ivanovcu<\/span><\/a><!-- AddThis Advanced Settings generic via filter on get_the_excerpt --><!-- AddThis Share Buttons generic via filter on get_the_excerpt --><\/p>\n","protected":false},"author":1,"featured_media":0,"comment_status":"closed","ping_status":"closed","sticky":false,"template":"","format":"standard","meta":{"footnotes":""},"categories":[32],"tags":[],"class_list":["post-2674","post","type-post","status-publish","format-standard","hentry","category-iz-zivota-udruge"],"_links":{"self":[{"href":"https:\/\/udruga-106br.hr\/index.php\/wp-json\/wp\/v2\/posts\/2674","targetHints":{"allow":["GET"]}}],"collection":[{"href":"https:\/\/udruga-106br.hr\/index.php\/wp-json\/wp\/v2\/posts"}],"about":[{"href":"https:\/\/udruga-106br.hr\/index.php\/wp-json\/wp\/v2\/types\/post"}],"author":[{"embeddable":true,"href":"https:\/\/udruga-106br.hr\/index.php\/wp-json\/wp\/v2\/users\/1"}],"replies":[{"embeddable":true,"href":"https:\/\/udruga-106br.hr\/index.php\/wp-json\/wp\/v2\/comments?post=2674"}],"version-history":[{"count":1,"href":"https:\/\/udruga-106br.hr\/index.php\/wp-json\/wp\/v2\/posts\/2674\/revisions"}],"predecessor-version":[{"id":2682,"href":"https:\/\/udruga-106br.hr\/index.php\/wp-json\/wp\/v2\/posts\/2674\/revisions\/2682"}],"wp:attachment":[{"href":"https:\/\/udruga-106br.hr\/index.php\/wp-json\/wp\/v2\/media?parent=2674"}],"wp:term":[{"taxonomy":"category","embeddable":true,"href":"https:\/\/udruga-106br.hr\/index.php\/wp-json\/wp\/v2\/categories?post=2674"},{"taxonomy":"post_tag","embeddable":true,"href":"https:\/\/udruga-106br.hr\/index.php\/wp-json\/wp\/v2\/tags?post=2674"}],"curies":[{"name":"wp","href":"https:\/\/api.w.org\/{rel}","templated":true}]}}