{"id":2683,"date":"2023-11-23T08:46:42","date_gmt":"2023-11-23T07:46:42","guid":{"rendered":"https:\/\/udruga-106br.hr\/?p=2683"},"modified":"2025-10-17T21:52:58","modified_gmt":"2025-10-17T19:52:58","slug":"24-25-11-2023-32-godisnjica-sjecanja-na-poginule-i-umrle-hrvatske-branitelje-i-civile-laslova-u-domovinskom-ratu","status":"publish","type":"post","link":"https:\/\/udruga-106br.hr\/index.php\/24-25-11-2023-32-godisnjica-sjecanja-na-poginule-i-umrle-hrvatske-branitelje-i-civile-laslova-u-domovinskom-ratu\/","title":{"rendered":"24.-25.11.2023. &#8211; 32. godi\u0161njica sje\u0107anja na poginule i umrle hrvatske branitelje i civile Laslova u Domovinskom ratu"},"content":{"rendered":"\n<p>S po\u010detkom ljeta 1991. godine, Laslovo je postalo simbol hrabrosti i otpora. Tijekom nevjerojatnih 152 dana, ovo maleno mjesto bilo je opkoljeno od strane Jugoslavenske narodne armije i srpskih paravojnih snaga, pretrpjev\u0161i neopisivu patnju. Nakon pada Vukovara, okupacija Laslova postala je jo\u0161 surovija, s ku\u0107ama u naselju gotovo do temelja poru\u0161enima.<\/p>\n\n\n\n<p>Opsada Laslova odnijela je 48 \u017eivota, dok za njih 18 jo\u0161 uvijek nema saznanja. Spomen plo\u010da u centru sela postala je svjetionik sje\u0107anja, gdje mje\u0161tani i svi oni koji suosje\u0107aju s obiteljima stradalih dolaze odati po\u010dast hrabrim du\u0161ama. &#x1f54a;&#xfe0f;<\/p>\n\n\n\n<p>Danas i sutra, zajedno se prisje\u0107amo tih te\u0161kih dana u okviru organiziranog dvodnevnog doga\u0111anja posve\u0107enog \u017ertvama Laslova.<br>Pridru\u017eite se ovoj sve\u010danoj prigodi, kako bismo zajedno \u010duvali sje\u0107anje na one koji su dali svoje \u017eivote za slobodu i dostojanstvo. &#x1f64f;&#x1f54a;&#xfe0f;<br>Detalje o organiziranim doga\u0111ajima prona\u0111ite u prilo\u017eenoj pozivnici.<\/p>\n\n\n\n<figure class=\"wp-block-image size-full\"><img loading=\"lazy\" decoding=\"async\" width=\"680\" height=\"894\" src=\"https:\/\/udruga-106br.hr\/wp-content\/uploads\/2023\/11\/Laslovo.jpg\" alt=\"\" class=\"wp-image-2686\" srcset=\"https:\/\/udruga-106br.hr\/wp-content\/uploads\/2023\/11\/Laslovo.jpg 680w, https:\/\/udruga-106br.hr\/wp-content\/uploads\/2023\/11\/Laslovo-228x300.jpg 228w\" sizes=\"auto, (max-width: 680px) 100vw, 680px\" \/><\/figure>\n<!-- AddThis Advanced Settings generic via filter on the_content --><!-- AddThis Share Buttons generic via filter on the_content -->","protected":false},"excerpt":{"rendered":"<p>S po\u010detkom ljeta 1991. godine, Laslovo je postalo simbol hrabrosti i otpora. Tijekom nevjerojatnih 152 dana, ovo maleno mjesto bilo je opkoljeno od strane Jugoslavenske narodne armije i srpskih paravojnih snaga, pretrpjev\u0161i neopisivu patnju. Nakon pada Vukovara, okupacija Laslova postala je jo\u0161 surovija, s ku\u0107ama u naselju gotovo do temelja poru\u0161enima. Opsada Laslova odnijela je &hellip; <a href=\"https:\/\/udruga-106br.hr\/index.php\/24-25-11-2023-32-godisnjica-sjecanja-na-poginule-i-umrle-hrvatske-branitelje-i-civile-laslova-u-domovinskom-ratu\/\" class=\"more-link\">Nastavi \u010ditati <span class=\"screen-reader-text\">24.-25.11.2023. &#8211; 32. godi\u0161njica sje\u0107anja na poginule i umrle hrvatske branitelje i civile Laslova u Domovinskom ratu<\/span><\/a><!-- AddThis Advanced Settings generic via filter on get_the_excerpt --><!-- AddThis Share Buttons generic via filter on get_the_excerpt --><\/p>\n","protected":false},"author":1,"featured_media":0,"comment_status":"closed","ping_status":"closed","sticky":false,"template":"","format":"standard","meta":{"footnotes":""},"categories":[32],"tags":[],"class_list":["post-2683","post","type-post","status-publish","format-standard","hentry","category-iz-zivota-udruge"],"_links":{"self":[{"href":"https:\/\/udruga-106br.hr\/index.php\/wp-json\/wp\/v2\/posts\/2683","targetHints":{"allow":["GET"]}}],"collection":[{"href":"https:\/\/udruga-106br.hr\/index.php\/wp-json\/wp\/v2\/posts"}],"about":[{"href":"https:\/\/udruga-106br.hr\/index.php\/wp-json\/wp\/v2\/types\/post"}],"author":[{"embeddable":true,"href":"https:\/\/udruga-106br.hr\/index.php\/wp-json\/wp\/v2\/users\/1"}],"replies":[{"embeddable":true,"href":"https:\/\/udruga-106br.hr\/index.php\/wp-json\/wp\/v2\/comments?post=2683"}],"version-history":[{"count":2,"href":"https:\/\/udruga-106br.hr\/index.php\/wp-json\/wp\/v2\/posts\/2683\/revisions"}],"predecessor-version":[{"id":2687,"href":"https:\/\/udruga-106br.hr\/index.php\/wp-json\/wp\/v2\/posts\/2683\/revisions\/2687"}],"wp:attachment":[{"href":"https:\/\/udruga-106br.hr\/index.php\/wp-json\/wp\/v2\/media?parent=2683"}],"wp:term":[{"taxonomy":"category","embeddable":true,"href":"https:\/\/udruga-106br.hr\/index.php\/wp-json\/wp\/v2\/categories?post=2683"},{"taxonomy":"post_tag","embeddable":true,"href":"https:\/\/udruga-106br.hr\/index.php\/wp-json\/wp\/v2\/tags?post=2683"}],"curies":[{"name":"wp","href":"https:\/\/api.w.org\/{rel}","templated":true}]}}