{"id":2874,"date":"2024-02-19T10:48:42","date_gmt":"2024-02-19T09:48:42","guid":{"rendered":"https:\/\/udruga-106br.hr\/?p=2874"},"modified":"2025-10-17T21:52:42","modified_gmt":"2025-10-17T19:52:42","slug":"promocija-nove-knjige-hrvatskog-generala-kresimira-cosica-izmedu-proslosti-i-buducnosti-21-2-2024-srijeda-u-18-00-sati-u-velikoj-vijecnici-skupstine-obz-a","status":"publish","type":"post","link":"https:\/\/udruga-106br.hr\/index.php\/promocija-nove-knjige-hrvatskog-generala-kresimira-cosica-izmedu-proslosti-i-buducnosti-21-2-2024-srijeda-u-18-00-sati-u-velikoj-vijecnici-skupstine-obz-a\/","title":{"rendered":"Promocija nove knjige hrvatskog generala Kre\u0161imira \u0106osi\u0107a \u201eIzme\u0111u pro\u0161losti i budu\u0107nosti\u201c &#8211;\u00a021.2.2024. (srijeda) u 18.00 sati\u00a0u Velikoj vije\u0107nici Skup\u0161tine OB\u017d-a"},"content":{"rendered":"\n<p>Po\u0161tovani \u010dlanovi udruge, prijatelji i pratitelji,<\/p>\n\n\n\n<p>S ponosom vas pozivamo na sve\u010danu promociju nove knjige hrvatskog generala Kre\u0161imira \u0106osi\u0107a, pod nazivom &#8220;Izme\u0111u pro\u0161losti i budu\u0107nosti&#8221;, koju organiziraju Osje\u010dko-baranjska \u017eupanija i obna\u0161atelj du\u017enosti \u017eupana, gospodin Mato Luki\u0107.<\/p>\n\n\n\n<p>Ova iznimna sve\u010danost odr\u017eat \u0107e se u srijedu, 21. velja\u010de, s po\u010detkom u 18:00 sati, u Velikoj vije\u0107nici Skup\u0161tine Osje\u010dko-baranjske \u017eupanije, smje\u0161tenoj na adresi \u017dupanijska 4, Osijek.<\/p>\n\n\n\n<p>Na promociji \u0107e uz autora, generala Kre\u0161imira \u0106osi\u0107a, prisustvovati cijenjeni promotori: gospodin Vladimir \u0160eks, profesor dr. sc. Miljenko Brekalo te profesor Miro Jakovljevi\u0107. O\u010dekujemo zanimljive rasprave i uvid u vrijednost ove knjige koja obuhva\u0107a va\u017ene teme izme\u0111u pro\u0161losti i budu\u0107nosti.<\/p>\n\n\n\n<p>Va\u0161a prisutnost uveli\u010dat \u0107e ovaj doga\u0111aj, stoga vas srda\u010dno pozivamo da se pridru\u017eite ovoj sve\u010danosti i podijelite sa svima nama ovo va\u017eno kulturno iskustvo.<\/p>\n\n\n\n<figure class=\"wp-block-image size-large\"><img loading=\"lazy\" decoding=\"async\" width=\"1024\" height=\"488\" src=\"https:\/\/udruga-106br.hr\/wp-content\/uploads\/2024\/02\/POZIVNICA-PROMOCIJA-KNJIGE-GENERALA-KRESIMIRA-COSICA-1024x488.jpg\" alt=\"\" class=\"wp-image-2875\" srcset=\"https:\/\/udruga-106br.hr\/wp-content\/uploads\/2024\/02\/POZIVNICA-PROMOCIJA-KNJIGE-GENERALA-KRESIMIRA-COSICA-1024x488.jpg 1024w, https:\/\/udruga-106br.hr\/wp-content\/uploads\/2024\/02\/POZIVNICA-PROMOCIJA-KNJIGE-GENERALA-KRESIMIRA-COSICA-300x143.jpg 300w, https:\/\/udruga-106br.hr\/wp-content\/uploads\/2024\/02\/POZIVNICA-PROMOCIJA-KNJIGE-GENERALA-KRESIMIRA-COSICA-768x366.jpg 768w, https:\/\/udruga-106br.hr\/wp-content\/uploads\/2024\/02\/POZIVNICA-PROMOCIJA-KNJIGE-GENERALA-KRESIMIRA-COSICA-1536x732.jpg 1536w, https:\/\/udruga-106br.hr\/wp-content\/uploads\/2024\/02\/POZIVNICA-PROMOCIJA-KNJIGE-GENERALA-KRESIMIRA-COSICA-2048x975.jpg 2048w\" sizes=\"auto, (max-width: 1024px) 100vw, 1024px\" \/><\/figure>\n<!-- AddThis Advanced Settings generic via filter on the_content --><!-- AddThis Share Buttons generic via filter on the_content -->","protected":false},"excerpt":{"rendered":"<p>Po\u0161tovani \u010dlanovi udruge, prijatelji i pratitelji, S ponosom vas pozivamo na sve\u010danu promociju nove knjige hrvatskog generala Kre\u0161imira \u0106osi\u0107a, pod nazivom &#8220;Izme\u0111u pro\u0161losti i budu\u0107nosti&#8221;, koju organiziraju Osje\u010dko-baranjska \u017eupanija i obna\u0161atelj du\u017enosti \u017eupana, gospodin Mato Luki\u0107. Ova iznimna sve\u010danost odr\u017eat \u0107e se u srijedu, 21. velja\u010de, s po\u010detkom u 18:00 sati, u Velikoj vije\u0107nici Skup\u0161tine &hellip; <a href=\"https:\/\/udruga-106br.hr\/index.php\/promocija-nove-knjige-hrvatskog-generala-kresimira-cosica-izmedu-proslosti-i-buducnosti-21-2-2024-srijeda-u-18-00-sati-u-velikoj-vijecnici-skupstine-obz-a\/\" class=\"more-link\">Nastavi \u010ditati <span class=\"screen-reader-text\">Promocija nove knjige hrvatskog generala Kre\u0161imira \u0106osi\u0107a \u201eIzme\u0111u pro\u0161losti i budu\u0107nosti\u201c &#8211;\u00a021.2.2024. (srijeda) u 18.00 sati\u00a0u Velikoj vije\u0107nici Skup\u0161tine OB\u017d-a<\/span><\/a><!-- AddThis Advanced Settings generic via filter on get_the_excerpt --><!-- AddThis Share Buttons generic via filter on get_the_excerpt --><\/p>\n","protected":false},"author":1,"featured_media":0,"comment_status":"closed","ping_status":"closed","sticky":false,"template":"","format":"standard","meta":{"footnotes":""},"categories":[32],"tags":[],"class_list":["post-2874","post","type-post","status-publish","format-standard","hentry","category-iz-zivota-udruge"],"_links":{"self":[{"href":"https:\/\/udruga-106br.hr\/index.php\/wp-json\/wp\/v2\/posts\/2874","targetHints":{"allow":["GET"]}}],"collection":[{"href":"https:\/\/udruga-106br.hr\/index.php\/wp-json\/wp\/v2\/posts"}],"about":[{"href":"https:\/\/udruga-106br.hr\/index.php\/wp-json\/wp\/v2\/types\/post"}],"author":[{"embeddable":true,"href":"https:\/\/udruga-106br.hr\/index.php\/wp-json\/wp\/v2\/users\/1"}],"replies":[{"embeddable":true,"href":"https:\/\/udruga-106br.hr\/index.php\/wp-json\/wp\/v2\/comments?post=2874"}],"version-history":[{"count":1,"href":"https:\/\/udruga-106br.hr\/index.php\/wp-json\/wp\/v2\/posts\/2874\/revisions"}],"predecessor-version":[{"id":2876,"href":"https:\/\/udruga-106br.hr\/index.php\/wp-json\/wp\/v2\/posts\/2874\/revisions\/2876"}],"wp:attachment":[{"href":"https:\/\/udruga-106br.hr\/index.php\/wp-json\/wp\/v2\/media?parent=2874"}],"wp:term":[{"taxonomy":"category","embeddable":true,"href":"https:\/\/udruga-106br.hr\/index.php\/wp-json\/wp\/v2\/categories?post=2874"},{"taxonomy":"post_tag","embeddable":true,"href":"https:\/\/udruga-106br.hr\/index.php\/wp-json\/wp\/v2\/tags?post=2874"}],"curies":[{"name":"wp","href":"https:\/\/api.w.org\/{rel}","templated":true}]}}