{"id":2877,"date":"2024-02-27T11:24:06","date_gmt":"2024-02-27T10:24:06","guid":{"rendered":"https:\/\/udruga-106br.hr\/?p=2877"},"modified":"2025-11-24T12:26:24","modified_gmt":"2025-11-24T11:26:24","slug":"pjesma-ivana-tabaka-takav-je-zivot-vojnika","status":"publish","type":"post","link":"https:\/\/udruga-106br.hr\/index.php\/pjesma-ivana-tabaka-takav-je-zivot-vojnika\/","title":{"rendered":"Pjesma Ivana Tabaka &#8211; Takav je \u017eivot vojnika"},"content":{"rendered":"\n<p class=\"has-text-align-right\">Posve\u0107eno uspomeni na Iliju Dubravca<\/p>\n\n\n\n<p><strong><em>Takav je \u017eivot vojnika<\/em><\/strong><\/p>\n\n\n\n<p>Metak koji je ispaljen s one druge strane<br>Ilija nije \u010duo,<br>ni osjetio.<br>To je, zasigurno, najgori dan u njegovu \u017eivotu.<br>Takav je \u017eivot vojnika.<\/p>\n\n\n\n<p>Nije \u010duo ni pla\u010d djece, \u017eene,<br>ni sina koji je bio na putu\u2026<br>Le\u017eao je upokojen u svom sanduku prekriven zastavom.<br>Takav je \u017eivot vojnika.<\/p>\n\n\n\n<p>Sad je na putu gdje nema vi\u0161e sjena vojnika u mar\u0161u.<br>Ni straha ho\u0107e li pre\u017eivjeti dan u komadu.<br>Sad je njegovo ime na popisu pokojnih.<br>Takav je \u017eivot vojnika.<\/p>\n\n\n\n<p>&nbsp;&nbsp;&nbsp;&nbsp;&nbsp;&nbsp;&nbsp;&nbsp;&nbsp;&nbsp;&nbsp;&nbsp;&nbsp;&nbsp;&nbsp;&nbsp;&nbsp;&nbsp;&nbsp;&nbsp;&nbsp;&nbsp;&nbsp;&nbsp;&nbsp;&nbsp;&nbsp;&nbsp;&nbsp;&nbsp;&nbsp;&nbsp;&nbsp;&nbsp;&nbsp;&nbsp;&nbsp;&nbsp;&nbsp;&nbsp;&nbsp;&nbsp;&nbsp;&nbsp;&nbsp;&nbsp;&nbsp;&nbsp;&nbsp;&nbsp;&nbsp;&nbsp;&nbsp;&nbsp;&nbsp;&nbsp;&nbsp;&nbsp;&nbsp;&nbsp;&nbsp;&nbsp;&nbsp;&nbsp;&nbsp;&nbsp;&nbsp;&nbsp;&nbsp;&nbsp;&nbsp;&nbsp;&nbsp;&nbsp;&nbsp;&nbsp;&nbsp;&nbsp;&nbsp;&nbsp;&nbsp;&nbsp;&nbsp;&nbsp;&nbsp;&nbsp;&nbsp;&nbsp;&nbsp;&nbsp;&nbsp;&nbsp;&nbsp;&nbsp;&nbsp;&nbsp;&nbsp;&nbsp;&nbsp;&nbsp;&nbsp;&nbsp;&nbsp;&nbsp;&nbsp;&nbsp;&nbsp;&nbsp;&nbsp;&nbsp;&nbsp;&nbsp;&nbsp;&nbsp;&nbsp;&nbsp;&nbsp;&nbsp;&nbsp;&nbsp;&nbsp;&nbsp;&nbsp;&nbsp;&nbsp;&nbsp;&nbsp;&nbsp;&nbsp;&nbsp;&nbsp;&nbsp; Ivan Tabak<\/p>\n\n\n\n<p><\/p>\n<!-- AddThis Advanced Settings generic via filter on the_content --><!-- AddThis Share Buttons generic via filter on the_content -->","protected":false},"excerpt":{"rendered":"<p>Posve\u0107eno uspomeni na Iliju Dubravca Takav je \u017eivot vojnika Metak koji je ispaljen s one druge straneIlija nije \u010duo,ni osjetio.To je, zasigurno, najgori dan u njegovu \u017eivotu.Takav je \u017eivot vojnika. Nije \u010duo ni pla\u010d djece, \u017eene,ni sina koji je bio na putu\u2026Le\u017eao je upokojen u svom sanduku prekriven zastavom.Takav je \u017eivot vojnika. Sad je na &hellip; <a href=\"https:\/\/udruga-106br.hr\/index.php\/pjesma-ivana-tabaka-takav-je-zivot-vojnika\/\" class=\"more-link\">Nastavi \u010ditati <span class=\"screen-reader-text\">Pjesma Ivana Tabaka &#8211; Takav je \u017eivot vojnika<\/span><\/a><!-- AddThis Advanced Settings generic via filter on get_the_excerpt --><!-- AddThis Share Buttons generic via filter on get_the_excerpt --><\/p>\n","protected":false},"author":1,"featured_media":0,"comment_status":"closed","ping_status":"closed","sticky":false,"template":"","format":"standard","meta":{"footnotes":""},"categories":[32],"tags":[],"class_list":["post-2877","post","type-post","status-publish","format-standard","hentry","category-iz-zivota-udruge"],"_links":{"self":[{"href":"https:\/\/udruga-106br.hr\/index.php\/wp-json\/wp\/v2\/posts\/2877","targetHints":{"allow":["GET"]}}],"collection":[{"href":"https:\/\/udruga-106br.hr\/index.php\/wp-json\/wp\/v2\/posts"}],"about":[{"href":"https:\/\/udruga-106br.hr\/index.php\/wp-json\/wp\/v2\/types\/post"}],"author":[{"embeddable":true,"href":"https:\/\/udruga-106br.hr\/index.php\/wp-json\/wp\/v2\/users\/1"}],"replies":[{"embeddable":true,"href":"https:\/\/udruga-106br.hr\/index.php\/wp-json\/wp\/v2\/comments?post=2877"}],"version-history":[{"count":2,"href":"https:\/\/udruga-106br.hr\/index.php\/wp-json\/wp\/v2\/posts\/2877\/revisions"}],"predecessor-version":[{"id":6514,"href":"https:\/\/udruga-106br.hr\/index.php\/wp-json\/wp\/v2\/posts\/2877\/revisions\/6514"}],"wp:attachment":[{"href":"https:\/\/udruga-106br.hr\/index.php\/wp-json\/wp\/v2\/media?parent=2877"}],"wp:term":[{"taxonomy":"category","embeddable":true,"href":"https:\/\/udruga-106br.hr\/index.php\/wp-json\/wp\/v2\/categories?post=2877"},{"taxonomy":"post_tag","embeddable":true,"href":"https:\/\/udruga-106br.hr\/index.php\/wp-json\/wp\/v2\/tags?post=2877"}],"curies":[{"name":"wp","href":"https:\/\/api.w.org\/{rel}","templated":true}]}}