{"id":2885,"date":"2024-03-11T13:22:41","date_gmt":"2024-03-11T12:22:41","guid":{"rendered":"https:\/\/udruga-106br.hr\/?p=2885"},"modified":"2025-10-17T21:52:42","modified_gmt":"2025-10-17T19:52:42","slug":"16-3-2024-svecano-obiljezavanje-revolucije-1848","status":"publish","type":"post","link":"https:\/\/udruga-106br.hr\/index.php\/16-3-2024-svecano-obiljezavanje-revolucije-1848\/","title":{"rendered":"Pozivnica za 16.3.2024. &#8211; sve\u010dano obilje\u017eavanje revolucije 1848."},"content":{"rendered":"\n<p>Povodom obljetnice revolucije i borbe za slobodu 1848.-1849. pozvani smo na sve\u010dano obilje\u017eavanje revolucije 1848. koja se odr\u017eava dana 16.3.2024. godine.<\/p>\n\n\n\n<p>Sve\u010dano obilje\u017eavanje zapo\u010dinje polaganjem vijenaca i odavanjem po\u010dasti kod spomen plo\u010de, a u nastavku slijedi kulturni program i domjenak u prostorijama Ma\u0111arskog kulturnog centra.<\/p>\n\n\n\n<p>Pozivnica u privitku.<\/p>\n\n\n\n<figure class=\"wp-block-image size-large\"><img loading=\"lazy\" decoding=\"async\" width=\"1024\" height=\"724\" src=\"https:\/\/udruga-106br.hr\/wp-content\/uploads\/2024\/03\/Pozivnica-15.3_page-0001-1024x724.jpg\" alt=\"\" class=\"wp-image-2886\" srcset=\"https:\/\/udruga-106br.hr\/wp-content\/uploads\/2024\/03\/Pozivnica-15.3_page-0001-1024x724.jpg 1024w, https:\/\/udruga-106br.hr\/wp-content\/uploads\/2024\/03\/Pozivnica-15.3_page-0001-300x212.jpg 300w, https:\/\/udruga-106br.hr\/wp-content\/uploads\/2024\/03\/Pozivnica-15.3_page-0001-768x543.jpg 768w, https:\/\/udruga-106br.hr\/wp-content\/uploads\/2024\/03\/Pozivnica-15.3_page-0001-1536x1086.jpg 1536w, https:\/\/udruga-106br.hr\/wp-content\/uploads\/2024\/03\/Pozivnica-15.3_page-0001.jpg 1755w\" sizes=\"auto, (max-width: 1024px) 100vw, 1024px\" \/><\/figure>\n<!-- AddThis Advanced Settings generic via filter on the_content --><!-- AddThis Share Buttons generic via filter on the_content -->","protected":false},"excerpt":{"rendered":"<p>Povodom obljetnice revolucije i borbe za slobodu 1848.-1849. pozvani smo na sve\u010dano obilje\u017eavanje revolucije 1848. koja se odr\u017eava dana 16.3.2024. godine. Sve\u010dano obilje\u017eavanje zapo\u010dinje polaganjem vijenaca i odavanjem po\u010dasti kod spomen plo\u010de, a u nastavku slijedi kulturni program i domjenak u prostorijama Ma\u0111arskog kulturnog centra. Pozivnica u privitku.<!-- AddThis Advanced Settings generic via filter on get_the_excerpt --><!-- AddThis Share Buttons generic via filter on get_the_excerpt --><\/p>\n","protected":false},"author":1,"featured_media":0,"comment_status":"closed","ping_status":"closed","sticky":false,"template":"","format":"standard","meta":{"footnotes":""},"categories":[32],"tags":[],"class_list":["post-2885","post","type-post","status-publish","format-standard","hentry","category-iz-zivota-udruge"],"_links":{"self":[{"href":"https:\/\/udruga-106br.hr\/index.php\/wp-json\/wp\/v2\/posts\/2885","targetHints":{"allow":["GET"]}}],"collection":[{"href":"https:\/\/udruga-106br.hr\/index.php\/wp-json\/wp\/v2\/posts"}],"about":[{"href":"https:\/\/udruga-106br.hr\/index.php\/wp-json\/wp\/v2\/types\/post"}],"author":[{"embeddable":true,"href":"https:\/\/udruga-106br.hr\/index.php\/wp-json\/wp\/v2\/users\/1"}],"replies":[{"embeddable":true,"href":"https:\/\/udruga-106br.hr\/index.php\/wp-json\/wp\/v2\/comments?post=2885"}],"version-history":[{"count":2,"href":"https:\/\/udruga-106br.hr\/index.php\/wp-json\/wp\/v2\/posts\/2885\/revisions"}],"predecessor-version":[{"id":2902,"href":"https:\/\/udruga-106br.hr\/index.php\/wp-json\/wp\/v2\/posts\/2885\/revisions\/2902"}],"wp:attachment":[{"href":"https:\/\/udruga-106br.hr\/index.php\/wp-json\/wp\/v2\/media?parent=2885"}],"wp:term":[{"taxonomy":"category","embeddable":true,"href":"https:\/\/udruga-106br.hr\/index.php\/wp-json\/wp\/v2\/categories?post=2885"},{"taxonomy":"post_tag","embeddable":true,"href":"https:\/\/udruga-106br.hr\/index.php\/wp-json\/wp\/v2\/tags?post=2885"}],"curies":[{"name":"wp","href":"https:\/\/api.w.org\/{rel}","templated":true}]}}