{"id":2888,"date":"2024-03-12T12:06:42","date_gmt":"2024-03-12T11:06:42","guid":{"rendered":"https:\/\/udruga-106br.hr\/?p=2888"},"modified":"2025-10-17T21:52:42","modified_gmt":"2025-10-17T19:52:42","slug":"4-3-7-3-2024-posjet-udruzi-veterana-ovk-mitrovica","status":"publish","type":"post","link":"https:\/\/udruga-106br.hr\/index.php\/4-3-7-3-2024-posjet-udruzi-veterana-ovk-mitrovica\/","title":{"rendered":"4.3.-7.3.2024. posjet Udruzi veterana OVK Mitrovica"},"content":{"rendered":"\n<p>Zahvaljuju\u0107i na\u0161em \u010dlanu Predsjedni\u0161tva Zahiti Ganiju, a koji je i predsjednik Udruge branitelja Albanaca OB\u017d u Osijeku uspostavili smo kontakt s Udrugom veterana OVK Mitrovica i njihovim predsjednikom Rafetom Ibishiem. Dogovorena je posjeta njihovoj Udruzi 4.3. &#8211; 7.3.2024. godine. Termin se poklapao s obilje\u017eavanjem 26. godi\u0161njice Dana vatre od 5.-7. o\u017eujka na spomen obilje\u017eju u Prekazu.<\/p>\n\n\n\n<p>U jutarnjim satima 4.3. krenuo je tim iz Osijeka predvo\u0111en Tomom Ka\u010dinarijem, predsjednikom Zajednice udruga hrvatskih dragovoljaca DR. iz Zagreba, Antunom Bla\u017eevi\u0107em predsjednikom KUBIS-a OB\u017d, te Gani Zahiti, Kadrija Zahiti, \u0110uro Bali\u0107, Branko Vadlja i Dubravko Panci\u0107 iz Udruge veterana 106. brigade. Po dolasku u Mitrovicu do\u010dekao nas je g. Rafet Ibishi sa suradnicima koji nam je uz ve\u010deru iznio program posjeta. U njegovom timu bio je i dr. \u0160pend Be\u0107iri \u010diji otac je ubijen i po kome se zove glavna bolnica u Pri\u0161tini.<\/p>\n\n\n\n<p>Utorak, 5.3. posjetili smo spomen park Ko\u0161are, mjesto i karaula na albanskoj granici za koje se vodila 2-mjese\u010dna bitka i gdje je u borbi za karaulu poginulo 118 boraca OVK. Tu nas je sa\u010dekao Zenal Krasni\u0107i i Ali Hoti koji su nas upoznali sa zna\u010dajem i doga\u0111ajima bitke za Ko\u0161are. Nakon obilaska Spomen parka Ko\u0161are preko \u0110akovice i Orehovca obi\u0161li smo i jedan od najstarijih gradova na Kosovu, Prizren grad prijatelj s gradom Osijekom, te se preko Pri\u0161tine vratili u Mitrovicu.<\/p>\n\n\n\n<p>U srijedu 6.3. u 10 sati sa svojim doma\u0107inom Rafetom Be\u0107irijem do\u0161li smo na spomen podru\u010dje za poginule borce OVK. Do\u010dekao nas je gradona\u010delnik Mitrovice dr. Bedri Hamza sa suradnicima iz poglavarstva s kojim smo polo\u017eili cvije\u0107e i zapalili svije\u0107e. Nakon toga obi\u0161li smo i Prekaz u op\u0107ini Skenderaj mjesto pokolja 63 \u010dlana obitelji Ja\u0161ari od kojih je 18 \u017eena i 10 djece. U ovom masakru ubijen je Adem Ja\u0161ari koji je od 1981. godine djelovao po Kosovu. Cijela \u201eakcija\u201c trajala je 3 dana 5.-7. o\u017eujka 1998. godine. Na grob Adema Ja\u0161arija polo\u017eili smo cvije\u0107e sa zapovjednikom OVK generalom Sylejman Selimi zvani Sultan, u pratnji generala Jetoval Geci i \u0110evaja Hergecija predsjednika Udruge veterana OVK. Prire\u0111en je sve\u010dani ru\u010dak te potpisana Povelja o suradnji s Udrugom veterana OVK Mitrovica.<\/p>\n\n\n\n<p>Skupu je osim veterana OVK, zapovjednika bojni, specijalnih postrojbi i policije nazo\u010dio i dogradona\u010delnik Mitrovice. Gradona\u010delnik se zbog protokolarnih obveza ispri\u010dao. U razgovoru s veteranima i gradskim \u010delnicima zahvalili smo se na doista impresivnom do\u010deku i pokazanom gostoprimstvu te smo ih pozvali na obilje\u017eavanje Dana branitelja, Dana dragovoljaca OB\u017d i Dana 106. brigade 28. lipnja ove godine, \u0161to su oni prihvatili.<\/p>\n\n\n\n<p>Nakon potpisivanja Povelje posjetili smo Pri\u0161tinu gdje nas je sa\u010dekao te smo se upoznali s \u010dlanom parlamenta Kosova, biv\u0161im ministrom prometa i infrastrukture g. Pal Lekaj. Nakon ugodnog polusatnog razgovora oti\u0161li smo na misu u katedralu Majke Tereze. Nakon mise primio nas je don Agim \u0106erkini.<\/p>\n\n\n\n<p>U \u010detvrtak (7.3.) posjetili smo rodno selo obitelji Zahiti gdje su njihovom djedu podigli bistu zbog zasluga u ratu. Ispred spomenika smo zapalili svije\u0107e. Povratak u Osijek bio je ve\u010dernjim satima. <strong>&nbsp;<\/strong><\/p>\n\n\n\n<figure class=\"wp-block-gallery has-nested-images columns-default is-cropped wp-block-gallery-1 is-layout-flex wp-block-gallery-is-layout-flex\">\n<figure class=\"wp-block-image size-large\"><img loading=\"lazy\" decoding=\"async\" width=\"1024\" height=\"683\" data-id=\"2889\" src=\"https:\/\/udruga-106br.hr\/wp-content\/uploads\/2024\/03\/MG_7764-1024x683.jpg\" alt=\"\" class=\"wp-image-2889\" srcset=\"https:\/\/udruga-106br.hr\/wp-content\/uploads\/2024\/03\/MG_7764-1024x683.jpg 1024w, https:\/\/udruga-106br.hr\/wp-content\/uploads\/2024\/03\/MG_7764-300x200.jpg 300w, https:\/\/udruga-106br.hr\/wp-content\/uploads\/2024\/03\/MG_7764-768x512.jpg 768w, https:\/\/udruga-106br.hr\/wp-content\/uploads\/2024\/03\/MG_7764-1536x1024.jpg 1536w, https:\/\/udruga-106br.hr\/wp-content\/uploads\/2024\/03\/MG_7764-2048x1365.jpg 2048w\" sizes=\"auto, (max-width: 1024px) 100vw, 1024px\" \/><\/figure>\n\n\n\n<figure class=\"wp-block-image\"><img decoding=\"async\" src=\"blob:https:\/\/udruga-106br.hr\/f56af32e-fcbd-4ffe-ac72-74d1ae110bfc\" alt=\"\"\/><\/figure>\n\n\n\n<figure class=\"wp-block-image\"><img decoding=\"async\" src=\"blob:https:\/\/udruga-106br.hr\/ab2de524-ed40-4ae8-b46b-e6cdb14f9a63\" alt=\"\"\/><\/figure>\n<\/figure>\n<!-- AddThis Advanced Settings generic via filter on the_content --><!-- AddThis Share Buttons generic via filter on the_content -->","protected":false},"excerpt":{"rendered":"<p>Zahvaljuju\u0107i na\u0161em \u010dlanu Predsjedni\u0161tva Zahiti Ganiju, a koji je i predsjednik Udruge branitelja Albanaca OB\u017d u Osijeku uspostavili smo kontakt s Udrugom veterana OVK Mitrovica i njihovim predsjednikom Rafetom Ibishiem. Dogovorena je posjeta njihovoj Udruzi 4.3. &#8211; 7.3.2024. godine. Termin se poklapao s obilje\u017eavanjem 26. godi\u0161njice Dana vatre od 5.-7. o\u017eujka na spomen obilje\u017eju u &hellip; <a href=\"https:\/\/udruga-106br.hr\/index.php\/4-3-7-3-2024-posjet-udruzi-veterana-ovk-mitrovica\/\" class=\"more-link\">Nastavi \u010ditati <span class=\"screen-reader-text\">4.3.-7.3.2024. posjet Udruzi veterana OVK Mitrovica<\/span><\/a><!-- AddThis Advanced Settings generic via filter on get_the_excerpt --><!-- AddThis Share Buttons generic via filter on get_the_excerpt --><\/p>\n","protected":false},"author":1,"featured_media":0,"comment_status":"closed","ping_status":"closed","sticky":false,"template":"","format":"standard","meta":{"footnotes":""},"categories":[32],"tags":[],"class_list":["post-2888","post","type-post","status-publish","format-standard","hentry","category-iz-zivota-udruge"],"_links":{"self":[{"href":"https:\/\/udruga-106br.hr\/index.php\/wp-json\/wp\/v2\/posts\/2888","targetHints":{"allow":["GET"]}}],"collection":[{"href":"https:\/\/udruga-106br.hr\/index.php\/wp-json\/wp\/v2\/posts"}],"about":[{"href":"https:\/\/udruga-106br.hr\/index.php\/wp-json\/wp\/v2\/types\/post"}],"author":[{"embeddable":true,"href":"https:\/\/udruga-106br.hr\/index.php\/wp-json\/wp\/v2\/users\/1"}],"replies":[{"embeddable":true,"href":"https:\/\/udruga-106br.hr\/index.php\/wp-json\/wp\/v2\/comments?post=2888"}],"version-history":[{"count":2,"href":"https:\/\/udruga-106br.hr\/index.php\/wp-json\/wp\/v2\/posts\/2888\/revisions"}],"predecessor-version":[{"id":2893,"href":"https:\/\/udruga-106br.hr\/index.php\/wp-json\/wp\/v2\/posts\/2888\/revisions\/2893"}],"wp:attachment":[{"href":"https:\/\/udruga-106br.hr\/index.php\/wp-json\/wp\/v2\/media?parent=2888"}],"wp:term":[{"taxonomy":"category","embeddable":true,"href":"https:\/\/udruga-106br.hr\/index.php\/wp-json\/wp\/v2\/categories?post=2888"},{"taxonomy":"post_tag","embeddable":true,"href":"https:\/\/udruga-106br.hr\/index.php\/wp-json\/wp\/v2\/tags?post=2888"}],"curies":[{"name":"wp","href":"https:\/\/api.w.org\/{rel}","templated":true}]}}