{"id":2894,"date":"2024-03-13T23:24:32","date_gmt":"2024-03-13T22:24:32","guid":{"rendered":"https:\/\/udruga-106br.hr\/?p=2894"},"modified":"2025-10-17T21:52:42","modified_gmt":"2025-10-17T19:52:42","slug":"15-17-3-2024-trodnevna-duhovna-obnova-u-zupi-duha-svetoga-u-nustru","status":"publish","type":"post","link":"https:\/\/udruga-106br.hr\/index.php\/15-17-3-2024-trodnevna-duhovna-obnova-u-zupi-duha-svetoga-u-nustru\/","title":{"rendered":"15. &#8211; 17.3.2024 &#8211; Trodnevna duhovna obnova u \u017dupi Duha Svetoga u Nu\u0161tru"},"content":{"rendered":"\n<p>Zaprimili smo poziv te Vam ga ovim putem predstavljamo. Radi se o Trodnevnoj duhovnoj obnovi koja \u0107e se odr\u017eati za branitelje i stradalnike Domovinskog rata i njihove obitelji, pod pokroviteljstvom \u0110akova\u010dko-osje\u010dke nadbiskupije. Ovaj zna\u010dajan doga\u0111aj bit \u0107e organiziran u \u017dupi Duha Svetoga u Nu\u0161tru od 15. do 17. o\u017eujka 2024.<\/p>\n\n\n\n<figure class=\"wp-block-image size-large\"><img loading=\"lazy\" decoding=\"async\" width=\"731\" height=\"1024\" src=\"https:\/\/udruga-106br.hr\/wp-content\/uploads\/2024\/03\/Duhovna-obnova-Nustar_pdf-PLAKAT_page-0001-731x1024.jpg\" alt=\"\" class=\"wp-image-2895\" srcset=\"https:\/\/udruga-106br.hr\/wp-content\/uploads\/2024\/03\/Duhovna-obnova-Nustar_pdf-PLAKAT_page-0001-731x1024.jpg 731w, https:\/\/udruga-106br.hr\/wp-content\/uploads\/2024\/03\/Duhovna-obnova-Nustar_pdf-PLAKAT_page-0001-214x300.jpg 214w, https:\/\/udruga-106br.hr\/wp-content\/uploads\/2024\/03\/Duhovna-obnova-Nustar_pdf-PLAKAT_page-0001.jpg 750w\" sizes=\"auto, (max-width: 731px) 100vw, 731px\" \/><\/figure>\n\n\n\n<p>U skladu s predano\u0161\u0107u duhovnoj potpori i zajedni\u0161tvu s onima koji su slu\u017eili i stradali za na\u0161u Domovinu, ova duhovna obnova ima za cilj pru\u017eiti podr\u0161ku i oja\u010dati duhovni temelj svima koji su bili uklju\u010deni u Domovinski rat, kao i njihovim obiteljima. Vjerujemo da je ovo vrijeme zajedni\u0161tva i duhovne obnove od izuzetne va\u017enosti za sve nas, te pozivamo svakog pojedinca da se pridru\u017ei u ovom doga\u0111aju.<br>Izv. prof. dr. sc. Stanislav \u0160ota bit \u0107e doma\u0107in i voditelj ovog zna\u010dajnog duhovnog skupa, pru\u017eaju\u0107i svoje stru\u010dno znanje i predanost kako bi osigurao duboku i ispunjavaju\u0107u duhovnu obnovu za sve prisutne.<\/p>\n\n\n\n<p>Radujemo se va\u0161em sudjelovanju i zajedni\u010dkom duhovnom iskustvu na ovoj Trodnevnoj duhovnoj obnovi.<\/p>\n<!-- AddThis Advanced Settings generic via filter on the_content --><!-- AddThis Share Buttons generic via filter on the_content -->","protected":false},"excerpt":{"rendered":"<p>Zaprimili smo poziv te Vam ga ovim putem predstavljamo. Radi se o Trodnevnoj duhovnoj obnovi koja \u0107e se odr\u017eati za branitelje i stradalnike Domovinskog rata i njihove obitelji, pod pokroviteljstvom \u0110akova\u010dko-osje\u010dke nadbiskupije. Ovaj zna\u010dajan doga\u0111aj bit \u0107e organiziran u \u017dupi Duha Svetoga u Nu\u0161tru od 15. do 17. o\u017eujka 2024. U skladu s predano\u0161\u0107u duhovnoj &hellip; <a href=\"https:\/\/udruga-106br.hr\/index.php\/15-17-3-2024-trodnevna-duhovna-obnova-u-zupi-duha-svetoga-u-nustru\/\" class=\"more-link\">Nastavi \u010ditati <span class=\"screen-reader-text\">15. &#8211; 17.3.2024 &#8211; Trodnevna duhovna obnova u \u017dupi Duha Svetoga u Nu\u0161tru<\/span><\/a><!-- AddThis Advanced Settings generic via filter on get_the_excerpt --><!-- AddThis Share Buttons generic via filter on get_the_excerpt --><\/p>\n","protected":false},"author":1,"featured_media":0,"comment_status":"closed","ping_status":"closed","sticky":false,"template":"","format":"standard","meta":{"footnotes":""},"categories":[32],"tags":[],"class_list":["post-2894","post","type-post","status-publish","format-standard","hentry","category-iz-zivota-udruge"],"_links":{"self":[{"href":"https:\/\/udruga-106br.hr\/index.php\/wp-json\/wp\/v2\/posts\/2894","targetHints":{"allow":["GET"]}}],"collection":[{"href":"https:\/\/udruga-106br.hr\/index.php\/wp-json\/wp\/v2\/posts"}],"about":[{"href":"https:\/\/udruga-106br.hr\/index.php\/wp-json\/wp\/v2\/types\/post"}],"author":[{"embeddable":true,"href":"https:\/\/udruga-106br.hr\/index.php\/wp-json\/wp\/v2\/users\/1"}],"replies":[{"embeddable":true,"href":"https:\/\/udruga-106br.hr\/index.php\/wp-json\/wp\/v2\/comments?post=2894"}],"version-history":[{"count":1,"href":"https:\/\/udruga-106br.hr\/index.php\/wp-json\/wp\/v2\/posts\/2894\/revisions"}],"predecessor-version":[{"id":2896,"href":"https:\/\/udruga-106br.hr\/index.php\/wp-json\/wp\/v2\/posts\/2894\/revisions\/2896"}],"wp:attachment":[{"href":"https:\/\/udruga-106br.hr\/index.php\/wp-json\/wp\/v2\/media?parent=2894"}],"wp:term":[{"taxonomy":"category","embeddable":true,"href":"https:\/\/udruga-106br.hr\/index.php\/wp-json\/wp\/v2\/categories?post=2894"},{"taxonomy":"post_tag","embeddable":true,"href":"https:\/\/udruga-106br.hr\/index.php\/wp-json\/wp\/v2\/tags?post=2894"}],"curies":[{"name":"wp","href":"https:\/\/api.w.org\/{rel}","templated":true}]}}