{"id":2897,"date":"2024-03-15T10:56:49","date_gmt":"2024-03-15T09:56:49","guid":{"rendered":"https:\/\/udruga-106br.hr\/?p=2897"},"modified":"2025-10-17T21:52:42","modified_gmt":"2025-10-17T19:52:42","slug":"25-3-2024-okrugli-stol-pod-nazivom-razdoblje-otta-habsburga-i-njegova-politicka-ostavstina","status":"publish","type":"post","link":"https:\/\/udruga-106br.hr\/index.php\/25-3-2024-okrugli-stol-pod-nazivom-razdoblje-otta-habsburga-i-njegova-politicka-ostavstina\/","title":{"rendered":"25.03.2024. Okrugli stol pod nazivom &#8220;Razdoblje Otta Habsburga i njegova politi\u010dka ostav\u0161tina&#8221;"},"content":{"rendered":"\n<p>Dragi prijatelji i pratitelji,<\/p>\n\n\n\n<p>pozivamo Vas na izuzetno zanimljiv doga\u0111aj koji \u0107e se odr\u017eati u srijedu, 25. o\u017eujka 2024. godine u 18:00 sati &#8211; okrugli stol pod nazivom &#8220;Razdoblje Otta Habsburga i njegova politi\u010dka ostav\u0161tina&#8221;. &#x1f3a9;<\/p>\n\n\n\n<p>Ovaj doga\u0111aj posve\u0107en je analizi \u017eivota i politi\u010dkog naslije\u0111a Otta Habsburga, izuzetno va\u017ene li\u010dnosti europske povijesti. Otac Europske unije, strastveni borac za europsku integraciju i zagovornik demokracije &#8211; Otto Habsburg ostavio je neizbrisiv trag.<\/p>\n\n\n\n<p>Pridru\u017eite nam se kako bismo zajedno istra\u017eili njegovu ulogu i utjecaj na modernu Europu te raspravili relevantnost njegovih ideala u dana\u0161njem svijetu. &#x1f30d;&#x1f4ac;<\/p>\n\n\n\n<p>&#x1f4c5; Datum: 25. o\u017eujka 2024.<br>&#x1f555; Vrijeme: 18:00 sati<br>&#x1f4cd; Lokacija: Sveu\u010dili\u0161te J. J. Strossmayera Osijek, Filozofski<br>fakultet, (Lorenza J\u00e4gera 9, sve\u010dana dvorana)<\/p>\n\n\n\n<p>Budite dio ove va\u017ene rasprave!<\/p>\n\n\n\n<p>Vidimo se tamo!<\/p>\n\n\n\n<figure class=\"wp-block-image size-large\"><img loading=\"lazy\" decoding=\"async\" width=\"725\" height=\"1024\" src=\"https:\/\/udruga-106br.hr\/wp-content\/uploads\/2024\/03\/Pozivnica-konferencija-Otto-Habsburg-1_page-0001-725x1024.jpg\" alt=\"\" class=\"wp-image-2898\" srcset=\"https:\/\/udruga-106br.hr\/wp-content\/uploads\/2024\/03\/Pozivnica-konferencija-Otto-Habsburg-1_page-0001-725x1024.jpg 725w, https:\/\/udruga-106br.hr\/wp-content\/uploads\/2024\/03\/Pozivnica-konferencija-Otto-Habsburg-1_page-0001-212x300.jpg 212w, https:\/\/udruga-106br.hr\/wp-content\/uploads\/2024\/03\/Pozivnica-konferencija-Otto-Habsburg-1_page-0001-768x1085.jpg 768w, https:\/\/udruga-106br.hr\/wp-content\/uploads\/2024\/03\/Pozivnica-konferencija-Otto-Habsburg-1_page-0001-1087x1536.jpg 1087w, https:\/\/udruga-106br.hr\/wp-content\/uploads\/2024\/03\/Pozivnica-konferencija-Otto-Habsburg-1_page-0001.jpg 1241w\" sizes=\"auto, (max-width: 725px) 100vw, 725px\" \/><\/figure>\n<!-- AddThis Advanced Settings generic via filter on the_content --><!-- AddThis Share Buttons generic via filter on the_content -->","protected":false},"excerpt":{"rendered":"<p>Dragi prijatelji i pratitelji, pozivamo Vas na izuzetno zanimljiv doga\u0111aj koji \u0107e se odr\u017eati u srijedu, 25. o\u017eujka 2024. godine u 18:00 sati &#8211; okrugli stol pod nazivom &#8220;Razdoblje Otta Habsburga i njegova politi\u010dka ostav\u0161tina&#8221;. &#x1f3a9; Ovaj doga\u0111aj posve\u0107en je analizi \u017eivota i politi\u010dkog naslije\u0111a Otta Habsburga, izuzetno va\u017ene li\u010dnosti europske povijesti. Otac Europske unije, &hellip; <a href=\"https:\/\/udruga-106br.hr\/index.php\/25-3-2024-okrugli-stol-pod-nazivom-razdoblje-otta-habsburga-i-njegova-politicka-ostavstina\/\" class=\"more-link\">Nastavi \u010ditati <span class=\"screen-reader-text\">25.03.2024. Okrugli stol pod nazivom &#8220;Razdoblje Otta Habsburga i njegova politi\u010dka ostav\u0161tina&#8221;<\/span><\/a><!-- AddThis Advanced Settings generic via filter on get_the_excerpt --><!-- AddThis Share Buttons generic via filter on get_the_excerpt --><\/p>\n","protected":false},"author":1,"featured_media":0,"comment_status":"closed","ping_status":"closed","sticky":false,"template":"","format":"standard","meta":{"footnotes":""},"categories":[32],"tags":[],"class_list":["post-2897","post","type-post","status-publish","format-standard","hentry","category-iz-zivota-udruge"],"_links":{"self":[{"href":"https:\/\/udruga-106br.hr\/index.php\/wp-json\/wp\/v2\/posts\/2897","targetHints":{"allow":["GET"]}}],"collection":[{"href":"https:\/\/udruga-106br.hr\/index.php\/wp-json\/wp\/v2\/posts"}],"about":[{"href":"https:\/\/udruga-106br.hr\/index.php\/wp-json\/wp\/v2\/types\/post"}],"author":[{"embeddable":true,"href":"https:\/\/udruga-106br.hr\/index.php\/wp-json\/wp\/v2\/users\/1"}],"replies":[{"embeddable":true,"href":"https:\/\/udruga-106br.hr\/index.php\/wp-json\/wp\/v2\/comments?post=2897"}],"version-history":[{"count":2,"href":"https:\/\/udruga-106br.hr\/index.php\/wp-json\/wp\/v2\/posts\/2897\/revisions"}],"predecessor-version":[{"id":2900,"href":"https:\/\/udruga-106br.hr\/index.php\/wp-json\/wp\/v2\/posts\/2897\/revisions\/2900"}],"wp:attachment":[{"href":"https:\/\/udruga-106br.hr\/index.php\/wp-json\/wp\/v2\/media?parent=2897"}],"wp:term":[{"taxonomy":"category","embeddable":true,"href":"https:\/\/udruga-106br.hr\/index.php\/wp-json\/wp\/v2\/categories?post=2897"},{"taxonomy":"post_tag","embeddable":true,"href":"https:\/\/udruga-106br.hr\/index.php\/wp-json\/wp\/v2\/tags?post=2897"}],"curies":[{"name":"wp","href":"https:\/\/api.w.org\/{rel}","templated":true}]}}