{"id":2901,"date":"2024-03-18T11:00:14","date_gmt":"2024-03-18T10:00:14","guid":{"rendered":"https:\/\/udruga-106br.hr\/?p=2901"},"modified":"2025-10-17T21:52:42","modified_gmt":"2025-10-17T19:52:42","slug":"16-3-2024-svecano-obiljezavanje-revolucije-1848-2","status":"publish","type":"post","link":"https:\/\/udruga-106br.hr\/index.php\/16-3-2024-svecano-obiljezavanje-revolucije-1848-2\/","title":{"rendered":"16.3.2024. Sve\u010dano obilje\u017eavanje revolucije 1848."},"content":{"rendered":"\n<p>16.3.2024. godine zajedno smo okupili kako bismo odali po\u010dast onima koji su se borili za slobodu i nezavisnost u okviru sve\u010danog obilje\u017eavanja revolucije 1848. Po\u010detak je bio s polaganjem vijenaca i odavanjem po\u010dasti kod spomen-plo\u010de, a zatim smo u\u017eivali u kulturnom programu i domjenku u prostorijama Ma\u0111arskog kulturnog centra.<\/p>\n\n\n\n<p>Ova sve\u010danost nas podsje\u0107a na va\u017enost povijesnih doga\u0111aja i naslije\u0111a koje nose. Zahvaljujemo svima koji su se pridru\u017eili i pokazali po\u0161tovanje prema borcima za slobodu i nezavisnost.<\/p>\n\n\n\n<p>Neka ova godi\u0161njica bude inspiracija za daljnju borbu za pravdu, slobodu i zajedni\u0161tvo! &#x1f4ab;<\/p>\n\n\n\n<figure class=\"wp-block-gallery has-nested-images columns-default is-cropped wp-block-gallery-1 is-layout-flex wp-block-gallery-is-layout-flex\">\n<figure class=\"wp-block-image size-large\"><img loading=\"lazy\" decoding=\"async\" width=\"768\" height=\"1024\" data-id=\"2907\" src=\"https:\/\/udruga-106br.hr\/wp-content\/uploads\/2024\/03\/viber_slika_2024-03-18_10-06-51-620-768x1024.jpg\" alt=\"\" class=\"wp-image-2907\" srcset=\"https:\/\/udruga-106br.hr\/wp-content\/uploads\/2024\/03\/viber_slika_2024-03-18_10-06-51-620-768x1024.jpg 768w, https:\/\/udruga-106br.hr\/wp-content\/uploads\/2024\/03\/viber_slika_2024-03-18_10-06-51-620-225x300.jpg 225w, https:\/\/udruga-106br.hr\/wp-content\/uploads\/2024\/03\/viber_slika_2024-03-18_10-06-51-620-1152x1536.jpg 1152w, https:\/\/udruga-106br.hr\/wp-content\/uploads\/2024\/03\/viber_slika_2024-03-18_10-06-51-620.jpg 1200w\" sizes=\"auto, (max-width: 768px) 100vw, 768px\" \/><\/figure>\n\n\n\n<figure class=\"wp-block-image size-large\"><img loading=\"lazy\" decoding=\"async\" width=\"768\" height=\"1024\" data-id=\"2905\" src=\"https:\/\/udruga-106br.hr\/wp-content\/uploads\/2024\/03\/viber_slika_2024-03-18_10-06-51-653-768x1024.jpg\" alt=\"\" class=\"wp-image-2905\" srcset=\"https:\/\/udruga-106br.hr\/wp-content\/uploads\/2024\/03\/viber_slika_2024-03-18_10-06-51-653-768x1024.jpg 768w, https:\/\/udruga-106br.hr\/wp-content\/uploads\/2024\/03\/viber_slika_2024-03-18_10-06-51-653-225x300.jpg 225w, https:\/\/udruga-106br.hr\/wp-content\/uploads\/2024\/03\/viber_slika_2024-03-18_10-06-51-653-1152x1536.jpg 1152w, https:\/\/udruga-106br.hr\/wp-content\/uploads\/2024\/03\/viber_slika_2024-03-18_10-06-51-653.jpg 1200w\" sizes=\"auto, (max-width: 768px) 100vw, 768px\" \/><\/figure>\n\n\n\n<figure class=\"wp-block-image size-large\"><img loading=\"lazy\" decoding=\"async\" width=\"768\" height=\"1024\" data-id=\"2903\" src=\"https:\/\/udruga-106br.hr\/wp-content\/uploads\/2024\/03\/viber_slika_2024-03-18_10-06-51-667-768x1024.jpg\" alt=\"\" class=\"wp-image-2903\" srcset=\"https:\/\/udruga-106br.hr\/wp-content\/uploads\/2024\/03\/viber_slika_2024-03-18_10-06-51-667-768x1024.jpg 768w, https:\/\/udruga-106br.hr\/wp-content\/uploads\/2024\/03\/viber_slika_2024-03-18_10-06-51-667-225x300.jpg 225w, https:\/\/udruga-106br.hr\/wp-content\/uploads\/2024\/03\/viber_slika_2024-03-18_10-06-51-667-1152x1536.jpg 1152w, https:\/\/udruga-106br.hr\/wp-content\/uploads\/2024\/03\/viber_slika_2024-03-18_10-06-51-667.jpg 1200w\" sizes=\"auto, (max-width: 768px) 100vw, 768px\" \/><\/figure>\n\n\n\n<figure class=\"wp-block-image size-large\"><img loading=\"lazy\" decoding=\"async\" width=\"768\" height=\"1024\" data-id=\"2906\" src=\"https:\/\/udruga-106br.hr\/wp-content\/uploads\/2024\/03\/viber_slika_2024-03-18_10-06-51-722-768x1024.jpg\" alt=\"\" class=\"wp-image-2906\" srcset=\"https:\/\/udruga-106br.hr\/wp-content\/uploads\/2024\/03\/viber_slika_2024-03-18_10-06-51-722-768x1024.jpg 768w, https:\/\/udruga-106br.hr\/wp-content\/uploads\/2024\/03\/viber_slika_2024-03-18_10-06-51-722-225x300.jpg 225w, https:\/\/udruga-106br.hr\/wp-content\/uploads\/2024\/03\/viber_slika_2024-03-18_10-06-51-722-1152x1536.jpg 1152w, https:\/\/udruga-106br.hr\/wp-content\/uploads\/2024\/03\/viber_slika_2024-03-18_10-06-51-722.jpg 1200w\" sizes=\"auto, (max-width: 768px) 100vw, 768px\" \/><\/figure>\n\n\n\n<figure class=\"wp-block-image size-large\"><img loading=\"lazy\" decoding=\"async\" width=\"768\" height=\"1024\" data-id=\"2904\" src=\"https:\/\/udruga-106br.hr\/wp-content\/uploads\/2024\/03\/viber_slika_2024-03-18_10-06-51-749-768x1024.jpg\" alt=\"\" class=\"wp-image-2904\" srcset=\"https:\/\/udruga-106br.hr\/wp-content\/uploads\/2024\/03\/viber_slika_2024-03-18_10-06-51-749-768x1024.jpg 768w, https:\/\/udruga-106br.hr\/wp-content\/uploads\/2024\/03\/viber_slika_2024-03-18_10-06-51-749-225x300.jpg 225w, https:\/\/udruga-106br.hr\/wp-content\/uploads\/2024\/03\/viber_slika_2024-03-18_10-06-51-749-1152x1536.jpg 1152w, https:\/\/udruga-106br.hr\/wp-content\/uploads\/2024\/03\/viber_slika_2024-03-18_10-06-51-749.jpg 1200w\" sizes=\"auto, (max-width: 768px) 100vw, 768px\" \/><\/figure>\n<\/figure>\n<!-- AddThis Advanced Settings generic via filter on the_content --><!-- AddThis Share Buttons generic via filter on the_content -->","protected":false},"excerpt":{"rendered":"<p>16.3.2024. godine zajedno smo okupili kako bismo odali po\u010dast onima koji su se borili za slobodu i nezavisnost u okviru sve\u010danog obilje\u017eavanja revolucije 1848. Po\u010detak je bio s polaganjem vijenaca i odavanjem po\u010dasti kod spomen-plo\u010de, a zatim smo u\u017eivali u kulturnom programu i domjenku u prostorijama Ma\u0111arskog kulturnog centra. Ova sve\u010danost nas podsje\u0107a na va\u017enost &hellip; <a href=\"https:\/\/udruga-106br.hr\/index.php\/16-3-2024-svecano-obiljezavanje-revolucije-1848-2\/\" class=\"more-link\">Nastavi \u010ditati <span class=\"screen-reader-text\">16.3.2024. Sve\u010dano obilje\u017eavanje revolucije 1848.<\/span><\/a><!-- AddThis Advanced Settings generic via filter on get_the_excerpt --><!-- AddThis Share Buttons generic via filter on get_the_excerpt --><\/p>\n","protected":false},"author":1,"featured_media":0,"comment_status":"closed","ping_status":"closed","sticky":false,"template":"","format":"standard","meta":{"footnotes":""},"categories":[32],"tags":[],"class_list":["post-2901","post","type-post","status-publish","format-standard","hentry","category-iz-zivota-udruge"],"_links":{"self":[{"href":"https:\/\/udruga-106br.hr\/index.php\/wp-json\/wp\/v2\/posts\/2901","targetHints":{"allow":["GET"]}}],"collection":[{"href":"https:\/\/udruga-106br.hr\/index.php\/wp-json\/wp\/v2\/posts"}],"about":[{"href":"https:\/\/udruga-106br.hr\/index.php\/wp-json\/wp\/v2\/types\/post"}],"author":[{"embeddable":true,"href":"https:\/\/udruga-106br.hr\/index.php\/wp-json\/wp\/v2\/users\/1"}],"replies":[{"embeddable":true,"href":"https:\/\/udruga-106br.hr\/index.php\/wp-json\/wp\/v2\/comments?post=2901"}],"version-history":[{"count":1,"href":"https:\/\/udruga-106br.hr\/index.php\/wp-json\/wp\/v2\/posts\/2901\/revisions"}],"predecessor-version":[{"id":2908,"href":"https:\/\/udruga-106br.hr\/index.php\/wp-json\/wp\/v2\/posts\/2901\/revisions\/2908"}],"wp:attachment":[{"href":"https:\/\/udruga-106br.hr\/index.php\/wp-json\/wp\/v2\/media?parent=2901"}],"wp:term":[{"taxonomy":"category","embeddable":true,"href":"https:\/\/udruga-106br.hr\/index.php\/wp-json\/wp\/v2\/categories?post=2901"},{"taxonomy":"post_tag","embeddable":true,"href":"https:\/\/udruga-106br.hr\/index.php\/wp-json\/wp\/v2\/tags?post=2901"}],"curies":[{"name":"wp","href":"https:\/\/api.w.org\/{rel}","templated":true}]}}