{"id":2909,"date":"2024-03-26T14:44:00","date_gmt":"2024-03-26T13:44:00","guid":{"rendered":"https:\/\/udruga-106br.hr\/?p=2909"},"modified":"2025-10-17T21:52:42","modified_gmt":"2025-10-17T19:52:42","slug":"25-03-2024-odrzan-okrugli-stol-pod-nazivom-razdoblje-otta-habsburga-i-njegova-politicka-ostavstina","status":"publish","type":"post","link":"https:\/\/udruga-106br.hr\/index.php\/25-03-2024-odrzan-okrugli-stol-pod-nazivom-razdoblje-otta-habsburga-i-njegova-politicka-ostavstina\/","title":{"rendered":"25.03.2024. Odr\u017ean okrugli stol pod nazivom \u201cRazdoblje Otta Habsburga i njegova politi\u010dka ostav\u0161tina\u201d"},"content":{"rendered":"\n<p>Ju\u010der, 25. o\u017eujka 2024., Filozofski fakultet bio je doma\u0107in zna\u010dajnog doga\u0111aja &#8211; okruglog stola pod nazivom &#8220;Razdoblje Otta Habsburga i njegova politi\u010dka ostav\u0161tina&#8221;.  Organizatori, Generalni konzulat Ma\u0111arske u Osijeku, Sveu\u010dili\u0161te J.J. Strossmayera, Filozofski fakultet i Odsjek za ma\u0111arski jezik i knji\u017eevnost u suradnji s Ma\u0111arskim kulturnim krugom &#8220;Zrinyi&#8221;, stvorili su platformu za duboku analizu i raspravu o \u017eivotu i naslije\u0111u jedne od najva\u017enijih figura europske povijesti.<\/p>\n\n\n\n<p>Odaziv je bio izvanredan, \u0161to svjedo\u010di o interesu i va\u017enosti teme. Sudionici, uklju\u010duju\u0107i i predstavnike Udruge veterana 106. brigade Osijek, aktivno su sudjelovali u dinami\u010dnim raspravama, istra\u017euju\u0107i ulogu Otta Habsburga u oblikovanju modernog europskog identiteta i njegovu politi\u010dku ostav\u0161tinu koja i danas ima odjek.<\/p>\n\n\n\n<p>Uz to, ovaj doga\u0111aj nije bio samo okrugli stol &#8211; bio je i prilika za otvorenje izlo\u017ebe posve\u0107ene Otto Habsburgu, dodatno oboga\u0107uju\u0107i iskustvo i omogu\u0107uju\u0107i dublje uranjanje u njegov \u017eivot i naslije\u0111e.<\/p>\n\n\n\n<p>Hvala svima koji su sudjelovali i pridonijeli uspjehu ovog doga\u0111aja. Nastavljamo zajedno istra\u017eivati i slaviti va\u017ene teme koje oblikuju na\u0161u povijest i budu\u0107nost. <\/p>\n\n\n\n<figure class=\"wp-block-gallery has-nested-images columns-default is-cropped wp-block-gallery-1 is-layout-flex wp-block-gallery-is-layout-flex\">\n<figure class=\"wp-block-image size-large\"><img loading=\"lazy\" decoding=\"async\" width=\"1024\" height=\"768\" data-id=\"2910\" src=\"https:\/\/udruga-106br.hr\/wp-content\/uploads\/2024\/03\/1-1024x768.jpg\" alt=\"\" class=\"wp-image-2910\" srcset=\"https:\/\/udruga-106br.hr\/wp-content\/uploads\/2024\/03\/1-1024x768.jpg 1024w, https:\/\/udruga-106br.hr\/wp-content\/uploads\/2024\/03\/1-300x225.jpg 300w, https:\/\/udruga-106br.hr\/wp-content\/uploads\/2024\/03\/1-768x576.jpg 768w, https:\/\/udruga-106br.hr\/wp-content\/uploads\/2024\/03\/1-1536x1152.jpg 1536w, https:\/\/udruga-106br.hr\/wp-content\/uploads\/2024\/03\/1.jpg 1600w\" sizes=\"auto, (max-width: 1024px) 100vw, 1024px\" \/><\/figure>\n\n\n\n<figure class=\"wp-block-image size-large\"><img loading=\"lazy\" decoding=\"async\" width=\"1024\" height=\"768\" data-id=\"2911\" src=\"https:\/\/udruga-106br.hr\/wp-content\/uploads\/2024\/03\/viber_slika_2024-03-26_09-01-34-250-1024x768.jpg\" alt=\"\" class=\"wp-image-2911\" srcset=\"https:\/\/udruga-106br.hr\/wp-content\/uploads\/2024\/03\/viber_slika_2024-03-26_09-01-34-250-1024x768.jpg 1024w, https:\/\/udruga-106br.hr\/wp-content\/uploads\/2024\/03\/viber_slika_2024-03-26_09-01-34-250-300x225.jpg 300w, https:\/\/udruga-106br.hr\/wp-content\/uploads\/2024\/03\/viber_slika_2024-03-26_09-01-34-250-768x576.jpg 768w, https:\/\/udruga-106br.hr\/wp-content\/uploads\/2024\/03\/viber_slika_2024-03-26_09-01-34-250-1536x1152.jpg 1536w, https:\/\/udruga-106br.hr\/wp-content\/uploads\/2024\/03\/viber_slika_2024-03-26_09-01-34-250.jpg 1600w\" sizes=\"auto, (max-width: 1024px) 100vw, 1024px\" \/><\/figure>\n\n\n\n<figure class=\"wp-block-image size-large\"><img loading=\"lazy\" decoding=\"async\" width=\"1024\" height=\"768\" data-id=\"2914\" src=\"https:\/\/udruga-106br.hr\/wp-content\/uploads\/2024\/03\/viber_slika_2024-03-26_09-02-07-704-1024x768.jpg\" alt=\"\" class=\"wp-image-2914\" srcset=\"https:\/\/udruga-106br.hr\/wp-content\/uploads\/2024\/03\/viber_slika_2024-03-26_09-02-07-704-1024x768.jpg 1024w, https:\/\/udruga-106br.hr\/wp-content\/uploads\/2024\/03\/viber_slika_2024-03-26_09-02-07-704-300x225.jpg 300w, https:\/\/udruga-106br.hr\/wp-content\/uploads\/2024\/03\/viber_slika_2024-03-26_09-02-07-704-768x576.jpg 768w, https:\/\/udruga-106br.hr\/wp-content\/uploads\/2024\/03\/viber_slika_2024-03-26_09-02-07-704-1536x1152.jpg 1536w, https:\/\/udruga-106br.hr\/wp-content\/uploads\/2024\/03\/viber_slika_2024-03-26_09-02-07-704.jpg 1600w\" sizes=\"auto, (max-width: 1024px) 100vw, 1024px\" \/><\/figure>\n\n\n\n<figure class=\"wp-block-image size-large\"><img loading=\"lazy\" decoding=\"async\" width=\"1024\" height=\"768\" data-id=\"2912\" src=\"https:\/\/udruga-106br.hr\/wp-content\/uploads\/2024\/03\/viber_slika_2024-03-26_09-02-07-714-1024x768.jpg\" alt=\"\" class=\"wp-image-2912\" srcset=\"https:\/\/udruga-106br.hr\/wp-content\/uploads\/2024\/03\/viber_slika_2024-03-26_09-02-07-714-1024x768.jpg 1024w, https:\/\/udruga-106br.hr\/wp-content\/uploads\/2024\/03\/viber_slika_2024-03-26_09-02-07-714-300x225.jpg 300w, https:\/\/udruga-106br.hr\/wp-content\/uploads\/2024\/03\/viber_slika_2024-03-26_09-02-07-714-768x576.jpg 768w, https:\/\/udruga-106br.hr\/wp-content\/uploads\/2024\/03\/viber_slika_2024-03-26_09-02-07-714-1536x1152.jpg 1536w, https:\/\/udruga-106br.hr\/wp-content\/uploads\/2024\/03\/viber_slika_2024-03-26_09-02-07-714.jpg 1600w\" sizes=\"auto, (max-width: 1024px) 100vw, 1024px\" \/><\/figure>\n\n\n\n<figure class=\"wp-block-image size-large\"><img loading=\"lazy\" decoding=\"async\" width=\"1024\" height=\"768\" data-id=\"2913\" src=\"https:\/\/udruga-106br.hr\/wp-content\/uploads\/2024\/03\/viber_slika_2024-03-26_09-02-07-730-1024x768.jpg\" alt=\"\" class=\"wp-image-2913\" srcset=\"https:\/\/udruga-106br.hr\/wp-content\/uploads\/2024\/03\/viber_slika_2024-03-26_09-02-07-730-1024x768.jpg 1024w, https:\/\/udruga-106br.hr\/wp-content\/uploads\/2024\/03\/viber_slika_2024-03-26_09-02-07-730-300x225.jpg 300w, https:\/\/udruga-106br.hr\/wp-content\/uploads\/2024\/03\/viber_slika_2024-03-26_09-02-07-730-768x576.jpg 768w, https:\/\/udruga-106br.hr\/wp-content\/uploads\/2024\/03\/viber_slika_2024-03-26_09-02-07-730-1536x1152.jpg 1536w, https:\/\/udruga-106br.hr\/wp-content\/uploads\/2024\/03\/viber_slika_2024-03-26_09-02-07-730.jpg 1600w\" sizes=\"auto, (max-width: 1024px) 100vw, 1024px\" \/><\/figure>\n<\/figure>\n<!-- AddThis Advanced Settings generic via filter on the_content --><!-- AddThis Share Buttons generic via filter on the_content -->","protected":false},"excerpt":{"rendered":"<p>Ju\u010der, 25. o\u017eujka 2024., Filozofski fakultet bio je doma\u0107in zna\u010dajnog doga\u0111aja &#8211; okruglog stola pod nazivom &#8220;Razdoblje Otta Habsburga i njegova politi\u010dka ostav\u0161tina&#8221;. Organizatori, Generalni konzulat Ma\u0111arske u Osijeku, Sveu\u010dili\u0161te J.J. Strossmayera, Filozofski fakultet i Odsjek za ma\u0111arski jezik i knji\u017eevnost u suradnji s Ma\u0111arskim kulturnim krugom &#8220;Zrinyi&#8221;, stvorili su platformu za duboku analizu i &hellip; <a href=\"https:\/\/udruga-106br.hr\/index.php\/25-03-2024-odrzan-okrugli-stol-pod-nazivom-razdoblje-otta-habsburga-i-njegova-politicka-ostavstina\/\" class=\"more-link\">Nastavi \u010ditati <span class=\"screen-reader-text\">25.03.2024. Odr\u017ean okrugli stol pod nazivom \u201cRazdoblje Otta Habsburga i njegova politi\u010dka ostav\u0161tina\u201d<\/span><\/a><!-- AddThis Advanced Settings generic via filter on get_the_excerpt --><!-- AddThis Share Buttons generic via filter on get_the_excerpt --><\/p>\n","protected":false},"author":1,"featured_media":0,"comment_status":"closed","ping_status":"closed","sticky":false,"template":"","format":"standard","meta":{"footnotes":""},"categories":[32],"tags":[],"class_list":["post-2909","post","type-post","status-publish","format-standard","hentry","category-iz-zivota-udruge"],"_links":{"self":[{"href":"https:\/\/udruga-106br.hr\/index.php\/wp-json\/wp\/v2\/posts\/2909","targetHints":{"allow":["GET"]}}],"collection":[{"href":"https:\/\/udruga-106br.hr\/index.php\/wp-json\/wp\/v2\/posts"}],"about":[{"href":"https:\/\/udruga-106br.hr\/index.php\/wp-json\/wp\/v2\/types\/post"}],"author":[{"embeddable":true,"href":"https:\/\/udruga-106br.hr\/index.php\/wp-json\/wp\/v2\/users\/1"}],"replies":[{"embeddable":true,"href":"https:\/\/udruga-106br.hr\/index.php\/wp-json\/wp\/v2\/comments?post=2909"}],"version-history":[{"count":1,"href":"https:\/\/udruga-106br.hr\/index.php\/wp-json\/wp\/v2\/posts\/2909\/revisions"}],"predecessor-version":[{"id":3413,"href":"https:\/\/udruga-106br.hr\/index.php\/wp-json\/wp\/v2\/posts\/2909\/revisions\/3413"}],"wp:attachment":[{"href":"https:\/\/udruga-106br.hr\/index.php\/wp-json\/wp\/v2\/media?parent=2909"}],"wp:term":[{"taxonomy":"category","embeddable":true,"href":"https:\/\/udruga-106br.hr\/index.php\/wp-json\/wp\/v2\/categories?post=2909"},{"taxonomy":"post_tag","embeddable":true,"href":"https:\/\/udruga-106br.hr\/index.php\/wp-json\/wp\/v2\/tags?post=2909"}],"curies":[{"name":"wp","href":"https:\/\/api.w.org\/{rel}","templated":true}]}}