{"id":3020,"date":"2024-04-24T20:53:40","date_gmt":"2024-04-24T18:53:40","guid":{"rendered":"https:\/\/udruga-106br.hr\/?p=3020"},"modified":"2025-10-17T21:52:42","modified_gmt":"2025-10-17T19:52:42","slug":"23-4-2024-potpisivanje-ugovora-temeljem-javnog-poziva-za-financiranje-programa-i-projekata-udruga-od-interesa-za-opce-dobro-u-obz-u-iz-sredstava-proracuna-obz-a","status":"publish","type":"post","link":"https:\/\/udruga-106br.hr\/index.php\/23-4-2024-potpisivanje-ugovora-temeljem-javnog-poziva-za-financiranje-programa-i-projekata-udruga-od-interesa-za-opce-dobro-u-obz-u-iz-sredstava-proracuna-obz-a\/","title":{"rendered":"23.4.2024. Potpisivanje Ugovora temeljem Javnog poziva za financiranje programa i projekata udruga od interesa za op\u0107e dobro u OB\u017d-u, iz sredstava Prora\u010duna OB\u017d-a"},"content":{"rendered":"\n<p>Dragi na\u0161i \u010dlanovi, prijatelji, pratitelji i simpatizeri,<\/p>\n\n\n\n<p>\u017eelimo s vama podijeliti va\u017enu vijest koja ozna\u010dava korak naprijed u ostvarivanju na\u0161ih ciljeva i projekata za dobrobit na\u0161e zajednice!<\/p>\n\n\n\n<p>U utorak, 23. travnja 2024. godine, s ponosom smo potpisali Ugovor o financiranju\/sufinanciranju projekata\/programa udruge temeljem Javnog poziva za financiranje programa i projekata udruga od interesa za op\u0107e dobro u Osje\u010dko-baranjskoj \u017eupaniji, iz sredstava Prora\u010duna Osje\u010dko-baranjske \u017eupanije za 2024. godinu.<\/p>\n\n\n\n<p>Ovaj korak ozna\u010dava va\u017enu podr\u0161ku na\u0161im projektima i aktivnostima koje su usmjerene prema razvoju na\u0161e zajednice i unaprje\u0111enju kvalitete \u017eivota svih \u010dlanova Udruge.<\/p>\n\n\n\n<p>Potpisivanje je odr\u017eano u prostoru Velike vije\u0107nice, \u017dupanijska 4\/I, Osijek, u vremenu od 9:00 do 11:00 sati, gdje smo imali priliku izravno zahvaliti svima koji su podr\u017eali na\u0161 rad i doprinijeli ostvarenju ovog va\u017enog koraka.<\/p>\n\n\n\n<p>Ova podr\u0161ka nam daje dodatnu motivaciju i energiju za daljnji rad i anga\u017eman u ostvarivanju na\u0161ih ciljeva i vizije za bolju budu\u0107nost na\u0161e zajednice.<\/p>\n\n\n\n<p>Hvala vam na podr\u0161ci i vjeri u na\u0161 rad! Spremni smo zajedno graditi bolje sutra!<\/p>\n\n\n\n<figure class=\"wp-block-gallery has-nested-images columns-default is-cropped wp-block-gallery-1 is-layout-flex wp-block-gallery-is-layout-flex\">\n<figure class=\"wp-block-image size-large\"><img loading=\"lazy\" decoding=\"async\" width=\"658\" height=\"1024\" data-id=\"3021\" src=\"https:\/\/udruga-106br.hr\/wp-content\/uploads\/2024\/04\/OBZ_potpisivanje-opce-dobro-658x1024.jpg\" alt=\"\" class=\"wp-image-3021\" srcset=\"https:\/\/udruga-106br.hr\/wp-content\/uploads\/2024\/04\/OBZ_potpisivanje-opce-dobro-658x1024.jpg 658w, https:\/\/udruga-106br.hr\/wp-content\/uploads\/2024\/04\/OBZ_potpisivanje-opce-dobro-193x300.jpg 193w, https:\/\/udruga-106br.hr\/wp-content\/uploads\/2024\/04\/OBZ_potpisivanje-opce-dobro-768x1195.jpg 768w, https:\/\/udruga-106br.hr\/wp-content\/uploads\/2024\/04\/OBZ_potpisivanje-opce-dobro-987x1536.jpg 987w, https:\/\/udruga-106br.hr\/wp-content\/uploads\/2024\/04\/OBZ_potpisivanje-opce-dobro.jpg 1028w\" sizes=\"auto, (max-width: 658px) 100vw, 658px\" \/><\/figure>\n\n\n\n<figure class=\"wp-block-image size-large\"><img loading=\"lazy\" decoding=\"async\" width=\"679\" height=\"1024\" data-id=\"3022\" src=\"https:\/\/udruga-106br.hr\/wp-content\/uploads\/2024\/04\/OBZ_potpisivanje-opce-dobro1-679x1024.jpg\" alt=\"\" class=\"wp-image-3022\" srcset=\"https:\/\/udruga-106br.hr\/wp-content\/uploads\/2024\/04\/OBZ_potpisivanje-opce-dobro1-679x1024.jpg 679w, https:\/\/udruga-106br.hr\/wp-content\/uploads\/2024\/04\/OBZ_potpisivanje-opce-dobro1-199x300.jpg 199w, https:\/\/udruga-106br.hr\/wp-content\/uploads\/2024\/04\/OBZ_potpisivanje-opce-dobro1-768x1158.jpg 768w, https:\/\/udruga-106br.hr\/wp-content\/uploads\/2024\/04\/OBZ_potpisivanje-opce-dobro1-1019x1536.jpg 1019w, https:\/\/udruga-106br.hr\/wp-content\/uploads\/2024\/04\/OBZ_potpisivanje-opce-dobro1.jpg 1061w\" sizes=\"auto, (max-width: 679px) 100vw, 679px\" \/><\/figure>\n<\/figure>\n<!-- AddThis Advanced Settings generic via filter on the_content --><!-- AddThis Share Buttons generic via filter on the_content -->","protected":false},"excerpt":{"rendered":"<p>Dragi na\u0161i \u010dlanovi, prijatelji, pratitelji i simpatizeri, \u017eelimo s vama podijeliti va\u017enu vijest koja ozna\u010dava korak naprijed u ostvarivanju na\u0161ih ciljeva i projekata za dobrobit na\u0161e zajednice! U utorak, 23. travnja 2024. godine, s ponosom smo potpisali Ugovor o financiranju\/sufinanciranju projekata\/programa udruge temeljem Javnog poziva za financiranje programa i projekata udruga od interesa za op\u0107e &hellip; <a href=\"https:\/\/udruga-106br.hr\/index.php\/23-4-2024-potpisivanje-ugovora-temeljem-javnog-poziva-za-financiranje-programa-i-projekata-udruga-od-interesa-za-opce-dobro-u-obz-u-iz-sredstava-proracuna-obz-a\/\" class=\"more-link\">Nastavi \u010ditati <span class=\"screen-reader-text\">23.4.2024. Potpisivanje Ugovora temeljem Javnog poziva za financiranje programa i projekata udruga od interesa za op\u0107e dobro u OB\u017d-u, iz sredstava Prora\u010duna OB\u017d-a<\/span><\/a><!-- AddThis Advanced Settings generic via filter on get_the_excerpt --><!-- AddThis Share Buttons generic via filter on get_the_excerpt --><\/p>\n","protected":false},"author":1,"featured_media":0,"comment_status":"closed","ping_status":"closed","sticky":false,"template":"","format":"standard","meta":{"footnotes":""},"categories":[32],"tags":[],"class_list":["post-3020","post","type-post","status-publish","format-standard","hentry","category-iz-zivota-udruge"],"_links":{"self":[{"href":"https:\/\/udruga-106br.hr\/index.php\/wp-json\/wp\/v2\/posts\/3020","targetHints":{"allow":["GET"]}}],"collection":[{"href":"https:\/\/udruga-106br.hr\/index.php\/wp-json\/wp\/v2\/posts"}],"about":[{"href":"https:\/\/udruga-106br.hr\/index.php\/wp-json\/wp\/v2\/types\/post"}],"author":[{"embeddable":true,"href":"https:\/\/udruga-106br.hr\/index.php\/wp-json\/wp\/v2\/users\/1"}],"replies":[{"embeddable":true,"href":"https:\/\/udruga-106br.hr\/index.php\/wp-json\/wp\/v2\/comments?post=3020"}],"version-history":[{"count":1,"href":"https:\/\/udruga-106br.hr\/index.php\/wp-json\/wp\/v2\/posts\/3020\/revisions"}],"predecessor-version":[{"id":3023,"href":"https:\/\/udruga-106br.hr\/index.php\/wp-json\/wp\/v2\/posts\/3020\/revisions\/3023"}],"wp:attachment":[{"href":"https:\/\/udruga-106br.hr\/index.php\/wp-json\/wp\/v2\/media?parent=3020"}],"wp:term":[{"taxonomy":"category","embeddable":true,"href":"https:\/\/udruga-106br.hr\/index.php\/wp-json\/wp\/v2\/categories?post=3020"},{"taxonomy":"post_tag","embeddable":true,"href":"https:\/\/udruga-106br.hr\/index.php\/wp-json\/wp\/v2\/tags?post=3020"}],"curies":[{"name":"wp","href":"https:\/\/api.w.org\/{rel}","templated":true}]}}