{"id":3035,"date":"2024-04-26T11:22:54","date_gmt":"2024-04-26T09:22:54","guid":{"rendered":"https:\/\/udruga-106br.hr\/?p=3035"},"modified":"2025-10-17T21:52:42","modified_gmt":"2025-10-17T19:52:42","slug":"25-4-2024-docek-6-od-ukupno-12-visenamjenskih-borbenih-aviona-rafale","status":"publish","type":"post","link":"https:\/\/udruga-106br.hr\/index.php\/25-4-2024-docek-6-od-ukupno-12-visenamjenskih-borbenih-aviona-rafale\/","title":{"rendered":"25.4.2024. &#8211; do\u010dek 6 od ukupno 12 vi\u0161enamjenskih borbenih aviona Rafale"},"content":{"rendered":"\n<p>U vojarni &#8220;Pukovnik Marko \u017divkovi\u0107&#8221; u Velikoj Gorici, dana 25. travnja 2024. godine, odr\u017ean je sve\u010dani do\u010dek prvih \u0161est od ukupno 12 vi\u0161enamjenskih borbenih aviona Rafale, koji \u0107e biti integrirani u operativne snage 191. eskadrile lova\u010dkih aviona unutar 91. krila Hrvatskog ratnog zrakoplovstva.<\/p>\n\n\n\n<p>Ovi avioni Rafale, od kojih su \u010detiri jednosjeda i dva dvosjeda, stigli su iz Republike Francuske, gdje je provedena obuka hrvatskih pilota i tehni\u010dkog osoblja, kao i pripreme za opremanje i primopredaju zrakoplova Republici Hrvatskoj. Hrvatski piloti upravljali su ovim avionima tijekom leta, demonstriraju\u0107i izvanrednu vje\u0161tinu i sposobnosti.<\/p>\n\n\n\n<p>Ova dostava aviona Rafale ozna\u010dava va\u017ean korak u ja\u010danju kapaciteta Hrvatskog ratnog zrakoplovstva i osiguravanju sigurnosti zra\u010dnog prostora Republike Hrvatske. Integracija ovih suvremenih borbenih platformi pru\u017ea zna\u010dajnu potporu nacionalnoj obrambenoj strategiji i sposobnosti odgovora na razli\u010dite sigurnosne izazove.<\/p>\n\n\n\n<p>\u010cuvajte na\u0161e hrvatsko nebo &#8211; don&#8217;t ever cry &#8211; My Croatian sky!<\/p>\n\n\n\n<div class=\"wp-block-file\"><a id=\"wp-block-file--media-da6cf7ed-9366-4523-8770-87635e493a28\" href=\"https:\/\/udruga-106br.hr\/wp-content\/uploads\/2024\/04\/0-02-05-1b08017e6a9e2e2f1a645779cbdbd17b41b8a5ef6681909251d89c857a4567a5_943fcba96d32ba95.mp4\">0-02-05-1b08017e6a9e2e2f1a645779cbdbd17b41b8a5ef6681909251d89c857a4567a5_943fcba96d32ba95<\/a><a href=\"https:\/\/udruga-106br.hr\/wp-content\/uploads\/2024\/04\/0-02-05-1b08017e6a9e2e2f1a645779cbdbd17b41b8a5ef6681909251d89c857a4567a5_943fcba96d32ba95.mp4\" class=\"wp-block-file__button\" download aria-describedby=\"wp-block-file--media-da6cf7ed-9366-4523-8770-87635e493a28\">Preuzmi<\/a><\/div>\n\n\n\n<div class=\"wp-block-file\"><a id=\"wp-block-file--media-8e2c1988-7365-489e-a9e8-0b36eefc3688\" href=\"https:\/\/udruga-106br.hr\/wp-content\/uploads\/2024\/04\/0-02-05-799d7e217b4631eaa067ba625ccb5eddc39fb519a7459b63ea2a29b343f180be_ce969073990b282e.mp4\">0-02-05-799d7e217b4631eaa067ba625ccb5eddc39fb519a7459b63ea2a29b343f180be_ce969073990b282e<\/a><a href=\"https:\/\/udruga-106br.hr\/wp-content\/uploads\/2024\/04\/0-02-05-799d7e217b4631eaa067ba625ccb5eddc39fb519a7459b63ea2a29b343f180be_ce969073990b282e.mp4\" class=\"wp-block-file__button\" download aria-describedby=\"wp-block-file--media-8e2c1988-7365-489e-a9e8-0b36eefc3688\">Preuzmi<\/a><\/div>\n\n\n\n<div class=\"wp-block-file\"><a id=\"wp-block-file--media-933ae783-229c-4d6b-b001-0dd9d1659f0b\" href=\"https:\/\/udruga-106br.hr\/wp-content\/uploads\/2024\/04\/0-02-05-2b1145a0086dfbd38d657ca7f8485f4ef4de87a8e7abc5bb5bbcdbc0635970a1_12ea0565480bc9de.mp4\">0-02-05-2b1145a0086dfbd38d657ca7f8485f4ef4de87a8e7abc5bb5bbcdbc0635970a1_12ea0565480bc9de<\/a><a href=\"https:\/\/udruga-106br.hr\/wp-content\/uploads\/2024\/04\/0-02-05-2b1145a0086dfbd38d657ca7f8485f4ef4de87a8e7abc5bb5bbcdbc0635970a1_12ea0565480bc9de.mp4\" class=\"wp-block-file__button\" download aria-describedby=\"wp-block-file--media-933ae783-229c-4d6b-b001-0dd9d1659f0b\">Preuzmi<\/a><\/div>\n<!-- AddThis Advanced Settings generic via filter on the_content --><!-- AddThis Share Buttons generic via filter on the_content -->","protected":false},"excerpt":{"rendered":"<p>U vojarni &#8220;Pukovnik Marko \u017divkovi\u0107&#8221; u Velikoj Gorici, dana 25. travnja 2024. godine, odr\u017ean je sve\u010dani do\u010dek prvih \u0161est od ukupno 12 vi\u0161enamjenskih borbenih aviona Rafale, koji \u0107e biti integrirani u operativne snage 191. eskadrile lova\u010dkih aviona unutar 91. krila Hrvatskog ratnog zrakoplovstva. Ovi avioni Rafale, od kojih su \u010detiri jednosjeda i dva dvosjeda, stigli &hellip; <a href=\"https:\/\/udruga-106br.hr\/index.php\/25-4-2024-docek-6-od-ukupno-12-visenamjenskih-borbenih-aviona-rafale\/\" class=\"more-link\">Nastavi \u010ditati <span class=\"screen-reader-text\">25.4.2024. &#8211; do\u010dek 6 od ukupno 12 vi\u0161enamjenskih borbenih aviona Rafale<\/span><\/a><!-- AddThis Advanced Settings generic via filter on get_the_excerpt --><!-- AddThis Share Buttons generic via filter on get_the_excerpt --><\/p>\n","protected":false},"author":1,"featured_media":0,"comment_status":"closed","ping_status":"closed","sticky":false,"template":"","format":"standard","meta":{"footnotes":""},"categories":[32],"tags":[],"class_list":["post-3035","post","type-post","status-publish","format-standard","hentry","category-iz-zivota-udruge"],"_links":{"self":[{"href":"https:\/\/udruga-106br.hr\/index.php\/wp-json\/wp\/v2\/posts\/3035","targetHints":{"allow":["GET"]}}],"collection":[{"href":"https:\/\/udruga-106br.hr\/index.php\/wp-json\/wp\/v2\/posts"}],"about":[{"href":"https:\/\/udruga-106br.hr\/index.php\/wp-json\/wp\/v2\/types\/post"}],"author":[{"embeddable":true,"href":"https:\/\/udruga-106br.hr\/index.php\/wp-json\/wp\/v2\/users\/1"}],"replies":[{"embeddable":true,"href":"https:\/\/udruga-106br.hr\/index.php\/wp-json\/wp\/v2\/comments?post=3035"}],"version-history":[{"count":1,"href":"https:\/\/udruga-106br.hr\/index.php\/wp-json\/wp\/v2\/posts\/3035\/revisions"}],"predecessor-version":[{"id":3039,"href":"https:\/\/udruga-106br.hr\/index.php\/wp-json\/wp\/v2\/posts\/3035\/revisions\/3039"}],"wp:attachment":[{"href":"https:\/\/udruga-106br.hr\/index.php\/wp-json\/wp\/v2\/media?parent=3035"}],"wp:term":[{"taxonomy":"category","embeddable":true,"href":"https:\/\/udruga-106br.hr\/index.php\/wp-json\/wp\/v2\/categories?post=3035"},{"taxonomy":"post_tag","embeddable":true,"href":"https:\/\/udruga-106br.hr\/index.php\/wp-json\/wp\/v2\/tags?post=3035"}],"curies":[{"name":"wp","href":"https:\/\/api.w.org\/{rel}","templated":true}]}}