{"id":3070,"date":"2024-05-13T09:00:44","date_gmt":"2024-05-13T07:00:44","guid":{"rendered":"https:\/\/udruga-106br.hr\/?p=3070"},"modified":"2025-10-17T21:52:42","modified_gmt":"2025-10-17T19:52:42","slug":"9-5-2024-spasovo-josipovac-i-retfala-osijek","status":"publish","type":"post","link":"https:\/\/udruga-106br.hr\/index.php\/9-5-2024-spasovo-josipovac-i-retfala-osijek\/","title":{"rendered":"9.5.2024. Spasovo &#8211; Josipovac i Retfala, Osijek"},"content":{"rendered":"\n<p>U okviru slavljenja Spasova obnovljeni kri\u017e u Josipovcu s ponosom je blagoslovljen, simboliziraju\u0107i na\u0161u trajnu povezanost s tradicijom i duhovno\u0161\u0107u, \u010demu su nazo\u010dili predstavnici Udruge, branitelji Josipovca, \u010diji je neizmjerni doprinos na\u0161oj zajednici beskona\u010dno cijenjen. Njihova prisutnost u\u010dinila je ovaj trenutak jo\u0161 zna\u010dajnijim i dubljim.<\/p>\n\n\n\n<figure class=\"wp-block-gallery has-nested-images columns-default is-cropped wp-block-gallery-1 is-layout-flex wp-block-gallery-is-layout-flex\">\n<figure class=\"wp-block-image size-large\"><img loading=\"lazy\" decoding=\"async\" width=\"768\" height=\"1024\" data-id=\"3072\" src=\"https:\/\/udruga-106br.hr\/wp-content\/uploads\/2024\/05\/viber_slika_2024-05-10_22-31-14-197-768x1024.jpg\" alt=\"\" class=\"wp-image-3072\" srcset=\"https:\/\/udruga-106br.hr\/wp-content\/uploads\/2024\/05\/viber_slika_2024-05-10_22-31-14-197-768x1024.jpg 768w, https:\/\/udruga-106br.hr\/wp-content\/uploads\/2024\/05\/viber_slika_2024-05-10_22-31-14-197-225x300.jpg 225w, https:\/\/udruga-106br.hr\/wp-content\/uploads\/2024\/05\/viber_slika_2024-05-10_22-31-14-197-1152x1536.jpg 1152w, https:\/\/udruga-106br.hr\/wp-content\/uploads\/2024\/05\/viber_slika_2024-05-10_22-31-14-197.jpg 1200w\" sizes=\"auto, (max-width: 768px) 100vw, 768px\" \/><\/figure>\n\n\n\n<figure class=\"wp-block-image size-large\"><img loading=\"lazy\" decoding=\"async\" width=\"768\" height=\"1024\" data-id=\"3073\" src=\"https:\/\/udruga-106br.hr\/wp-content\/uploads\/2024\/05\/viber_slika_2024-05-10_22-31-14-299-768x1024.jpg\" alt=\"\" class=\"wp-image-3073\" srcset=\"https:\/\/udruga-106br.hr\/wp-content\/uploads\/2024\/05\/viber_slika_2024-05-10_22-31-14-299-768x1024.jpg 768w, https:\/\/udruga-106br.hr\/wp-content\/uploads\/2024\/05\/viber_slika_2024-05-10_22-31-14-299-225x300.jpg 225w, https:\/\/udruga-106br.hr\/wp-content\/uploads\/2024\/05\/viber_slika_2024-05-10_22-31-14-299-1152x1536.jpg 1152w, https:\/\/udruga-106br.hr\/wp-content\/uploads\/2024\/05\/viber_slika_2024-05-10_22-31-14-299.jpg 1200w\" sizes=\"auto, (max-width: 768px) 100vw, 768px\" \/><\/figure>\n<\/figure>\n\n\n\n<figure class=\"wp-block-image size-large\"><img loading=\"lazy\" decoding=\"async\" width=\"1024\" height=\"768\" src=\"https:\/\/udruga-106br.hr\/wp-content\/uploads\/2024\/05\/viber_slika_2024-05-10_22-31-14-121-1-1024x768.jpg\" alt=\"\" class=\"wp-image-3074\" srcset=\"https:\/\/udruga-106br.hr\/wp-content\/uploads\/2024\/05\/viber_slika_2024-05-10_22-31-14-121-1-1024x768.jpg 1024w, https:\/\/udruga-106br.hr\/wp-content\/uploads\/2024\/05\/viber_slika_2024-05-10_22-31-14-121-1-300x225.jpg 300w, https:\/\/udruga-106br.hr\/wp-content\/uploads\/2024\/05\/viber_slika_2024-05-10_22-31-14-121-1-768x576.jpg 768w, https:\/\/udruga-106br.hr\/wp-content\/uploads\/2024\/05\/viber_slika_2024-05-10_22-31-14-121-1-1536x1152.jpg 1536w, https:\/\/udruga-106br.hr\/wp-content\/uploads\/2024\/05\/viber_slika_2024-05-10_22-31-14-121-1.jpg 1600w\" sizes=\"auto, (max-width: 1024px) 100vw, 1024px\" \/><\/figure>\n\n\n\n<p><\/p>\n\n\n\n<p>Udruga Nepkor s ponosom je sudjelovala u obilje\u017eavanju Spasova u Osijeku, u Retfali, potvr\u0111uju\u0107i na\u0161u predanost zajednici i tradiciji.<\/p>\n\n\n\n<figure class=\"wp-block-gallery has-nested-images columns-default is-cropped wp-block-gallery-2 is-layout-flex wp-block-gallery-is-layout-flex\">\n<figure class=\"wp-block-image size-large\"><img loading=\"lazy\" decoding=\"async\" width=\"1024\" height=\"771\" data-id=\"3075\" src=\"https:\/\/udruga-106br.hr\/wp-content\/uploads\/2024\/05\/viber_slika_2024-05-10_22-35-37-069-1024x771.jpg\" alt=\"\" class=\"wp-image-3075\" srcset=\"https:\/\/udruga-106br.hr\/wp-content\/uploads\/2024\/05\/viber_slika_2024-05-10_22-35-37-069-1024x771.jpg 1024w, https:\/\/udruga-106br.hr\/wp-content\/uploads\/2024\/05\/viber_slika_2024-05-10_22-35-37-069-300x226.jpg 300w, https:\/\/udruga-106br.hr\/wp-content\/uploads\/2024\/05\/viber_slika_2024-05-10_22-35-37-069-768x578.jpg 768w, https:\/\/udruga-106br.hr\/wp-content\/uploads\/2024\/05\/viber_slika_2024-05-10_22-35-37-069-1536x1157.jpg 1536w, https:\/\/udruga-106br.hr\/wp-content\/uploads\/2024\/05\/viber_slika_2024-05-10_22-35-37-069.jpg 1600w\" sizes=\"auto, (max-width: 1024px) 100vw, 1024px\" \/><\/figure>\n\n\n\n<figure class=\"wp-block-image size-large\"><img loading=\"lazy\" decoding=\"async\" width=\"1024\" height=\"771\" data-id=\"3076\" src=\"https:\/\/udruga-106br.hr\/wp-content\/uploads\/2024\/05\/viber_slika_2024-05-10_22-35-37-129-1024x771.jpg\" alt=\"\" class=\"wp-image-3076\" srcset=\"https:\/\/udruga-106br.hr\/wp-content\/uploads\/2024\/05\/viber_slika_2024-05-10_22-35-37-129-1024x771.jpg 1024w, https:\/\/udruga-106br.hr\/wp-content\/uploads\/2024\/05\/viber_slika_2024-05-10_22-35-37-129-300x226.jpg 300w, https:\/\/udruga-106br.hr\/wp-content\/uploads\/2024\/05\/viber_slika_2024-05-10_22-35-37-129-768x578.jpg 768w, https:\/\/udruga-106br.hr\/wp-content\/uploads\/2024\/05\/viber_slika_2024-05-10_22-35-37-129-1536x1157.jpg 1536w, https:\/\/udruga-106br.hr\/wp-content\/uploads\/2024\/05\/viber_slika_2024-05-10_22-35-37-129.jpg 1600w\" sizes=\"auto, (max-width: 1024px) 100vw, 1024px\" \/><\/figure>\n\n\n\n<figure class=\"wp-block-image size-large\"><img loading=\"lazy\" decoding=\"async\" width=\"1024\" height=\"771\" data-id=\"3077\" src=\"https:\/\/udruga-106br.hr\/wp-content\/uploads\/2024\/05\/viber_slika_2024-05-10_22-35-37-238-1024x771.jpg\" alt=\"\" class=\"wp-image-3077\" srcset=\"https:\/\/udruga-106br.hr\/wp-content\/uploads\/2024\/05\/viber_slika_2024-05-10_22-35-37-238-1024x771.jpg 1024w, https:\/\/udruga-106br.hr\/wp-content\/uploads\/2024\/05\/viber_slika_2024-05-10_22-35-37-238-300x226.jpg 300w, https:\/\/udruga-106br.hr\/wp-content\/uploads\/2024\/05\/viber_slika_2024-05-10_22-35-37-238-768x578.jpg 768w, https:\/\/udruga-106br.hr\/wp-content\/uploads\/2024\/05\/viber_slika_2024-05-10_22-35-37-238-1536x1157.jpg 1536w, https:\/\/udruga-106br.hr\/wp-content\/uploads\/2024\/05\/viber_slika_2024-05-10_22-35-37-238.jpg 1600w\" sizes=\"auto, (max-width: 1024px) 100vw, 1024px\" \/><\/figure>\n<\/figure>\n\n\n\n<p>Nastavljamo s entuzijazmom i ljubavlju prema na\u0161em kraju, uvijek s ciljem o\u010duvanja vrijednosti koje nas \u010dine jedinstvenima.<\/p>\n\n\n\n<p class=\"has-text-align-center\">Neka blagoslov Spasova donese obilje mira, ljubavi i prosperiteta u na\u0161e domove i srca!<\/p>\n<!-- AddThis Advanced Settings generic via filter on the_content --><!-- AddThis Share Buttons generic via filter on the_content -->","protected":false},"excerpt":{"rendered":"<p>U okviru slavljenja Spasova obnovljeni kri\u017e u Josipovcu s ponosom je blagoslovljen, simboliziraju\u0107i na\u0161u trajnu povezanost s tradicijom i duhovno\u0161\u0107u, \u010demu su nazo\u010dili predstavnici Udruge, branitelji Josipovca, \u010diji je neizmjerni doprinos na\u0161oj zajednici beskona\u010dno cijenjen. Njihova prisutnost u\u010dinila je ovaj trenutak jo\u0161 zna\u010dajnijim i dubljim. Udruga Nepkor s ponosom je sudjelovala u obilje\u017eavanju Spasova u &hellip; <a href=\"https:\/\/udruga-106br.hr\/index.php\/9-5-2024-spasovo-josipovac-i-retfala-osijek\/\" class=\"more-link\">Nastavi \u010ditati <span class=\"screen-reader-text\">9.5.2024. Spasovo &#8211; Josipovac i Retfala, Osijek<\/span><\/a><!-- AddThis Advanced Settings generic via filter on get_the_excerpt --><!-- AddThis Share Buttons generic via filter on get_the_excerpt --><\/p>\n","protected":false},"author":1,"featured_media":0,"comment_status":"closed","ping_status":"closed","sticky":false,"template":"","format":"standard","meta":{"footnotes":""},"categories":[32],"tags":[],"class_list":["post-3070","post","type-post","status-publish","format-standard","hentry","category-iz-zivota-udruge"],"_links":{"self":[{"href":"https:\/\/udruga-106br.hr\/index.php\/wp-json\/wp\/v2\/posts\/3070","targetHints":{"allow":["GET"]}}],"collection":[{"href":"https:\/\/udruga-106br.hr\/index.php\/wp-json\/wp\/v2\/posts"}],"about":[{"href":"https:\/\/udruga-106br.hr\/index.php\/wp-json\/wp\/v2\/types\/post"}],"author":[{"embeddable":true,"href":"https:\/\/udruga-106br.hr\/index.php\/wp-json\/wp\/v2\/users\/1"}],"replies":[{"embeddable":true,"href":"https:\/\/udruga-106br.hr\/index.php\/wp-json\/wp\/v2\/comments?post=3070"}],"version-history":[{"count":1,"href":"https:\/\/udruga-106br.hr\/index.php\/wp-json\/wp\/v2\/posts\/3070\/revisions"}],"predecessor-version":[{"id":3078,"href":"https:\/\/udruga-106br.hr\/index.php\/wp-json\/wp\/v2\/posts\/3070\/revisions\/3078"}],"wp:attachment":[{"href":"https:\/\/udruga-106br.hr\/index.php\/wp-json\/wp\/v2\/media?parent=3070"}],"wp:term":[{"taxonomy":"category","embeddable":true,"href":"https:\/\/udruga-106br.hr\/index.php\/wp-json\/wp\/v2\/categories?post=3070"},{"taxonomy":"post_tag","embeddable":true,"href":"https:\/\/udruga-106br.hr\/index.php\/wp-json\/wp\/v2\/tags?post=3070"}],"curies":[{"name":"wp","href":"https:\/\/api.w.org\/{rel}","templated":true}]}}