{"id":3098,"date":"2024-05-13T12:33:57","date_gmt":"2024-05-13T10:33:57","guid":{"rendered":"https:\/\/udruga-106br.hr\/?p=3098"},"modified":"2025-10-17T21:52:42","modified_gmt":"2025-10-17T19:52:42","slug":"poziv-za-svecano-o-obiljezavanje-32-obljetnice-106-brigade-hvo-orasje","status":"publish","type":"post","link":"https:\/\/udruga-106br.hr\/index.php\/poziv-za-svecano-o-obiljezavanje-32-obljetnice-106-brigade-hvo-orasje\/","title":{"rendered":"Poziv za sve\u010dano o obilje\u017eavanje 32. obljetnice 106. brigade HVO Ora\u0161je!"},"content":{"rendered":"\n<p>Dragi prijatelji, veterani, i pratitelji,<\/p>\n\n\n\n<p>Sa zadovoljstvom vas obavje\u0161tavamo kako smo pozvani na sve\u010dano obilje\u017eavanje 32. obljetnice 106. brigade HVO Ora\u0161je!<\/p>\n\n\n\n<p> Datum: 15.5.2024.<br> Vrijeme: 10.00 h<br> Lokacija: Ora\u0161je, BIH<\/p>\n\n\n\n<p>Pridru\u017eite nam se kako bismo zajedno odali po\u010dast ovim hrabrim borcima, prisjetili se njihovih juna\u010dkih podviga i proslavili zajedni\u0161tvo koje nas \u010dini sna\u017enima. O\u010dekuje vas bogat program koji uklju\u010duje sve\u010danu ceremoniju, kulturne sadr\u017eaje i dru\u017eenje uz odli\u010dnu gastronomsku ponudu.<\/p>\n\n\n\n<div data-wp-interactive=\"core\/file\" class=\"wp-block-file\"><object data-wp-bind--hidden=\"!state.hasPdfPreview\" hidden class=\"wp-block-file__embed\" data=\"https:\/\/udruga-106br.hr\/wp-content\/uploads\/2024\/05\/pozivnica-za-32.obljetnicu-106.brigade.pdf\" type=\"application\/pdf\" style=\"width:100%;height:600px\" aria-label=\"Ugra\u0111eno Ugra\u0111eno pozivnica-za-32.obljetnicu-106.brigade..\"><\/object><a id=\"wp-block-file--media-8f228f19-6713-4136-8de0-e4dcb3aadb49\" href=\"https:\/\/udruga-106br.hr\/wp-content\/uploads\/2024\/05\/pozivnica-za-32.obljetnicu-106.brigade.pdf\">pozivnica-za-32.obljetnicu-106.brigade<\/a><a href=\"https:\/\/udruga-106br.hr\/wp-content\/uploads\/2024\/05\/pozivnica-za-32.obljetnicu-106.brigade.pdf\" class=\"wp-block-file__button\" download aria-describedby=\"wp-block-file--media-8f228f19-6713-4136-8de0-e4dcb3aadb49\">Preuzmi<\/a><\/div>\n<!-- AddThis Advanced Settings generic via filter on the_content --><!-- AddThis Share Buttons generic via filter on the_content -->","protected":false},"excerpt":{"rendered":"<p>Dragi prijatelji, veterani, i pratitelji, Sa zadovoljstvom vas obavje\u0161tavamo kako smo pozvani na sve\u010dano obilje\u017eavanje 32. obljetnice 106. brigade HVO Ora\u0161je! Datum: 15.5.2024. Vrijeme: 10.00 h Lokacija: Ora\u0161je, BIH Pridru\u017eite nam se kako bismo zajedno odali po\u010dast ovim hrabrim borcima, prisjetili se njihovih juna\u010dkih podviga i proslavili zajedni\u0161tvo koje nas \u010dini sna\u017enima. O\u010dekuje vas bogat &hellip; <a href=\"https:\/\/udruga-106br.hr\/index.php\/poziv-za-svecano-o-obiljezavanje-32-obljetnice-106-brigade-hvo-orasje\/\" class=\"more-link\">Nastavi \u010ditati <span class=\"screen-reader-text\">Poziv za sve\u010dano o obilje\u017eavanje 32. obljetnice 106. brigade HVO Ora\u0161je!<\/span><\/a><!-- AddThis Advanced Settings generic via filter on get_the_excerpt --><!-- AddThis Share Buttons generic via filter on get_the_excerpt --><\/p>\n","protected":false},"author":1,"featured_media":0,"comment_status":"closed","ping_status":"closed","sticky":false,"template":"","format":"standard","meta":{"footnotes":""},"categories":[32],"tags":[],"class_list":["post-3098","post","type-post","status-publish","format-standard","hentry","category-iz-zivota-udruge"],"_links":{"self":[{"href":"https:\/\/udruga-106br.hr\/index.php\/wp-json\/wp\/v2\/posts\/3098","targetHints":{"allow":["GET"]}}],"collection":[{"href":"https:\/\/udruga-106br.hr\/index.php\/wp-json\/wp\/v2\/posts"}],"about":[{"href":"https:\/\/udruga-106br.hr\/index.php\/wp-json\/wp\/v2\/types\/post"}],"author":[{"embeddable":true,"href":"https:\/\/udruga-106br.hr\/index.php\/wp-json\/wp\/v2\/users\/1"}],"replies":[{"embeddable":true,"href":"https:\/\/udruga-106br.hr\/index.php\/wp-json\/wp\/v2\/comments?post=3098"}],"version-history":[{"count":1,"href":"https:\/\/udruga-106br.hr\/index.php\/wp-json\/wp\/v2\/posts\/3098\/revisions"}],"predecessor-version":[{"id":3100,"href":"https:\/\/udruga-106br.hr\/index.php\/wp-json\/wp\/v2\/posts\/3098\/revisions\/3100"}],"wp:attachment":[{"href":"https:\/\/udruga-106br.hr\/index.php\/wp-json\/wp\/v2\/media?parent=3098"}],"wp:term":[{"taxonomy":"category","embeddable":true,"href":"https:\/\/udruga-106br.hr\/index.php\/wp-json\/wp\/v2\/categories?post=3098"},{"taxonomy":"post_tag","embeddable":true,"href":"https:\/\/udruga-106br.hr\/index.php\/wp-json\/wp\/v2\/tags?post=3098"}],"curies":[{"name":"wp","href":"https:\/\/api.w.org\/{rel}","templated":true}]}}