{"id":3101,"date":"2024-05-16T12:33:35","date_gmt":"2024-05-16T10:33:35","guid":{"rendered":"https:\/\/udruga-106br.hr\/?p=3101"},"modified":"2025-10-17T21:52:42","modified_gmt":"2025-10-17T19:52:42","slug":"obiljezena-32-obljetnica-osnutka-106-brigade-hvo-orasje","status":"publish","type":"post","link":"https:\/\/udruga-106br.hr\/index.php\/obiljezena-32-obljetnica-osnutka-106-brigade-hvo-orasje\/","title":{"rendered":"Obilje\u017eena 32. obljetnica osnutka 106. brigade HVO Ora\u0161je"},"content":{"rendered":"\n<p>Dostojanstveno obilje\u017eena 32. obljetnica osnutka 106. brigade HVO Ora\u0161je!<br>Pod motom &#8220;Zajedno u ratu, zajedno u miru&#8221;, ju\u010der smo se s ponosom prisjetili herojskih \u010dinova i \u017ertava koje su obilje\u017eile povijest ove iznimne brigade.<\/p>\n\n\n\n<p>Predstavnici Udruge veterana 106. brigade Osijek su pozvani od strane udruga koje su organizirale niz sadr\u017eaja u \u010dast obljetnice, me\u0111u kojima su bile \u010detiri ora\u0161ke udruge proistekle iz Domovinskog rata \u2013 obitelji poginulih i nestalih branitelja, dragovoljaca i veterana, hrvatskih ratnih i vojnih invalida te nositelja ratnih odli\u010dja. U sklopu ovog emotivnog susreta, posjetili smo i spomen sobu u Ora\u0161ju, odaju\u0107i po\u010dast onima \u010dije su \u017ertve u\u010dinile na\u0161u slobodu mogu\u0107om.<\/p>\n\n\n\n<figure class=\"wp-block-gallery has-nested-images columns-default is-cropped wp-block-gallery-1 is-layout-flex wp-block-gallery-is-layout-flex\">\n<figure class=\"wp-block-image size-large\"><img loading=\"lazy\" decoding=\"async\" width=\"1024\" height=\"768\" data-id=\"3102\" src=\"https:\/\/udruga-106br.hr\/wp-content\/uploads\/2024\/05\/viber_slika_2024-05-16_11-20-19-378-1024x768.jpg\" alt=\"\" class=\"wp-image-3102\" srcset=\"https:\/\/udruga-106br.hr\/wp-content\/uploads\/2024\/05\/viber_slika_2024-05-16_11-20-19-378-1024x768.jpg 1024w, https:\/\/udruga-106br.hr\/wp-content\/uploads\/2024\/05\/viber_slika_2024-05-16_11-20-19-378-300x225.jpg 300w, https:\/\/udruga-106br.hr\/wp-content\/uploads\/2024\/05\/viber_slika_2024-05-16_11-20-19-378-768x576.jpg 768w, https:\/\/udruga-106br.hr\/wp-content\/uploads\/2024\/05\/viber_slika_2024-05-16_11-20-19-378-1536x1152.jpg 1536w, https:\/\/udruga-106br.hr\/wp-content\/uploads\/2024\/05\/viber_slika_2024-05-16_11-20-19-378.jpg 1600w\" sizes=\"auto, (max-width: 1024px) 100vw, 1024px\" \/><\/figure>\n\n\n\n<figure class=\"wp-block-image size-large\"><img loading=\"lazy\" decoding=\"async\" width=\"1024\" height=\"768\" data-id=\"3103\" src=\"https:\/\/udruga-106br.hr\/wp-content\/uploads\/2024\/05\/viber_slika_2024-05-16_11-20-19-386-1024x768.jpg\" alt=\"\" class=\"wp-image-3103\" srcset=\"https:\/\/udruga-106br.hr\/wp-content\/uploads\/2024\/05\/viber_slika_2024-05-16_11-20-19-386-1024x768.jpg 1024w, https:\/\/udruga-106br.hr\/wp-content\/uploads\/2024\/05\/viber_slika_2024-05-16_11-20-19-386-300x225.jpg 300w, https:\/\/udruga-106br.hr\/wp-content\/uploads\/2024\/05\/viber_slika_2024-05-16_11-20-19-386-768x576.jpg 768w, https:\/\/udruga-106br.hr\/wp-content\/uploads\/2024\/05\/viber_slika_2024-05-16_11-20-19-386-1536x1152.jpg 1536w, https:\/\/udruga-106br.hr\/wp-content\/uploads\/2024\/05\/viber_slika_2024-05-16_11-20-19-386.jpg 1600w\" sizes=\"auto, (max-width: 1024px) 100vw, 1024px\" \/><\/figure>\n\n\n\n<figure class=\"wp-block-image size-large\"><img loading=\"lazy\" decoding=\"async\" width=\"1024\" height=\"768\" data-id=\"3104\" src=\"https:\/\/udruga-106br.hr\/wp-content\/uploads\/2024\/05\/viber_slika_2024-05-16_11-20-19-394-1024x768.jpg\" alt=\"\" class=\"wp-image-3104\" srcset=\"https:\/\/udruga-106br.hr\/wp-content\/uploads\/2024\/05\/viber_slika_2024-05-16_11-20-19-394-1024x768.jpg 1024w, https:\/\/udruga-106br.hr\/wp-content\/uploads\/2024\/05\/viber_slika_2024-05-16_11-20-19-394-300x225.jpg 300w, https:\/\/udruga-106br.hr\/wp-content\/uploads\/2024\/05\/viber_slika_2024-05-16_11-20-19-394-768x576.jpg 768w, https:\/\/udruga-106br.hr\/wp-content\/uploads\/2024\/05\/viber_slika_2024-05-16_11-20-19-394-1536x1152.jpg 1536w, https:\/\/udruga-106br.hr\/wp-content\/uploads\/2024\/05\/viber_slika_2024-05-16_11-20-19-394.jpg 1600w\" sizes=\"auto, (max-width: 1024px) 100vw, 1024px\" \/><\/figure>\n\n\n\n<figure class=\"wp-block-image size-large\"><img loading=\"lazy\" decoding=\"async\" width=\"768\" height=\"1024\" data-id=\"3106\" src=\"https:\/\/udruga-106br.hr\/wp-content\/uploads\/2024\/05\/viber_slika_2024-05-16_11-20-19-401-768x1024.jpg\" alt=\"\" class=\"wp-image-3106\" srcset=\"https:\/\/udruga-106br.hr\/wp-content\/uploads\/2024\/05\/viber_slika_2024-05-16_11-20-19-401-768x1024.jpg 768w, https:\/\/udruga-106br.hr\/wp-content\/uploads\/2024\/05\/viber_slika_2024-05-16_11-20-19-401-225x300.jpg 225w, https:\/\/udruga-106br.hr\/wp-content\/uploads\/2024\/05\/viber_slika_2024-05-16_11-20-19-401-1152x1536.jpg 1152w, https:\/\/udruga-106br.hr\/wp-content\/uploads\/2024\/05\/viber_slika_2024-05-16_11-20-19-401.jpg 1200w\" sizes=\"auto, (max-width: 768px) 100vw, 768px\" \/><\/figure>\n\n\n\n<figure class=\"wp-block-image size-large\"><img loading=\"lazy\" decoding=\"async\" width=\"768\" height=\"1024\" data-id=\"3105\" src=\"https:\/\/udruga-106br.hr\/wp-content\/uploads\/2024\/05\/viber_slika_2024-05-16_11-20-19-418-768x1024.jpg\" alt=\"\" class=\"wp-image-3105\" srcset=\"https:\/\/udruga-106br.hr\/wp-content\/uploads\/2024\/05\/viber_slika_2024-05-16_11-20-19-418-768x1024.jpg 768w, https:\/\/udruga-106br.hr\/wp-content\/uploads\/2024\/05\/viber_slika_2024-05-16_11-20-19-418-225x300.jpg 225w, https:\/\/udruga-106br.hr\/wp-content\/uploads\/2024\/05\/viber_slika_2024-05-16_11-20-19-418-1152x1536.jpg 1152w, https:\/\/udruga-106br.hr\/wp-content\/uploads\/2024\/05\/viber_slika_2024-05-16_11-20-19-418.jpg 1200w\" sizes=\"auto, (max-width: 768px) 100vw, 768px\" \/><\/figure>\n<\/figure>\n\n\n\n<p>Sukladno protokolu obilje\u017eavanja, sudjelovali smo u sve\u010danom polaganju vijenaca i paljenju svije\u0107a na spomen obilje\u017eju u &#8220;POLJU&#8221; Vidovice, posve\u0107enom poginulim braniteljima iz RH. U 11h smo se okupili na Svetoj Misi u \u017eupi bl. Alojzija Stepinca u Ora\u0161ju. Nakon mise, u 12 h smo odali po\u010dast kod Centralnog Spomen obilje\u017eja, a u 12:30 h smo se pridru\u017eili sve\u010danoj akademiji u KC Ivo Gregurevi\u0107 i zajedno obilje\u017eili ovaj va\u017ean dan, nakon \u010dega smo prisustvovali sve\u010danom domjenku u \u0160RC AQUA Centar bazeni.<\/p>\n\n\n\n<figure class=\"wp-block-gallery has-nested-images columns-default is-cropped wp-block-gallery-2 is-layout-flex wp-block-gallery-is-layout-flex\">\n<figure class=\"wp-block-image size-large\"><img loading=\"lazy\" decoding=\"async\" width=\"768\" height=\"1024\" data-id=\"3109\" src=\"https:\/\/udruga-106br.hr\/wp-content\/uploads\/2024\/05\/viber_slika_2024-05-16_11-20-19-573-768x1024.jpg\" alt=\"\" class=\"wp-image-3109\" srcset=\"https:\/\/udruga-106br.hr\/wp-content\/uploads\/2024\/05\/viber_slika_2024-05-16_11-20-19-573-768x1024.jpg 768w, https:\/\/udruga-106br.hr\/wp-content\/uploads\/2024\/05\/viber_slika_2024-05-16_11-20-19-573-225x300.jpg 225w, https:\/\/udruga-106br.hr\/wp-content\/uploads\/2024\/05\/viber_slika_2024-05-16_11-20-19-573-1152x1536.jpg 1152w, https:\/\/udruga-106br.hr\/wp-content\/uploads\/2024\/05\/viber_slika_2024-05-16_11-20-19-573.jpg 1200w\" sizes=\"auto, (max-width: 768px) 100vw, 768px\" \/><\/figure>\n\n\n\n<figure class=\"wp-block-image size-large\"><img loading=\"lazy\" decoding=\"async\" width=\"1024\" height=\"768\" data-id=\"3110\" src=\"https:\/\/udruga-106br.hr\/wp-content\/uploads\/2024\/05\/viber_slika_2024-05-16_11-20-19-846-1024x768.jpg\" alt=\"\" class=\"wp-image-3110\" srcset=\"https:\/\/udruga-106br.hr\/wp-content\/uploads\/2024\/05\/viber_slika_2024-05-16_11-20-19-846-1024x768.jpg 1024w, https:\/\/udruga-106br.hr\/wp-content\/uploads\/2024\/05\/viber_slika_2024-05-16_11-20-19-846-300x225.jpg 300w, https:\/\/udruga-106br.hr\/wp-content\/uploads\/2024\/05\/viber_slika_2024-05-16_11-20-19-846-768x576.jpg 768w, https:\/\/udruga-106br.hr\/wp-content\/uploads\/2024\/05\/viber_slika_2024-05-16_11-20-19-846-1536x1152.jpg 1536w, https:\/\/udruga-106br.hr\/wp-content\/uploads\/2024\/05\/viber_slika_2024-05-16_11-20-19-846.jpg 1600w\" sizes=\"auto, (max-width: 1024px) 100vw, 1024px\" \/><\/figure>\n\n\n\n<figure class=\"wp-block-image size-large\"><img loading=\"lazy\" decoding=\"async\" width=\"1024\" height=\"892\" data-id=\"3108\" src=\"https:\/\/udruga-106br.hr\/wp-content\/uploads\/2024\/05\/viber_slika_2024-05-16_11-20-19-852-1024x892.jpg\" alt=\"\" class=\"wp-image-3108\" srcset=\"https:\/\/udruga-106br.hr\/wp-content\/uploads\/2024\/05\/viber_slika_2024-05-16_11-20-19-852-1024x892.jpg 1024w, https:\/\/udruga-106br.hr\/wp-content\/uploads\/2024\/05\/viber_slika_2024-05-16_11-20-19-852-300x261.jpg 300w, https:\/\/udruga-106br.hr\/wp-content\/uploads\/2024\/05\/viber_slika_2024-05-16_11-20-19-852-768x669.jpg 768w, https:\/\/udruga-106br.hr\/wp-content\/uploads\/2024\/05\/viber_slika_2024-05-16_11-20-19-852-1536x1337.jpg 1536w, https:\/\/udruga-106br.hr\/wp-content\/uploads\/2024\/05\/viber_slika_2024-05-16_11-20-19-852.jpg 1600w\" sizes=\"auto, (max-width: 1024px) 100vw, 1024px\" \/><\/figure>\n\n\n\n<figure class=\"wp-block-image size-large\"><img loading=\"lazy\" decoding=\"async\" width=\"1024\" height=\"975\" data-id=\"3107\" src=\"https:\/\/udruga-106br.hr\/wp-content\/uploads\/2024\/05\/viber_slika_2024-05-16_11-20-22-653-1024x975.jpg\" alt=\"\" class=\"wp-image-3107\" srcset=\"https:\/\/udruga-106br.hr\/wp-content\/uploads\/2024\/05\/viber_slika_2024-05-16_11-20-22-653-1024x975.jpg 1024w, https:\/\/udruga-106br.hr\/wp-content\/uploads\/2024\/05\/viber_slika_2024-05-16_11-20-22-653-300x286.jpg 300w, https:\/\/udruga-106br.hr\/wp-content\/uploads\/2024\/05\/viber_slika_2024-05-16_11-20-22-653-768x731.jpg 768w, https:\/\/udruga-106br.hr\/wp-content\/uploads\/2024\/05\/viber_slika_2024-05-16_11-20-22-653-1536x1462.jpg 1536w, https:\/\/udruga-106br.hr\/wp-content\/uploads\/2024\/05\/viber_slika_2024-05-16_11-20-22-653.jpg 1600w\" sizes=\"auto, (max-width: 1024px) 100vw, 1024px\" \/><\/figure>\n\n\n\n<figure class=\"wp-block-image size-large\"><img loading=\"lazy\" decoding=\"async\" width=\"1024\" height=\"768\" data-id=\"3112\" src=\"https:\/\/udruga-106br.hr\/wp-content\/uploads\/2024\/05\/viber_slika_2024-05-16_11-20-22-660-1024x768.jpg\" alt=\"\" class=\"wp-image-3112\" srcset=\"https:\/\/udruga-106br.hr\/wp-content\/uploads\/2024\/05\/viber_slika_2024-05-16_11-20-22-660-1024x768.jpg 1024w, https:\/\/udruga-106br.hr\/wp-content\/uploads\/2024\/05\/viber_slika_2024-05-16_11-20-22-660-300x225.jpg 300w, https:\/\/udruga-106br.hr\/wp-content\/uploads\/2024\/05\/viber_slika_2024-05-16_11-20-22-660-768x576.jpg 768w, https:\/\/udruga-106br.hr\/wp-content\/uploads\/2024\/05\/viber_slika_2024-05-16_11-20-22-660-1536x1152.jpg 1536w, https:\/\/udruga-106br.hr\/wp-content\/uploads\/2024\/05\/viber_slika_2024-05-16_11-20-22-660.jpg 1600w\" sizes=\"auto, (max-width: 1024px) 100vw, 1024px\" \/><\/figure>\n\n\n\n<figure class=\"wp-block-image size-large\"><img loading=\"lazy\" decoding=\"async\" width=\"1024\" height=\"768\" data-id=\"3111\" src=\"https:\/\/udruga-106br.hr\/wp-content\/uploads\/2024\/05\/viber_slika_2024-05-16_11-20-22-670-1024x768.jpg\" alt=\"\" class=\"wp-image-3111\" srcset=\"https:\/\/udruga-106br.hr\/wp-content\/uploads\/2024\/05\/viber_slika_2024-05-16_11-20-22-670-1024x768.jpg 1024w, https:\/\/udruga-106br.hr\/wp-content\/uploads\/2024\/05\/viber_slika_2024-05-16_11-20-22-670-300x225.jpg 300w, https:\/\/udruga-106br.hr\/wp-content\/uploads\/2024\/05\/viber_slika_2024-05-16_11-20-22-670-768x576.jpg 768w, https:\/\/udruga-106br.hr\/wp-content\/uploads\/2024\/05\/viber_slika_2024-05-16_11-20-22-670-1536x1152.jpg 1536w, https:\/\/udruga-106br.hr\/wp-content\/uploads\/2024\/05\/viber_slika_2024-05-16_11-20-22-670.jpg 1600w\" sizes=\"auto, (max-width: 1024px) 100vw, 1024px\" \/><\/figure>\n\n\n\n<figure class=\"wp-block-image size-large\"><img loading=\"lazy\" decoding=\"async\" width=\"1024\" height=\"768\" data-id=\"3113\" src=\"https:\/\/udruga-106br.hr\/wp-content\/uploads\/2024\/05\/viber_slika_2024-05-16_11-20-22-677-1024x768.jpg\" alt=\"\" class=\"wp-image-3113\" srcset=\"https:\/\/udruga-106br.hr\/wp-content\/uploads\/2024\/05\/viber_slika_2024-05-16_11-20-22-677-1024x768.jpg 1024w, https:\/\/udruga-106br.hr\/wp-content\/uploads\/2024\/05\/viber_slika_2024-05-16_11-20-22-677-300x225.jpg 300w, https:\/\/udruga-106br.hr\/wp-content\/uploads\/2024\/05\/viber_slika_2024-05-16_11-20-22-677-768x576.jpg 768w, https:\/\/udruga-106br.hr\/wp-content\/uploads\/2024\/05\/viber_slika_2024-05-16_11-20-22-677-1536x1152.jpg 1536w, https:\/\/udruga-106br.hr\/wp-content\/uploads\/2024\/05\/viber_slika_2024-05-16_11-20-22-677.jpg 1600w\" sizes=\"auto, (max-width: 1024px) 100vw, 1024px\" \/><\/figure>\n\n\n\n<figure class=\"wp-block-image size-large\"><img loading=\"lazy\" decoding=\"async\" width=\"1024\" height=\"768\" data-id=\"3115\" src=\"https:\/\/udruga-106br.hr\/wp-content\/uploads\/2024\/05\/viber_slika_2024-05-16_11-20-22-683-1024x768.jpg\" alt=\"\" class=\"wp-image-3115\" srcset=\"https:\/\/udruga-106br.hr\/wp-content\/uploads\/2024\/05\/viber_slika_2024-05-16_11-20-22-683-1024x768.jpg 1024w, https:\/\/udruga-106br.hr\/wp-content\/uploads\/2024\/05\/viber_slika_2024-05-16_11-20-22-683-300x225.jpg 300w, https:\/\/udruga-106br.hr\/wp-content\/uploads\/2024\/05\/viber_slika_2024-05-16_11-20-22-683-768x576.jpg 768w, https:\/\/udruga-106br.hr\/wp-content\/uploads\/2024\/05\/viber_slika_2024-05-16_11-20-22-683-1536x1152.jpg 1536w, https:\/\/udruga-106br.hr\/wp-content\/uploads\/2024\/05\/viber_slika_2024-05-16_11-20-22-683.jpg 1600w\" sizes=\"auto, (max-width: 1024px) 100vw, 1024px\" \/><\/figure>\n\n\n\n<figure class=\"wp-block-image size-large\"><img loading=\"lazy\" decoding=\"async\" width=\"768\" height=\"1024\" data-id=\"3114\" src=\"https:\/\/udruga-106br.hr\/wp-content\/uploads\/2024\/05\/viber_slika_2024-05-16_11-20-22-711-768x1024.jpg\" alt=\"\" class=\"wp-image-3114\" srcset=\"https:\/\/udruga-106br.hr\/wp-content\/uploads\/2024\/05\/viber_slika_2024-05-16_11-20-22-711-768x1024.jpg 768w, https:\/\/udruga-106br.hr\/wp-content\/uploads\/2024\/05\/viber_slika_2024-05-16_11-20-22-711-225x300.jpg 225w, https:\/\/udruga-106br.hr\/wp-content\/uploads\/2024\/05\/viber_slika_2024-05-16_11-20-22-711-1152x1536.jpg 1152w, https:\/\/udruga-106br.hr\/wp-content\/uploads\/2024\/05\/viber_slika_2024-05-16_11-20-22-711.jpg 1200w\" sizes=\"auto, (max-width: 768px) 100vw, 768px\" \/><\/figure>\n\n\n\n<figure class=\"wp-block-image size-large\"><img loading=\"lazy\" decoding=\"async\" width=\"768\" height=\"1024\" data-id=\"3116\" src=\"https:\/\/udruga-106br.hr\/wp-content\/uploads\/2024\/05\/viber_slika_2024-05-16_11-20-22-765-768x1024.jpg\" alt=\"\" class=\"wp-image-3116\" srcset=\"https:\/\/udruga-106br.hr\/wp-content\/uploads\/2024\/05\/viber_slika_2024-05-16_11-20-22-765-768x1024.jpg 768w, https:\/\/udruga-106br.hr\/wp-content\/uploads\/2024\/05\/viber_slika_2024-05-16_11-20-22-765-225x300.jpg 225w, https:\/\/udruga-106br.hr\/wp-content\/uploads\/2024\/05\/viber_slika_2024-05-16_11-20-22-765-1152x1536.jpg 1152w, https:\/\/udruga-106br.hr\/wp-content\/uploads\/2024\/05\/viber_slika_2024-05-16_11-20-22-765.jpg 1200w\" sizes=\"auto, (max-width: 768px) 100vw, 768px\" \/><\/figure>\n\n\n\n<figure class=\"wp-block-image size-large\"><img loading=\"lazy\" decoding=\"async\" width=\"768\" height=\"1024\" data-id=\"3119\" src=\"https:\/\/udruga-106br.hr\/wp-content\/uploads\/2024\/05\/viber_slika_2024-05-16_11-20-22-771-768x1024.jpg\" alt=\"\" class=\"wp-image-3119\" srcset=\"https:\/\/udruga-106br.hr\/wp-content\/uploads\/2024\/05\/viber_slika_2024-05-16_11-20-22-771-768x1024.jpg 768w, https:\/\/udruga-106br.hr\/wp-content\/uploads\/2024\/05\/viber_slika_2024-05-16_11-20-22-771-225x300.jpg 225w, https:\/\/udruga-106br.hr\/wp-content\/uploads\/2024\/05\/viber_slika_2024-05-16_11-20-22-771-1152x1536.jpg 1152w, https:\/\/udruga-106br.hr\/wp-content\/uploads\/2024\/05\/viber_slika_2024-05-16_11-20-22-771.jpg 1200w\" sizes=\"auto, (max-width: 768px) 100vw, 768px\" \/><\/figure>\n\n\n\n<figure class=\"wp-block-image size-large\"><img loading=\"lazy\" decoding=\"async\" width=\"1024\" height=\"768\" data-id=\"3117\" src=\"https:\/\/udruga-106br.hr\/wp-content\/uploads\/2024\/05\/viber_slika_2024-05-16_11-20-22-776-1024x768.jpg\" alt=\"\" class=\"wp-image-3117\" srcset=\"https:\/\/udruga-106br.hr\/wp-content\/uploads\/2024\/05\/viber_slika_2024-05-16_11-20-22-776-1024x768.jpg 1024w, https:\/\/udruga-106br.hr\/wp-content\/uploads\/2024\/05\/viber_slika_2024-05-16_11-20-22-776-300x225.jpg 300w, https:\/\/udruga-106br.hr\/wp-content\/uploads\/2024\/05\/viber_slika_2024-05-16_11-20-22-776-768x576.jpg 768w, https:\/\/udruga-106br.hr\/wp-content\/uploads\/2024\/05\/viber_slika_2024-05-16_11-20-22-776-1536x1152.jpg 1536w, https:\/\/udruga-106br.hr\/wp-content\/uploads\/2024\/05\/viber_slika_2024-05-16_11-20-22-776.jpg 1600w\" sizes=\"auto, (max-width: 1024px) 100vw, 1024px\" \/><\/figure>\n\n\n\n<figure class=\"wp-block-image size-large\"><img loading=\"lazy\" decoding=\"async\" width=\"1024\" height=\"768\" data-id=\"3118\" src=\"https:\/\/udruga-106br.hr\/wp-content\/uploads\/2024\/05\/viber_slika_2024-05-16_11-20-23-788-1024x768.jpg\" alt=\"\" class=\"wp-image-3118\" srcset=\"https:\/\/udruga-106br.hr\/wp-content\/uploads\/2024\/05\/viber_slika_2024-05-16_11-20-23-788-1024x768.jpg 1024w, https:\/\/udruga-106br.hr\/wp-content\/uploads\/2024\/05\/viber_slika_2024-05-16_11-20-23-788-300x225.jpg 300w, https:\/\/udruga-106br.hr\/wp-content\/uploads\/2024\/05\/viber_slika_2024-05-16_11-20-23-788-768x576.jpg 768w, https:\/\/udruga-106br.hr\/wp-content\/uploads\/2024\/05\/viber_slika_2024-05-16_11-20-23-788-1536x1152.jpg 1536w, https:\/\/udruga-106br.hr\/wp-content\/uploads\/2024\/05\/viber_slika_2024-05-16_11-20-23-788.jpg 1600w\" sizes=\"auto, (max-width: 1024px) 100vw, 1024px\" \/><\/figure>\n<\/figure>\n\n\n\n<p>Iz legendarne herojske 106. HVO brigade Ora\u0161je, \u010diji su pripadnici hrabro branili svoje domove i donosili nam dana\u0161nju slobodu, 271 je \u017eivot polo\u017eeno, a oko 1200 hrabrih boraca je ranjeno. Njihova hrabrost i \u017ertva \u017eivjet \u0107e vje\u010dno.<\/p>\n<!-- AddThis Advanced Settings generic via filter on the_content --><!-- AddThis Share Buttons generic via filter on the_content -->","protected":false},"excerpt":{"rendered":"<p>Dostojanstveno obilje\u017eena 32. obljetnica osnutka 106. brigade HVO Ora\u0161je!Pod motom &#8220;Zajedno u ratu, zajedno u miru&#8221;, ju\u010der smo se s ponosom prisjetili herojskih \u010dinova i \u017ertava koje su obilje\u017eile povijest ove iznimne brigade. Predstavnici Udruge veterana 106. brigade Osijek su pozvani od strane udruga koje su organizirale niz sadr\u017eaja u \u010dast obljetnice, me\u0111u kojima su &hellip; <a href=\"https:\/\/udruga-106br.hr\/index.php\/obiljezena-32-obljetnica-osnutka-106-brigade-hvo-orasje\/\" class=\"more-link\">Nastavi \u010ditati <span class=\"screen-reader-text\">Obilje\u017eena 32. obljetnica osnutka 106. brigade HVO Ora\u0161je<\/span><\/a><!-- AddThis Advanced Settings generic via filter on get_the_excerpt --><!-- AddThis Share Buttons generic via filter on get_the_excerpt --><\/p>\n","protected":false},"author":1,"featured_media":0,"comment_status":"closed","ping_status":"closed","sticky":false,"template":"","format":"standard","meta":{"footnotes":""},"categories":[32],"tags":[],"class_list":["post-3101","post","type-post","status-publish","format-standard","hentry","category-iz-zivota-udruge"],"_links":{"self":[{"href":"https:\/\/udruga-106br.hr\/index.php\/wp-json\/wp\/v2\/posts\/3101","targetHints":{"allow":["GET"]}}],"collection":[{"href":"https:\/\/udruga-106br.hr\/index.php\/wp-json\/wp\/v2\/posts"}],"about":[{"href":"https:\/\/udruga-106br.hr\/index.php\/wp-json\/wp\/v2\/types\/post"}],"author":[{"embeddable":true,"href":"https:\/\/udruga-106br.hr\/index.php\/wp-json\/wp\/v2\/users\/1"}],"replies":[{"embeddable":true,"href":"https:\/\/udruga-106br.hr\/index.php\/wp-json\/wp\/v2\/comments?post=3101"}],"version-history":[{"count":1,"href":"https:\/\/udruga-106br.hr\/index.php\/wp-json\/wp\/v2\/posts\/3101\/revisions"}],"predecessor-version":[{"id":3120,"href":"https:\/\/udruga-106br.hr\/index.php\/wp-json\/wp\/v2\/posts\/3101\/revisions\/3120"}],"wp:attachment":[{"href":"https:\/\/udruga-106br.hr\/index.php\/wp-json\/wp\/v2\/media?parent=3101"}],"wp:term":[{"taxonomy":"category","embeddable":true,"href":"https:\/\/udruga-106br.hr\/index.php\/wp-json\/wp\/v2\/categories?post=3101"},{"taxonomy":"post_tag","embeddable":true,"href":"https:\/\/udruga-106br.hr\/index.php\/wp-json\/wp\/v2\/tags?post=3101"}],"curies":[{"name":"wp","href":"https:\/\/api.w.org\/{rel}","templated":true}]}}