{"id":3144,"date":"2024-05-24T11:06:53","date_gmt":"2024-05-24T09:06:53","guid":{"rendered":"https:\/\/udruga-106br.hr\/?p=3144"},"modified":"2025-10-17T19:22:36","modified_gmt":"2025-10-17T17:22:36","slug":"poziv-na-obiljezavanje-dana-gradske-cetvrti-jug-ii-30-5-2024-do-2-6-2024","status":"publish","type":"post","link":"https:\/\/udruga-106br.hr\/index.php\/poziv-na-obiljezavanje-dana-gradske-cetvrti-jug-ii-30-5-2024-do-2-6-2024\/","title":{"rendered":"Poziv na obilje\u017eavanje Dana Gradske \u010detvrti Jug II &#8211; 30.5.2024. do 2.6.2024."},"content":{"rendered":"\n<p>Pozivamo vas na obilje\u017eavanje Dana Gradske \u010detvrti Jug II, na organizirane aktivnosti u periodu od 30.5.2024. do 2.6.2024.!<\/p>\n\n\n\n<p>Posebno isti\u010demo Sajam branitelja 106. brigade, gdje \u0107e na\u0161i branitelji i drugi izlaga\u010di prezentirati svoje proizvode i rukotvorine. Ovo je jedinstvena prilika da podr\u017eimo na\u0161e i doma\u0107e te odamo priznanje za doprinos.<\/p>\n\n\n\n<p>  Datum: 31.5.2024., od 9h<br>  Lokacija: Trg Jug II<\/p>\n\n\n\n<p>Povedite obitelj i prijatelje, u\u017eivajte u bogatom programu i zabavi za sve uzraste!<\/p>\n\n\n\n<p>Ne propustite ovaj poseban doga\u0111aj! Vidimo se!<\/p>\n\n\n\n<figure class=\"wp-block-image size-large\"><img loading=\"lazy\" decoding=\"async\" width=\"697\" height=\"1024\" src=\"https:\/\/udruga-106br.hr\/wp-content\/uploads\/2024\/05\/viber_slika_2024-05-24_08-04-38-514-697x1024.jpg\" alt=\"\" class=\"wp-image-3145\" srcset=\"https:\/\/udruga-106br.hr\/wp-content\/uploads\/2024\/05\/viber_slika_2024-05-24_08-04-38-514-697x1024.jpg 697w, https:\/\/udruga-106br.hr\/wp-content\/uploads\/2024\/05\/viber_slika_2024-05-24_08-04-38-514-204x300.jpg 204w, https:\/\/udruga-106br.hr\/wp-content\/uploads\/2024\/05\/viber_slika_2024-05-24_08-04-38-514-768x1128.jpg 768w, https:\/\/udruga-106br.hr\/wp-content\/uploads\/2024\/05\/viber_slika_2024-05-24_08-04-38-514-1045x1536.jpg 1045w, https:\/\/udruga-106br.hr\/wp-content\/uploads\/2024\/05\/viber_slika_2024-05-24_08-04-38-514.jpg 1089w\" sizes=\"auto, (max-width: 697px) 100vw, 697px\" \/><\/figure>\n<!-- AddThis Advanced Settings generic via filter on the_content --><!-- AddThis Share Buttons generic via filter on the_content -->","protected":false},"excerpt":{"rendered":"<p>Pozivamo vas na obilje\u017eavanje Dana Gradske \u010detvrti Jug II, na organizirane aktivnosti u periodu od 30.5.2024. do 2.6.2024.! Posebno isti\u010demo Sajam branitelja 106. brigade, gdje \u0107e na\u0161i branitelji i drugi izlaga\u010di prezentirati svoje proizvode i rukotvorine. Ovo je jedinstvena prilika da podr\u017eimo na\u0161e i doma\u0107e te odamo priznanje za doprinos. Datum: 31.5.2024., od 9h Lokacija: &hellip; <a href=\"https:\/\/udruga-106br.hr\/index.php\/poziv-na-obiljezavanje-dana-gradske-cetvrti-jug-ii-30-5-2024-do-2-6-2024\/\" class=\"more-link\">Nastavi \u010ditati <span class=\"screen-reader-text\">Poziv na obilje\u017eavanje Dana Gradske \u010detvrti Jug II &#8211; 30.5.2024. do 2.6.2024.<\/span><\/a><!-- AddThis Advanced Settings generic via filter on get_the_excerpt --><!-- AddThis Share Buttons generic via filter on get_the_excerpt --><\/p>\n","protected":false},"author":1,"featured_media":0,"comment_status":"closed","ping_status":"closed","sticky":false,"template":"","format":"standard","meta":{"footnotes":""},"categories":[32],"tags":[],"class_list":["post-3144","post","type-post","status-publish","format-standard","hentry","category-iz-zivota-udruge"],"_links":{"self":[{"href":"https:\/\/udruga-106br.hr\/index.php\/wp-json\/wp\/v2\/posts\/3144","targetHints":{"allow":["GET"]}}],"collection":[{"href":"https:\/\/udruga-106br.hr\/index.php\/wp-json\/wp\/v2\/posts"}],"about":[{"href":"https:\/\/udruga-106br.hr\/index.php\/wp-json\/wp\/v2\/types\/post"}],"author":[{"embeddable":true,"href":"https:\/\/udruga-106br.hr\/index.php\/wp-json\/wp\/v2\/users\/1"}],"replies":[{"embeddable":true,"href":"https:\/\/udruga-106br.hr\/index.php\/wp-json\/wp\/v2\/comments?post=3144"}],"version-history":[{"count":1,"href":"https:\/\/udruga-106br.hr\/index.php\/wp-json\/wp\/v2\/posts\/3144\/revisions"}],"predecessor-version":[{"id":3146,"href":"https:\/\/udruga-106br.hr\/index.php\/wp-json\/wp\/v2\/posts\/3144\/revisions\/3146"}],"wp:attachment":[{"href":"https:\/\/udruga-106br.hr\/index.php\/wp-json\/wp\/v2\/media?parent=3144"}],"wp:term":[{"taxonomy":"category","embeddable":true,"href":"https:\/\/udruga-106br.hr\/index.php\/wp-json\/wp\/v2\/categories?post=3144"},{"taxonomy":"post_tag","embeddable":true,"href":"https:\/\/udruga-106br.hr\/index.php\/wp-json\/wp\/v2\/tags?post=3144"}],"curies":[{"name":"wp","href":"https:\/\/api.w.org\/{rel}","templated":true}]}}