{"id":3154,"date":"2024-05-28T08:17:08","date_gmt":"2024-05-28T06:17:08","guid":{"rendered":"https:\/\/udruga-106br.hr\/?p=3154"},"modified":"2025-10-17T19:22:36","modified_gmt":"2025-10-17T17:22:36","slug":"novi-poplocen-put-prema-kapeli-majke-bozje-kraljice-mira","status":"publish","type":"post","link":"https:\/\/udruga-106br.hr\/index.php\/novi-poplocen-put-prema-kapeli-majke-bozje-kraljice-mira\/","title":{"rendered":"Novi poplo\u010den put prema Kapeli Majke Bo\u017eje Kraljice Mira"},"content":{"rendered":"\n<p>Dragi prijatelji i pratitelji,<br>s rado\u0161\u0107u vas obavje\u0161tavamo da se nakon rekonstrukcije kapelice zavr\u0161ilo i poplo\u010denje puta prema Kapeli Majke Bo\u017eje Kraljice Mira.<\/p>\n\n\n\n<p>Podsje\u0107amo, Kapela je izgra\u0111ena 1995. godine u spomen na stradalnike Domovinskog rata, te kao zavjetna kapela za skori povratak prognanog stanovni\u0161tva u Baranju. Podignuta je na ostatcima srednjeg bastiona tvr\u0111avskog Kronenwerka. U oblikovanju kapele nagla\u0161ena je simbolika stradanja, vjere i nade u skori zavr\u0161etak rata. Simbolika kri\u017ea usvojena je tijekom rata i kao univerzalni znak stradanja Hrvata. Na sredi\u0161njem, najistaknutijem mjestu kapelice postavljen je veliki kri\u017e kao znak vjere, pripadnosti, zajedni\u0161tva i \u017ertve.<\/p>\n\n\n\n<p>Hvala svima koji su doprinijeli obnovi i omogu\u0107ili da ovaj put do kapele bude dostojanstven i ure\u0111en. Pozivamo sve da posjete ovo sveto mjesto, sje\u0107aju\u0107i se svih onih koji su \u017ertvovali svoje \u017eivote za na\u0161u slobodu.<\/p>\n\n\n\n<figure class=\"wp-block-gallery has-nested-images columns-default is-cropped wp-block-gallery-1 is-layout-flex wp-block-gallery-is-layout-flex\">\n<figure class=\"wp-block-image size-large\"><img loading=\"lazy\" decoding=\"async\" width=\"768\" height=\"1024\" data-id=\"3155\" src=\"https:\/\/udruga-106br.hr\/wp-content\/uploads\/2024\/05\/viber_slika_2024-05-27_09-35-41-728-768x1024.jpg\" alt=\"\" class=\"wp-image-3155\" srcset=\"https:\/\/udruga-106br.hr\/wp-content\/uploads\/2024\/05\/viber_slika_2024-05-27_09-35-41-728-768x1024.jpg 768w, https:\/\/udruga-106br.hr\/wp-content\/uploads\/2024\/05\/viber_slika_2024-05-27_09-35-41-728-225x300.jpg 225w, https:\/\/udruga-106br.hr\/wp-content\/uploads\/2024\/05\/viber_slika_2024-05-27_09-35-41-728-1152x1536.jpg 1152w, https:\/\/udruga-106br.hr\/wp-content\/uploads\/2024\/05\/viber_slika_2024-05-27_09-35-41-728.jpg 1200w\" sizes=\"auto, (max-width: 768px) 100vw, 768px\" \/><\/figure>\n\n\n\n<figure class=\"wp-block-image size-large\"><img loading=\"lazy\" decoding=\"async\" width=\"766\" height=\"1024\" data-id=\"3156\" src=\"https:\/\/udruga-106br.hr\/wp-content\/uploads\/2024\/05\/viber_slika_2024-05-27_09-35-55-506-766x1024.jpg\" alt=\"\" class=\"wp-image-3156\" srcset=\"https:\/\/udruga-106br.hr\/wp-content\/uploads\/2024\/05\/viber_slika_2024-05-27_09-35-55-506-766x1024.jpg 766w, https:\/\/udruga-106br.hr\/wp-content\/uploads\/2024\/05\/viber_slika_2024-05-27_09-35-55-506-224x300.jpg 224w, https:\/\/udruga-106br.hr\/wp-content\/uploads\/2024\/05\/viber_slika_2024-05-27_09-35-55-506-768x1027.jpg 768w, https:\/\/udruga-106br.hr\/wp-content\/uploads\/2024\/05\/viber_slika_2024-05-27_09-35-55-506-1149x1536.jpg 1149w, https:\/\/udruga-106br.hr\/wp-content\/uploads\/2024\/05\/viber_slika_2024-05-27_09-35-55-506.jpg 1197w\" sizes=\"auto, (max-width: 766px) 100vw, 766px\" \/><\/figure>\n<\/figure>\n<!-- AddThis Advanced Settings generic via filter on the_content --><!-- AddThis Share Buttons generic via filter on the_content -->","protected":false},"excerpt":{"rendered":"<p>Dragi prijatelji i pratitelji,s rado\u0161\u0107u vas obavje\u0161tavamo da se nakon rekonstrukcije kapelice zavr\u0161ilo i poplo\u010denje puta prema Kapeli Majke Bo\u017eje Kraljice Mira. Podsje\u0107amo, Kapela je izgra\u0111ena 1995. godine u spomen na stradalnike Domovinskog rata, te kao zavjetna kapela za skori povratak prognanog stanovni\u0161tva u Baranju. Podignuta je na ostatcima srednjeg bastiona tvr\u0111avskog Kronenwerka. U oblikovanju &hellip; <a href=\"https:\/\/udruga-106br.hr\/index.php\/novi-poplocen-put-prema-kapeli-majke-bozje-kraljice-mira\/\" class=\"more-link\">Nastavi \u010ditati <span class=\"screen-reader-text\">Novi poplo\u010den put prema Kapeli Majke Bo\u017eje Kraljice Mira<\/span><\/a><!-- AddThis Advanced Settings generic via filter on get_the_excerpt --><!-- AddThis Share Buttons generic via filter on get_the_excerpt --><\/p>\n","protected":false},"author":1,"featured_media":0,"comment_status":"closed","ping_status":"closed","sticky":false,"template":"","format":"standard","meta":{"footnotes":""},"categories":[32],"tags":[],"class_list":["post-3154","post","type-post","status-publish","format-standard","hentry","category-iz-zivota-udruge"],"_links":{"self":[{"href":"https:\/\/udruga-106br.hr\/index.php\/wp-json\/wp\/v2\/posts\/3154","targetHints":{"allow":["GET"]}}],"collection":[{"href":"https:\/\/udruga-106br.hr\/index.php\/wp-json\/wp\/v2\/posts"}],"about":[{"href":"https:\/\/udruga-106br.hr\/index.php\/wp-json\/wp\/v2\/types\/post"}],"author":[{"embeddable":true,"href":"https:\/\/udruga-106br.hr\/index.php\/wp-json\/wp\/v2\/users\/1"}],"replies":[{"embeddable":true,"href":"https:\/\/udruga-106br.hr\/index.php\/wp-json\/wp\/v2\/comments?post=3154"}],"version-history":[{"count":1,"href":"https:\/\/udruga-106br.hr\/index.php\/wp-json\/wp\/v2\/posts\/3154\/revisions"}],"predecessor-version":[{"id":3157,"href":"https:\/\/udruga-106br.hr\/index.php\/wp-json\/wp\/v2\/posts\/3154\/revisions\/3157"}],"wp:attachment":[{"href":"https:\/\/udruga-106br.hr\/index.php\/wp-json\/wp\/v2\/media?parent=3154"}],"wp:term":[{"taxonomy":"category","embeddable":true,"href":"https:\/\/udruga-106br.hr\/index.php\/wp-json\/wp\/v2\/categories?post=3154"},{"taxonomy":"post_tag","embeddable":true,"href":"https:\/\/udruga-106br.hr\/index.php\/wp-json\/wp\/v2\/tags?post=3154"}],"curies":[{"name":"wp","href":"https:\/\/api.w.org\/{rel}","templated":true}]}}