{"id":3183,"date":"2024-05-30T12:27:34","date_gmt":"2024-05-30T10:27:34","guid":{"rendered":"https:\/\/udruga-106br.hr\/?p=3183"},"modified":"2025-10-17T19:22:36","modified_gmt":"2025-10-17T17:22:36","slug":"cestitka-za-dan-drzavnosti","status":"publish","type":"post","link":"https:\/\/udruga-106br.hr\/index.php\/cestitka-za-dan-drzavnosti\/","title":{"rendered":"\u010cESTITKA ZA DAN DR\u017dAVNOSTI"},"content":{"rendered":"\n<p>Po\u0161tovani branitelji, \u010dlanovi Udruge, dragi prijatelji i pratitelji,<\/p>\n\n\n\n<p>s ponosom i rado\u0161\u0107u vam \u010destitamo Dan dr\u017eavnosti Republike Hrvatske!<\/p>\n\n\n\n<p>Na ovaj dan, prisje\u0107amo se svih onih koji su dali svoj doprinos stvaranju i o\u010duvanju na\u0161e domovine. Ova prigoda nas podsje\u0107a na va\u017enost zajedni\u0161tva, slobode i suvereniteta koje smo stekli kroz povijest.<\/p>\n\n\n\n<p>Udruga je uvijek bila i ostat \u0107e posve\u0107ena promoviranju i za\u0161titi vrijednosti koje \u010dine temelj na\u0161e zajednice. Zajedno gradimo bolju budu\u0107nost za sve nas, u duhu solidarnosti, razumijevanja i zajedni\u010dkog napretka.<\/p>\n\n\n\n<p>Neka nam ovaj dan bude nadahnu\u0107e za daljnji rad i zalaganje za prosperitet na\u0161e domovine Hrvatske.<\/p>\n\n\n\n<p>Sretan vam Dan dr\u017eavnosti Republike Hrvatske!<\/p>\n\n\n\n<figure class=\"wp-block-image size-full\"><img loading=\"lazy\" decoding=\"async\" width=\"618\" height=\"616\" src=\"https:\/\/udruga-106br.hr\/wp-content\/uploads\/2024\/05\/Dan-drzavnosti-2024.png\" alt=\"\" class=\"wp-image-3184\" srcset=\"https:\/\/udruga-106br.hr\/wp-content\/uploads\/2024\/05\/Dan-drzavnosti-2024.png 618w, https:\/\/udruga-106br.hr\/wp-content\/uploads\/2024\/05\/Dan-drzavnosti-2024-300x300.png 300w, https:\/\/udruga-106br.hr\/wp-content\/uploads\/2024\/05\/Dan-drzavnosti-2024-150x150.png 150w\" sizes=\"auto, (max-width: 618px) 100vw, 618px\" \/><\/figure>\n<!-- AddThis Advanced Settings generic via filter on the_content --><!-- AddThis Share Buttons generic via filter on the_content -->","protected":false},"excerpt":{"rendered":"<p>Po\u0161tovani branitelji, \u010dlanovi Udruge, dragi prijatelji i pratitelji, s ponosom i rado\u0161\u0107u vam \u010destitamo Dan dr\u017eavnosti Republike Hrvatske! Na ovaj dan, prisje\u0107amo se svih onih koji su dali svoj doprinos stvaranju i o\u010duvanju na\u0161e domovine. Ova prigoda nas podsje\u0107a na va\u017enost zajedni\u0161tva, slobode i suvereniteta koje smo stekli kroz povijest. Udruga je uvijek bila i &hellip; <a href=\"https:\/\/udruga-106br.hr\/index.php\/cestitka-za-dan-drzavnosti\/\" class=\"more-link\">Nastavi \u010ditati <span class=\"screen-reader-text\">\u010cESTITKA ZA DAN DR\u017dAVNOSTI<\/span><\/a><!-- AddThis Advanced Settings generic via filter on get_the_excerpt --><!-- AddThis Share Buttons generic via filter on get_the_excerpt --><\/p>\n","protected":false},"author":1,"featured_media":0,"comment_status":"closed","ping_status":"closed","sticky":false,"template":"","format":"standard","meta":{"footnotes":""},"categories":[32],"tags":[],"class_list":["post-3183","post","type-post","status-publish","format-standard","hentry","category-iz-zivota-udruge"],"_links":{"self":[{"href":"https:\/\/udruga-106br.hr\/index.php\/wp-json\/wp\/v2\/posts\/3183","targetHints":{"allow":["GET"]}}],"collection":[{"href":"https:\/\/udruga-106br.hr\/index.php\/wp-json\/wp\/v2\/posts"}],"about":[{"href":"https:\/\/udruga-106br.hr\/index.php\/wp-json\/wp\/v2\/types\/post"}],"author":[{"embeddable":true,"href":"https:\/\/udruga-106br.hr\/index.php\/wp-json\/wp\/v2\/users\/1"}],"replies":[{"embeddable":true,"href":"https:\/\/udruga-106br.hr\/index.php\/wp-json\/wp\/v2\/comments?post=3183"}],"version-history":[{"count":1,"href":"https:\/\/udruga-106br.hr\/index.php\/wp-json\/wp\/v2\/posts\/3183\/revisions"}],"predecessor-version":[{"id":3185,"href":"https:\/\/udruga-106br.hr\/index.php\/wp-json\/wp\/v2\/posts\/3183\/revisions\/3185"}],"wp:attachment":[{"href":"https:\/\/udruga-106br.hr\/index.php\/wp-json\/wp\/v2\/media?parent=3183"}],"wp:term":[{"taxonomy":"category","embeddable":true,"href":"https:\/\/udruga-106br.hr\/index.php\/wp-json\/wp\/v2\/categories?post=3183"},{"taxonomy":"post_tag","embeddable":true,"href":"https:\/\/udruga-106br.hr\/index.php\/wp-json\/wp\/v2\/tags?post=3183"}],"curies":[{"name":"wp","href":"https:\/\/api.w.org\/{rel}","templated":true}]}}